{"id":9999,"date":"2023-10-21T21:17:21","date_gmt":"2023-10-21T21:17:21","guid":{"rendered":"https:\/\/revistakuvendi.org\/?p=9999"},"modified":"2023-10-21T21:17:21","modified_gmt":"2023-10-21T21:17:21","slug":"alfons-zeneli-antologjia-poetike-91-23","status":"publish","type":"post","link":"https:\/\/revistakuvendi.org\/?p=9999","title":{"rendered":"ALFONS ZENELI-Antologjia poetike 91-23"},"content":{"rendered":"\n<p><\/p>\n\n\n\n<figure class=\"wp-block-image size-full\"><a href=\"https:\/\/revistakuvendi.org\/wp-content\/uploads\/2023\/10\/alfons-Zeneli-kopertine.jpg\"><img loading=\"lazy\" decoding=\"async\" width=\"156\" height=\"167\" src=\"https:\/\/revistakuvendi.org\/wp-content\/uploads\/2023\/10\/alfons-Zeneli-kopertine.jpg\" alt=\"\" class=\"wp-image-10000\"\/><\/a><\/figure>\n\n\n<p><strong>S&#8217;KAM MUJT ME IK KURRKUND<\/strong><\/p>\n<p>Kam pas dal\u00eb \u00e7do mjes<br \/>me shkue dikund<br \/>sa ma larg.<br \/>Le t`bante ftoht\u00eb,<br \/>minus nji akullnaj\u00eb zemre <br \/>le t`ish temperatura. <br \/>Ose me dek\u00eb tuj i ik\u00eb vedit<br \/>deri nji frym\u00ebsi larg,<br \/>njiqind frym\u00ebsi<br \/>n\u00eb drejtim t&#8217; hapsinave pa aj\u00ebr. <br \/>Ose dhe krejt ktu af\u00ebr.<br \/>Sa me pi nji kafe,<br \/>sa me i ba mendimet tym<br \/>e me t&#8217;shkrujt <br \/>se si po m`myt\u00eb<br \/>drita e ftyr\u00ebs <br \/>dhe enigmave t\u00eb s&#8217;ardhmes.<br \/><br \/>S`kam mujt me ik\u00eb kurrkund.<br \/>Tash jam mesue k`tu.<br \/>Me klith\u00eb si kumona e kish\u00ebs fshatit. <br \/>Po l`shoj tingujt e nat\u00ebs.<br \/>T`nat\u00ebs kur kjan sonatat e papagezueme.<br \/>Tel i tendosun kam mbet\u00eb<br \/>mes nji guri<br \/>dhe nji reje&#8230;<br \/><br \/>&#8230;se tana rrug\u00ebt<br \/>po m`shkojkan p\u00ebrmas teje.<\/p>\n<p><br \/><br \/><strong>FUSTAN<\/strong><br \/><br \/>Kujtim konstant a qeshje e lag\u00ebsht<br \/>t\u00eb lakohem, t\u00eb ngjitem n\u00eb trup<br \/>kur fshihesh e ujshme n\u00ebn pasqyr\u00eb<br \/>me fustanin e kuq.<br \/><br \/>Shk\u00ebndij brenda vetes n\u00ebp\u00ebr net,<br \/>shuhem dit\u00ebve t\u00eb err\u00ebta, s`jam njeri<br \/>kur pik`llon mbi ikon\u00ebn e koh\u00ebs<br \/>me fustanin e zi.<br \/><br \/>Dhe rilind prej kujtimesh t\u00eb vegj\u00ebl,<br \/>q\u00eb t\u00eb b\u00ebhem pluhur, ylli q\u00eb u zhduk,<br \/>drith\u00ebrima jote mbi pasqyr\u00eb&#8230;.<br \/>me fustanin e kuq.<br \/><br \/>Pastaj ngrij s\u00ebrish, oh krejt statuj\u00eb<br \/>stalaktit n\u00eb fund t\u00eb shpell\u00ebs ngrij<br \/>kur si nata e pafundme m\u00eb pushton<br \/>me fustanin e zi.<br \/><br \/><br \/><strong>PERSHPIRT<\/strong><br \/><br \/>M\u00eb p\u00ebrvidhet trupi si hije nd\u00ebr shtigje<br \/>e ndahet prej meje ashtu pak nga pak.<br \/>Mendimet si pem\u00eb heshtojn\u00eb neper gjethe<br \/>mbushur plot me zem\u00ebr, moll\u00eb dhe m\u00ebkat.<br \/><br \/>Motmotesh t\u00eb kalt\u00ebr me krye n\u00eb duar<br \/>psher\u00ebtijm\u00eb himne prej zjarri, prej hiri.<br \/>Me kryqe si eshtra ngecur n\u00ebp\u00ebr dhimbje<br \/>un\u00eb edhe trupi &#8211; Ati dhe i Biri.<br \/><br \/><\/p>\n<p>&nbsp;<\/p>","protected":false},"excerpt":{"rendered":"<p>S&#8217;KAM MUJT ME IK KURRKUND Kam pas dal\u00eb \u00e7do mjesme shkue dikundsa ma larg.Le t`bante ftoht\u00eb,minus nji akullnaj\u00eb zemre le t`ish temperatura. Ose me dek\u00eb tuj i ik\u00eb veditderi nji frym\u00ebsi larg,njiqind frym\u00ebsin\u00eb drejtim t&#8217; hapsinave pa aj\u00ebr. Ose dhe krejt ktu af\u00ebr.Sa me pi nji kafe,sa me i ba mendimet tyme me t&#8217;shkrujt se&hellip;<\/p>\n","protected":false},"author":1,"featured_media":10000,"comment_status":"open","ping_status":"open","sticky":false,"template":"","format":"standard","meta":{"footnotes":""},"categories":[7],"tags":[],"class_list":["post-9999","post","type-post","status-publish","format-standard","has-post-thumbnail","hentry","category-poezi"],"_links":{"self":[{"href":"https:\/\/revistakuvendi.org\/index.php?rest_route=\/wp\/v2\/posts\/9999","targetHints":{"allow":["GET"]}}],"collection":[{"href":"https:\/\/revistakuvendi.org\/index.php?rest_route=\/wp\/v2\/posts"}],"about":[{"href":"https:\/\/revistakuvendi.org\/index.php?rest_route=\/wp\/v2\/types\/post"}],"author":[{"embeddable":true,"href":"https:\/\/revistakuvendi.org\/index.php?rest_route=\/wp\/v2\/users\/1"}],"replies":[{"embeddable":true,"href":"https:\/\/revistakuvendi.org\/index.php?rest_route=%2Fwp%2Fv2%2Fcomments&post=9999"}],"version-history":[{"count":1,"href":"https:\/\/revistakuvendi.org\/index.php?rest_route=\/wp\/v2\/posts\/9999\/revisions"}],"predecessor-version":[{"id":10001,"href":"https:\/\/revistakuvendi.org\/index.php?rest_route=\/wp\/v2\/posts\/9999\/revisions\/10001"}],"wp:featuredmedia":[{"embeddable":true,"href":"https:\/\/revistakuvendi.org\/index.php?rest_route=\/wp\/v2\/media\/10000"}],"wp:attachment":[{"href":"https:\/\/revistakuvendi.org\/index.php?rest_route=%2Fwp%2Fv2%2Fmedia&parent=9999"}],"wp:term":[{"taxonomy":"category","embeddable":true,"href":"https:\/\/revistakuvendi.org\/index.php?rest_route=%2Fwp%2Fv2%2Fcategories&post=9999"},{"taxonomy":"post_tag","embeddable":true,"href":"https:\/\/revistakuvendi.org\/index.php?rest_route=%2Fwp%2Fv2%2Ftags&post=9999"}],"curies":[{"name":"wp","href":"https:\/\/api.w.org\/{rel}","templated":true}]}}