{"id":9992,"date":"2023-09-29T12:49:36","date_gmt":"2023-09-29T12:49:36","guid":{"rendered":"https:\/\/revistakuvendi.org\/?p=9992"},"modified":"2023-09-29T12:49:36","modified_gmt":"2023-09-29T12:49:36","slug":"lamtumire-i-perndershmi-atarthur-liolinin","status":"publish","type":"post","link":"https:\/\/revistakuvendi.org\/?p=9992","title":{"rendered":"Lamtumir\u00eb i P\u00ebrndershmi At\u2019Arthur Liolinin!"},"content":{"rendered":"\n<p>Nga Raimonda Moisiu<\/p>\n\n\n\n<figure class=\"wp-block-image size-full\"><a href=\"https:\/\/revistakuvendi.org\/wp-content\/uploads\/2023\/09\/Artur-Liolin-kopertine.jpg\"><img loading=\"lazy\" decoding=\"async\" width=\"180\" height=\"130\" src=\"https:\/\/revistakuvendi.org\/wp-content\/uploads\/2023\/09\/Artur-Liolin-kopertine.jpg\" alt=\"\" class=\"wp-image-9993\"\/><\/a><\/figure>\n\n\n<p>Shuhet Shqiptari i Shquar i Amerik\u00ebs i P\u00ebrndershmi At\u2019 Arthur Liolini,\u00a0 kleriku dhe kancelari i shquar i Kish\u00ebs\u00a0Shqiptare\u00a0e Sh\u00ebn Gjergjit, -alias- Kisha e Fan Noli-t, Boston -nj\u00eb nga emrat dhe figurat\u00a0 m\u00eb t\u00eb\u00a0 shquara t\u00eb Diaspores shqiptare, atdhetarizmit e patriotizmit, kleriku q\u00eb mbajti gjall\u00eb tradit\u00ebn shpirt\u00ebrore, hyjonre,\u00a0 njer\u00ebzore dhe mikprit\u00ebse Noliane.<\/p>\n<p>Iku n\u00eb am\u00ebshim i P\u00ebrndershmin At\u2019Arthur Liolini, student i fundit i Poliadrikut dhe Eruditit, Fan S.Noli.<\/p>\n<p>Gjat\u00eb k\u00ebtyre dhjetra viteve n\u00eb Amerik\u00eb, jam takuar shpesh, me At\u2019Arthur Liolinin, kemi ndar\u00eb g\u00ebzime, hidh\u00ebrime, pag\u00ebzime, \u00a0kemi perjetuar nderimin e largimin nga jeta t\u00eb nj\u00eb sere figurash t\u00eb shquara te \u00e7\u00ebshtjes komb\u00ebtare, letrave shqipe, por edhe ne aktivitete t\u00eb ndryshme me taban komb\u00ebtar e historik. Origjina e At\u2019Arthur Liolin \u00ebsht\u00eb shqiptare, i lindur dhe i rritur n\u00eb Amerik\u00eb. Me At\u2019 Arthur Liolinin m\u00eb lidhte edhe origjina e t\u00eb par\u00ebve t\u00eb tij, q\u00eb jan\u00eb me origjin\u00eb nga Boboshtica e Korc\u00ebs, nga \u00ebsht\u00eb edhe origjina e f\u00ebmij\u00ebve\u00a0 t\u00eb mij,\u00a0 por edhe lidhje gjaku n\u00eb distance.<\/p>\n<p>I P\u00ebrndershmi At\u2019 Arthur Liolini, ishte nj\u00eb burr\u00eb i gjat\u00eb, i pash\u00ebm dhe fisnik, vecmas gjat\u00eb sh\u00ebrbesave kishtare\u00a0 me at\u00eb veshjen karakteristike t\u00eb kish\u00ebs, mb\u00ebshtjell\u00eb nga nj\u00eb mantel i verdh\u00eb rrez\u00ebllues, me z\u00ebrin e but\u00eb, t\u00eb ngroht\u00eb e t\u00eb p\u00ebrz\u00ebm\u00ebrt q\u00eb t\u00eb mrekullonte me shqipen e kulluar dhe me kultur\u00eb q\u00eb fliste, megjith\u00ebse \u00ebsht\u00eb brezi i tret\u00eb i lindur dhe rritur n\u00eb Amerik\u00eb.\u00a0 P\u00ebrgjat\u00eb gjith\u00eb jet\u00ebs s\u00eb tij, At\u2019Arthur Liolini me forc\u00ebn e kujtes\u00ebs, e vizionit, e mendjes dhe t\u00eb pen\u00ebs shkroi\u00a0 nj\u00eb sere materialesh studimore, shkencore, hyjnore dhe historike, dhe n\u00ebp\u00ebrmjet aktiviteteve\u00a0n\u00eb dedikim t\u00eb vlerave komb\u00ebtare e historike, sikurse kishte b\u00ebr\u00eb pararend\u00ebsi i tij,\u00a0 Noli i Madh. Nd\u00ebr materialet studimore, shkencore, historike dhe t\u00eb shenjt\u00ebris\u00eb, At Arthur Liolin vleresohet dhe cmohet p\u00ebr ruajtjen dhe katalogimin e\u00a0 Arkiv\u00ebs Noliane dhe vendosjen dhe ruajtjen e afreskut te Sh\u00ebn Angjelin\u00ebs Shqiptare n\u00eb Kish\u00ebn e Nolit n\u00eb Boston,\u00a0 e vetmja fem\u00ebr e shenjt\u00ebruar mes 40 sh\u00ebnjtor\u00ebve meshkuj.\u00a0 Mbase do e kem t\u00eb v\u00ebshtir\u00eb q\u00eb n\u00eb pak rreshta t\u00eb p\u00ebrshkruaj kontributin e shquar t\u00eb At\u2019Arthur Liolinit, q\u00eb na ka falur koh\u00eb nga koha e tij, duke i bashk\u00ebrenduar kujtesen, ngjarjet dhe vitet, dhe ka nxjerr\u00eb n\u00eb pah vlerat dhe virtytet e Kish\u00ebs s\u00eb Nolit, e cila bashkoi shqiptar\u00ebt e Amerik\u00ebs pa dallim feje e ideje. Karizma, aureola dhe trash\u00ebgimia e Kish\u00ebs Noliane ndjehen ende sot n\u00eb mbar\u00eb komunitetin shqiptaro \u2013 amerikan, mbare kombin e trojet shqiptare, fale perkushtimit dhe kontributit te At\u2019Arthur Liolinit.<\/p>\n<p>Kleriku dhe kancelari i Shquar i Kishes se Nolit, besonte \u00a0n\u00eb parimin baz\u00eb e jet\u00ebsor se vepra dhe kontributi i Nolit flasin shum\u00eb, si nj\u00eb domosdoshm\u00ebri q\u00eb vlen edhe n\u00eb dit\u00ebt e sotme, ka aft\u00ebsi universale p\u00ebr t\u00eb evokuar t\u00eb kaluar\u00ebn ngadhnjyese\u00a0\u00a0me njer\u00ebzoren,\u00a0drejt atij vizioni q\u00eb predikonte Noli i madh, n\u00eb ruajtjen e tradit\u00ebs, gjuh\u00ebs, kultur\u00ebs, identitetin shqiptar. Moment emocionues dhe mbreselenes ishte dita dhe momenti kur une e intervistova At\u2019 Arthur Liolinin, \u00a0ishte ndjesia m\u00eb e fuqishme e krenaris\u00eb komb\u00ebtare\u00a0 n\u00eb tok\u00ebn e mund\u00ebsis\u00eb e demokracis\u00eb amerikane, aty ne Kishen e Nolit te Madh,\u00a0 dhe kjo \u00ebsht\u00eb nj\u00eb ar\u00ebsye e forte dhe shpirterore q\u00eb\u00a0\u00a0e\u00a0 p\u00ebrkujtoj sot\u00a0 ne diten e ikjes se tij ne Ameshim\u2026<\/p>\n<p>Fotot dhe Intervisten me At\u2019Arthur i ruaj si gj\u00ebn\u00eb m\u00eb t\u00eb bukur e t\u00eb shtrenjt\u00eb t\u00eb p\u00ebrjet\u00ebsimit t\u00eb vlerave komb\u00ebtare dhe identitetit komb\u00ebtar shqiptar, p\u00ebr t\u00eb treguar se jemi nj\u00eb komb me bot\u00eb, shpirt\u00a0\u00a0e mendim t\u00eb lir\u00eb, ecim, jetojm\u00eb, tregojm\u00eb me pen\u00eb, me kocke intelektuale, me mendje te shendoshe e krahe te forte.\u00a0\u00a0 Nd\u00ebrsa do te kthejm\u00eb kok\u00ebn n\u00eb per\u00ebndimin e viteve\u00a0 do te dallojme gjurm\u00ebt e arta\u00a0t\u00eb kujtes\u00ebs\u00a0s\u00eb vepres e kontributit\u00a0 studimor, shkencor historic dhe hyjnor te\u00a0 te P\u00ebrndershmit\u00a0 At\u2019Arthur Liolini dhe te kombit shqiptar ne Amerike qe ai e donte dhe e respektonte me ndjenje qytetarie e njerezore te admirueshme.\u00a0 Jan\u00eb gjurm\u00eb q\u00eb gjithmon\u00eb do t\u00eb kujtohen si shprehi e ndodhis\u00eb n\u00eb etapa t\u00eb ndryshme dhe e ekzistenc\u00ebs s\u00eb tyre, p\u00ebr t\u2019u p\u00ebrqendruar n\u00eb erudicionin e nj\u00eb prej figurave q\u00eb \u00ebsht\u00eb \u00e7muar shum\u00eb prej shqiptar\u00ebve dhe amerikan\u00ebve,\u00a0si nj\u00eb figur\u00eb hyjnore dhe njerezore dhe e Rilindjes Kombetare ne Amerike. Nj\u00eb obligim sa shpirt\u00ebror e qytetar, sa intelektual e atdhetar ne brezi i tash\u00ebm n\u00eb Amerik\u00eb, i deyrohemi <strong>figures <\/strong><strong>se te <\/strong><strong>P\u00ebrndershmi At\u2019Arthur Liolinin.<\/strong><\/p>\n<p>Lamtumir\u00eb i P\u00ebrndershmi At\u2019Arthur Liolinin,<\/p>\n<p>Lamtumir\u00eb miku im i vyer, miku i gjithe shqiptareve ne Amerike, Diaspore dhe kudo ne trojet shqiptare<\/p>\n<p>T\u00eb Ikurit si Ti mbeten Jet\u00ebsisht t\u00eb ardhur!<\/p>\n<p>Ti do t\u00e8 mbetesh perhere Klerikui devotshem dhe kancelari i shquar i Kishes\u00a0Shqiptare\u00a0e Sh\u00ebn Gjergjit, nje pasardhes i denje i Nolit te madh.<\/p>\n<p>Ti do t\u00e8 mbetesh perhere ne Panteonin e Arte te kujteses kombetar e historike!<\/p>\n<p>Prehu i qet\u00eb mes \u00ebngjujve t\u00eb Parajs\u00ebs!<\/p>\n<p>Nderime, Respekt dhe Mirenjohje<\/p>\n<p><strong>Raimonda Moisiu<\/strong><\/p>\n<p><strong>Author\/Freelancer<\/strong><\/p>\n<p><strong>Florida SHBA <\/strong><\/p>","protected":false},"excerpt":{"rendered":"<p>Nga Raimonda Moisiu Shuhet Shqiptari i Shquar i Amerik\u00ebs i P\u00ebrndershmi At\u2019 Arthur Liolini,\u00a0 kleriku dhe kancelari i shquar i Kish\u00ebs\u00a0Shqiptare\u00a0e Sh\u00ebn Gjergjit, -alias- Kisha e Fan Noli-t, Boston -nj\u00eb nga emrat dhe figurat\u00a0 m\u00eb t\u00eb\u00a0 shquara t\u00eb Diaspores shqiptare, atdhetarizmit e patriotizmit, kleriku q\u00eb mbajti gjall\u00eb tradit\u00ebn shpirt\u00ebrore, hyjonre,\u00a0 njer\u00ebzore dhe mikprit\u00ebse Noliane. Iku&hellip;<\/p>\n","protected":false},"author":1,"featured_media":9993,"comment_status":"open","ping_status":"open","sticky":false,"template":"","format":"standard","meta":{"footnotes":""},"categories":[12],"tags":[],"class_list":["post-9992","post","type-post","status-publish","format-standard","has-post-thumbnail","hentry","category-jete-komuniteti"],"_links":{"self":[{"href":"https:\/\/revistakuvendi.org\/index.php?rest_route=\/wp\/v2\/posts\/9992","targetHints":{"allow":["GET"]}}],"collection":[{"href":"https:\/\/revistakuvendi.org\/index.php?rest_route=\/wp\/v2\/posts"}],"about":[{"href":"https:\/\/revistakuvendi.org\/index.php?rest_route=\/wp\/v2\/types\/post"}],"author":[{"embeddable":true,"href":"https:\/\/revistakuvendi.org\/index.php?rest_route=\/wp\/v2\/users\/1"}],"replies":[{"embeddable":true,"href":"https:\/\/revistakuvendi.org\/index.php?rest_route=%2Fwp%2Fv2%2Fcomments&post=9992"}],"version-history":[{"count":1,"href":"https:\/\/revistakuvendi.org\/index.php?rest_route=\/wp\/v2\/posts\/9992\/revisions"}],"predecessor-version":[{"id":9994,"href":"https:\/\/revistakuvendi.org\/index.php?rest_route=\/wp\/v2\/posts\/9992\/revisions\/9994"}],"wp:featuredmedia":[{"embeddable":true,"href":"https:\/\/revistakuvendi.org\/index.php?rest_route=\/wp\/v2\/media\/9993"}],"wp:attachment":[{"href":"https:\/\/revistakuvendi.org\/index.php?rest_route=%2Fwp%2Fv2%2Fmedia&parent=9992"}],"wp:term":[{"taxonomy":"category","embeddable":true,"href":"https:\/\/revistakuvendi.org\/index.php?rest_route=%2Fwp%2Fv2%2Fcategories&post=9992"},{"taxonomy":"post_tag","embeddable":true,"href":"https:\/\/revistakuvendi.org\/index.php?rest_route=%2Fwp%2Fv2%2Ftags&post=9992"}],"curies":[{"name":"wp","href":"https:\/\/api.w.org\/{rel}","templated":true}]}}