{"id":9962,"date":"2023-08-26T22:05:34","date_gmt":"2023-08-26T22:05:34","guid":{"rendered":"https:\/\/revistakuvendi.org\/?p=9962"},"modified":"2023-08-28T14:39:49","modified_gmt":"2023-08-28T14:39:49","slug":"nje-poezi-nga-e-reja-pranvera-qerimi","status":"publish","type":"post","link":"https:\/\/revistakuvendi.org\/?p=9962","title":{"rendered":"NJE POEZI NGA E REJA PRANVERA QERIMI"},"content":{"rendered":"\n<figure class=\"wp-block-image size-full\"><a href=\"https:\/\/revistakuvendi.org\/wp-content\/uploads\/2023\/08\/PRANVERA-QERIMI.jpg\"><img loading=\"lazy\" decoding=\"async\" width=\"160\" height=\"232\" src=\"https:\/\/revistakuvendi.org\/wp-content\/uploads\/2023\/08\/PRANVERA-QERIMI.jpg\" alt=\"\" class=\"wp-image-9963\"\/><\/a><\/figure>\n\n\n<p>NJE POEZI NGA E REJA PRANVERA QERIMI<\/p>\n<p>Pak radh\u00eb p\u00ebr Pranver\u00ebn<\/p>\n<p>U lind pas Luft\u00ebs me 22.03 2001 ne Ferizaj<br \/>Shkoll\u00ebn fillore e ka p\u00ebrfunduar n\u00eb \u201cDeshmoret e Koshares\u201d,dhe at\u00eb t\u00eb mesme n\u00eb Gjimnazin \u201cDr.Shaban Hashani\u201d, n\u00eb Ferizaj me vler\u00ebsimin shkelqyesh\u00ebm. Ka p\u00ebrfunduar studimet bachelor, me status t\u00eb rregullt n\u00eb Universitetin e Prishtines, n\u00eb kuader t\u00eb Fakultetit Filologjik, n\u00eb departamentin Let\u00ebrsi Shqipe e regjistruar p\u00ebr her\u00eb t\u00eb par\u00eb n\u00eb vitin 2018\/2019. Perve\u00e7 profesionit, merret edhe me poezi, t\u00eb cilat jan\u00eb botuar n\u00eb revista te ndryshme, duke u vler\u00ebsuar edhe me \u00e7mime. Ajo q\u00eb t\u00eb befason, \u00ebsht\u00eb fryma patriotike e nj\u00eb te reje vet\u00ebm 22 vje\u00e7are, dhe vler\u00ebsimi q\u00eb ka ajo p\u00ebr historin\u00eb e Kosoves, duke shprehur qartazi edhe komente politike me nje frym\u00eb letrare t\u00eb dallueshme.<\/p>\n<p>&nbsp;<\/p>\n<p>E SHTRIR\u00cb N\u00cb DALLG\u00cb<\/p>\n<p><br \/>Gjumi u mundua, mendimet<br \/>e hidhura me m&#8217;i flak,<br \/>ato nuk hoqen dor\u00eb<br \/>u kapen n\u00eb valle me \u00ebnd\u00ebrrat .<br \/><br \/>Mendova se me gjum\u00eb<br \/>do ta braktisja realitetin,<br \/>nuk doli ashtu<br \/>me besimin se, po t\u2019i mbyll syt\u00eb<br \/>do t\u00eb ndryshoj di\u00e7ka,<br \/>prap\u00eb gabova!<br \/><br \/>Mbas nj\u00eb dite t\u00eb lodhshme<br \/>e t\u00eb etur p\u00ebr dituri<br \/>hodha syt\u00eb n\u00eb \u00e7do hapsir\u00eb.<br \/>q\u00eb m\u00eb shihnin syt\u00eb.<br \/><br \/>Kosova, ngjason<br \/>si nj\u00eb vark\u00eb,<br \/>q\u00eb \u00e7do dit\u00eb i thyhet<br \/>nga nj\u00eb d\u00ebrras\u00eb<br \/>e fillon me i hy uji .<br \/><br \/>Dhe prap\u00eb ajo vazhdon<br \/>si nusja n\u00eb traditat e shqiptar\u00ebve<br \/>tuj kujtu se \u00ebsht\u00eb m\u00eb e bukura<br \/>e ngre kryet p\u00ebrpjet\u00eb,<br \/>vet\u00ebm pse ka vendosur <br \/>fustanin e bardh\u00eb<br \/>e brenda faqen e zez\u00eb.<br \/><br \/>Ashtu edhe Kosoves<br \/>flamuri i valon sa fryen era,<br \/>por nuk shikon se do t\u00eb bie n\u00eb fund<br \/>e do ta marr\u00eb rrjedha .<br \/><br \/>Nuk shikon rinin\u00eb si po i iken<br \/>nga p\u00ebll\u00ebmba dor\u00ebs,<br \/>nuk e shikon se ret\u00eb e zeza<br \/>e kan\u00eb rrethu.<br \/><br \/><br \/>Shum\u00eb shpejt mbi kok\u00eb<br \/>ujin kan\u00eb p\u00ebr me ia l\u2019shu.<br \/>Nuk shikon d\u00ebrrasat me ia ndrru,<br \/>po kok\u00ebfort\u00eb vendos me lundru.<br \/><br \/>Me njer\u00ebzit q\u00eb nuk din not,<br \/>nuk din n\u00eb cilin k\u00ebnd<br \/>m\u2019u drejtu.<br \/><br \/>Shkurt e shqip, harten nuk<br \/>dijn\u00eb me lexu<br \/>tuj u mbajt<br \/>se Evropa ka me i pranu.<br \/><br \/>Ushtar\u00ebt e lindur<br \/>nga n\u00ebnat shqiptare<br \/>i mori dheu,<br \/>k\u00ebta t\u00eb fundit<br \/>po i vret vet atdheu!<br \/><br \/>Ferizaj, gusht 2023<\/p>","protected":false},"excerpt":{"rendered":"<p>NJE POEZI NGA E REJA PRANVERA QERIMI Pak radh\u00eb p\u00ebr Pranver\u00ebn U lind pas Luft\u00ebs me 22.03 2001 ne FerizajShkoll\u00ebn fillore e ka p\u00ebrfunduar n\u00eb \u201cDeshmoret e Koshares\u201d,dhe at\u00eb t\u00eb mesme n\u00eb Gjimnazin \u201cDr.Shaban Hashani\u201d, n\u00eb Ferizaj me vler\u00ebsimin shkelqyesh\u00ebm. Ka p\u00ebrfunduar studimet bachelor, me status t\u00eb rregullt n\u00eb Universitetin e Prishtines, n\u00eb kuader t\u00eb&hellip;<\/p>\n","protected":false},"author":1,"featured_media":9963,"comment_status":"open","ping_status":"open","sticky":false,"template":"","format":"standard","meta":{"footnotes":""},"categories":[7],"tags":[],"class_list":["post-9962","post","type-post","status-publish","format-standard","has-post-thumbnail","hentry","category-poezi"],"_links":{"self":[{"href":"https:\/\/revistakuvendi.org\/index.php?rest_route=\/wp\/v2\/posts\/9962","targetHints":{"allow":["GET"]}}],"collection":[{"href":"https:\/\/revistakuvendi.org\/index.php?rest_route=\/wp\/v2\/posts"}],"about":[{"href":"https:\/\/revistakuvendi.org\/index.php?rest_route=\/wp\/v2\/types\/post"}],"author":[{"embeddable":true,"href":"https:\/\/revistakuvendi.org\/index.php?rest_route=\/wp\/v2\/users\/1"}],"replies":[{"embeddable":true,"href":"https:\/\/revistakuvendi.org\/index.php?rest_route=%2Fwp%2Fv2%2Fcomments&post=9962"}],"version-history":[{"count":3,"href":"https:\/\/revistakuvendi.org\/index.php?rest_route=\/wp\/v2\/posts\/9962\/revisions"}],"predecessor-version":[{"id":9967,"href":"https:\/\/revistakuvendi.org\/index.php?rest_route=\/wp\/v2\/posts\/9962\/revisions\/9967"}],"wp:featuredmedia":[{"embeddable":true,"href":"https:\/\/revistakuvendi.org\/index.php?rest_route=\/wp\/v2\/media\/9963"}],"wp:attachment":[{"href":"https:\/\/revistakuvendi.org\/index.php?rest_route=%2Fwp%2Fv2%2Fmedia&parent=9962"}],"wp:term":[{"taxonomy":"category","embeddable":true,"href":"https:\/\/revistakuvendi.org\/index.php?rest_route=%2Fwp%2Fv2%2Fcategories&post=9962"},{"taxonomy":"post_tag","embeddable":true,"href":"https:\/\/revistakuvendi.org\/index.php?rest_route=%2Fwp%2Fv2%2Ftags&post=9962"}],"curies":[{"name":"wp","href":"https:\/\/api.w.org\/{rel}","templated":true}]}}