{"id":9952,"date":"2023-08-23T17:03:23","date_gmt":"2023-08-23T17:03:23","guid":{"rendered":"https:\/\/revistakuvendi.org\/?p=9952"},"modified":"2023-08-23T17:03:23","modified_gmt":"2023-08-23T17:03:23","slug":"poezi-nga-armenida-qyqja-2","status":"publish","type":"post","link":"https:\/\/revistakuvendi.org\/?p=9952","title":{"rendered":"Poezi nga ARMENIDA QYQJA"},"content":{"rendered":"\n<figure class=\"wp-block-image size-full\"><a href=\"https:\/\/revistakuvendi.org\/wp-content\/uploads\/2023\/08\/ARMENIDA-kopertine-1.jpg\"><img loading=\"lazy\" decoding=\"async\" width=\"180\" height=\"180\" src=\"https:\/\/revistakuvendi.org\/wp-content\/uploads\/2023\/08\/ARMENIDA-kopertine-1.jpg\" alt=\"\" class=\"wp-image-9953\" srcset=\"https:\/\/revistakuvendi.org\/wp-content\/uploads\/2023\/08\/ARMENIDA-kopertine-1.jpg 180w, https:\/\/revistakuvendi.org\/wp-content\/uploads\/2023\/08\/ARMENIDA-kopertine-1-150x150.jpg 150w, https:\/\/revistakuvendi.org\/wp-content\/uploads\/2023\/08\/ARMENIDA-kopertine-1-50x50.jpg 50w\" sizes=\"auto, (max-width: 180px) 100vw, 180px\" \/><\/a><\/figure>\n\n\n\n<p><\/p>\n\n\n\n<p><strong>DY MIJ\u00cb VJET N\u00cb SOFR\u00cbN E PRISHUR<\/strong><\/p>\n\n\n\n<p>N\u00eb dark\u00ebn t\u00ebnde t\u00eb fundit<\/p>\n\n\n\n<p>Sa her\u00eb jam shtruar,<\/p>\n\n\n\n<p>I tremb\u00ebdhjeti, mysafir i paftuar,<\/p>\n\n\n\n<p>Her\u00eb Jud\u00eb e her\u00eb Pjet\u00ebr&#8230;<\/p>\n\n\n\n<p>Ah, sa i ngusht\u00eb&nbsp;<\/p>\n\n\n\n<p>Laku i bot\u00ebs, n\u00eb qaf\u00ebn time!<\/p>\n\n\n\n<p>Dymb\u00ebdhjet\u00eb ishin portat<\/p>\n\n\n\n<p>Dhe \u00e7mimi, i lart\u00eb&#8230;<\/p>\n\n\n\n<p>Pulsin t\u00ebnd mas&nbsp;<\/p>\n\n\n\n<p>N\u00eb vet\u00ebtim\u00ebn e syve,<\/p>\n\n\n\n<p>Zemrekut t\u00eb koh\u00ebs<\/p>\n\n\n\n<p>I thyhen eshtrat e hekurta&#8230;<\/p>\n\n\n\n<p>Pak \u00e7aste ndajn\u00eb&nbsp;<\/p>\n\n\n\n<p>Burr\u00ebrin\u00eb nga tradh\u00ebtia<\/p>\n\n\n\n<p>Besimin nga frika,<\/p>\n\n\n\n<p>Jet\u00ebn nga vdekja&#8230;<\/p>\n\n\n\n<p>Ti ha me t\u00eb,&nbsp;<\/p>\n\n\n\n<p>Buk\u00ebn dhe ver\u00ebn ndan,<\/p>\n\n\n\n<p>E sheh n\u00eb sy<\/p>\n\n\n\n<p>Dhe e puth n\u00eb ball\u00eb&#8230;<\/p>\n\n\n\n<p>Zemra ime mbytet n\u00eb gryk\u00eb&#8230;<\/p>\n\n\n\n<p>A e di? A e di?&nbsp;<\/p>\n\n\n\n<p>P\u00ebrgjigjen k\u00ebrkon<\/p>\n\n\n\n<p>Dy mij\u00eb vjet, n\u00eb sofr\u00ebn prishur&#8230;<\/p>\n\n\n\n<p><em>Gusht 2023<\/em><\/p>\n\n\n\n<p><\/p>\n\n\n\n<p><strong>NJ\u00cb ZOG I K\u00cbNDON FURTUN\u00cbS<\/strong><\/p>\n\n\n\n<p>Or\u00ebt gri t\u00eb qiellit shikojn\u00eb shtremb\u00ebr<\/p>\n\n\n\n<p>Hijen time q\u00eb maj gishtash rreket t\u00eb zgjatet,<\/p>\n\n\n\n<p>Dhjet\u00eb centimetra m\u00eb shum\u00eb&nbsp;<\/p>\n\n\n\n<p>Dhe nj\u00eb \u00e7ast paqje mes akrepave t\u00eb hekurt&#8230;<\/p>\n\n\n\n<p>S&#8217;e dija q\u00eb q\u00ebnk\u00ebrka kaq e tep\u00ebrt<\/p>\n\n\n\n<p>T\u00eb k\u00ebrkosh ve\u00e7 kaq<\/p>\n\n\n\n<p>Mes nj\u00eb infiniti mund\u00ebsish kozmike&#8230;<\/p>\n\n\n\n<p>Rrudhet fusha mbi krye,<\/p>\n\n\n\n<p>Nd\u00ebrsa q\u00ebnia ime kok\u00ebfort\u00eb vazhdon&nbsp;<\/p>\n\n\n\n<p>Fatin t\u00eb ndjell\u00eb n\u00eb \u00e7arjet mes reve&#8230;<\/p>\n\n\n\n<p>Nj\u00eb zog q\u00eb i k\u00ebndon n\u00eb furtun\u00ebs,<\/p>\n\n\n\n<p>M\u00eb kujton se pikat e shiut lindin ylber\u00ebt&#8230;<\/p>\n\n\n\n<p><em>Gusht 2023<\/em><\/p>\n\n\n\n<p><\/p>\n\n\n\n<p><strong>N\u00cb RRAHJEN Q\u00cb VE\u00c7 DASHURIS\u00cb I FALET<\/strong><\/p>\n\n\n\n<p>Nga lavjerr\u00ebsi i hekurt, tundet ankthi<\/p>\n\n\n\n<p>Dhe dh\u00ebmb\u00ebve mban zemr\u00ebn z\u00ebn\u00eb pre,<\/p>\n\n\n\n<p>Majtas-djathtas-majtas, p\u00ebrs\u00ebri e p\u00ebrs\u00ebri,<\/p>\n\n\n\n<p>As koha e as ai s&#8217;l\u00ebshojn\u00eb fare pe&#8230;<\/p>\n\n\n\n<p>Vet\u00ebm nj\u00eb zgjidhje t\u00eb mund\u00ebshme ka,<\/p>\n\n\n\n<p>T\u00eb vish ti, q\u00eb t\u00eb dor\u00ebzohet ankthi,&nbsp;<\/p>\n\n\n\n<p>Ta l\u00ebshoj\u00eb zemr\u00ebn nga dh\u00ebmb\u00ebt e veta,<\/p>\n\n\n\n<p>Prehje t\u00eb gjej, pak qet\u00ebsi&#8230;&nbsp;<\/p>\n\n\n\n<p>Ajrin le t\u00eb zhgarravis\u00eb m\u00eb pas lavjerr\u00ebsi!<\/p>\n\n\n\n<p>Majtas-djathtas-majtas, p\u00ebrs\u00ebri e p\u00ebrs\u00ebri,<\/p>\n\n\n\n<p>Nj\u00eb koh\u00eb rend e nj\u00eb tjet\u00ebr ndalet,<\/p>\n\n\n\n<p>N\u00eb rrahjen, q\u00eb ve\u00e7 dashuris\u00eb i falet&#8230;<\/p>\n\n\n\n<p><em>Qershor 2023<\/em><\/p>\n\n\n\n<p><\/p>\n\n\n\n<p><strong>TI NUK M\u00cb MBAN M\u00cbRI<\/strong><\/p>\n\n\n\n<p>Nuk munda t\u00eb vij&#8230;<\/p>\n\n\n\n<p>E di, reja e bardh\u00eb e shpirtit t\u00ebnd<\/p>\n\n\n\n<p>S&#8217;m\u00eb mban kurr\u00eb m\u00ebri&#8230;<\/p>\n\n\n\n<p>Mjafton bota p\u00ebr gj\u00ebra t\u00eb tilla,&nbsp;<\/p>\n\n\n\n<p>Num\u00ebrime qokash t\u00eb boshta&#8230;<\/p>\n\n\n\n<p>Pika vese bien mbi ballin tim<\/p>\n\n\n\n<p>Sa her\u00eb ti mbledh atje lart<\/p>\n\n\n\n<p>Psher\u00ebtimat e zemr\u00ebs sime&nbsp;<\/p>\n\n\n\n<p>N\u00eb grushtin e ftoht\u00eb t\u00eb bot\u00ebs&#8230;<\/p>\n\n\n\n<p>Mos u m\u00ebrzit, jam mir\u00eb<\/p>\n\n\n\n<p>Dhe kemi ende udh\u00eb p\u00ebr t\u00eb b\u00ebr\u00eb,<\/p>\n\n\n\n<p>Un\u00eb k\u00ebtu posht e ti atje lart,&nbsp;<\/p>\n\n\n\n<p>Rreze drite, gjithnj\u00eb pas meje&#8230;<\/p>\n\n\n\n<p><em>Gusht 2022<\/em><\/p>\n\n\n\n<p><\/p>\n\n\n\n<p><strong>ME DASHURIN P\u00cbR TY<\/strong><\/p>\n\n\n\n<p>N\u00eb magjen e shpirtit gatuhet gjithnj\u00eb,<\/p>\n\n\n\n<p>Dhe me nj\u00eb fjal\u00eb t\u00eb vetme&nbsp;<\/p>\n\n\n\n<p>Mbetur dollap\u00ebve t\u00eb zbrazur,<\/p>\n\n\n\n<p>Nj\u00eb shikim, nj\u00eb puthje me dor\u00eb n\u00eb aj\u00ebr&#8230;<\/p>\n\n\n\n<p>Mrekullira di t\u00eb b\u00ebj zemra&nbsp;<\/p>\n\n\n\n<p>E gjall\u00eb t\u00eb mbaj\u00eb jo dit\u00eb,&nbsp;<\/p>\n\n\n\n<p>Por shekuj t\u00eb ftoht\u00eb pritje&#8230;<\/p>\n\n\n\n<p>Gatuhet, i dashuri im, i urituri im,<\/p>\n\n\n\n<p>Gatuhet gjithnj\u00eb kaq shum\u00eb dashuri,<\/p>\n\n\n\n<p>Sa hambar\u00ebt e t\u00ebr\u00eb bot\u00ebs nuk dalin,<\/p>\n\n\n\n<p>Ta strehojn\u00eb t\u00ebr\u00eb mallin p\u00ebr ty&#8230;<\/p>\n\n\n\n<p><em>Qershor 2023<\/em><\/p>\n","protected":false},"excerpt":{"rendered":"<p>DY MIJ\u00cb VJET N\u00cb SOFR\u00cbN E PRISHUR N\u00eb dark\u00ebn t\u00ebnde t\u00eb fundit Sa her\u00eb jam shtruar, I tremb\u00ebdhjeti, mysafir i paftuar, Her\u00eb Jud\u00eb e her\u00eb Pjet\u00ebr&#8230; Ah, sa i ngusht\u00eb&nbsp; Laku i bot\u00ebs, n\u00eb qaf\u00ebn time! Dymb\u00ebdhjet\u00eb ishin portat Dhe \u00e7mimi, i lart\u00eb&#8230; Pulsin t\u00ebnd mas&nbsp; N\u00eb vet\u00ebtim\u00ebn e syve, Zemrekut t\u00eb koh\u00ebs I thyhen&hellip;<\/p>\n","protected":false},"author":1,"featured_media":9953,"comment_status":"open","ping_status":"open","sticky":false,"template":"","format":"standard","meta":{"footnotes":""},"categories":[7],"tags":[],"class_list":["post-9952","post","type-post","status-publish","format-standard","has-post-thumbnail","hentry","category-poezi"],"_links":{"self":[{"href":"https:\/\/revistakuvendi.org\/index.php?rest_route=\/wp\/v2\/posts\/9952","targetHints":{"allow":["GET"]}}],"collection":[{"href":"https:\/\/revistakuvendi.org\/index.php?rest_route=\/wp\/v2\/posts"}],"about":[{"href":"https:\/\/revistakuvendi.org\/index.php?rest_route=\/wp\/v2\/types\/post"}],"author":[{"embeddable":true,"href":"https:\/\/revistakuvendi.org\/index.php?rest_route=\/wp\/v2\/users\/1"}],"replies":[{"embeddable":true,"href":"https:\/\/revistakuvendi.org\/index.php?rest_route=%2Fwp%2Fv2%2Fcomments&post=9952"}],"version-history":[{"count":1,"href":"https:\/\/revistakuvendi.org\/index.php?rest_route=\/wp\/v2\/posts\/9952\/revisions"}],"predecessor-version":[{"id":9954,"href":"https:\/\/revistakuvendi.org\/index.php?rest_route=\/wp\/v2\/posts\/9952\/revisions\/9954"}],"wp:featuredmedia":[{"embeddable":true,"href":"https:\/\/revistakuvendi.org\/index.php?rest_route=\/wp\/v2\/media\/9953"}],"wp:attachment":[{"href":"https:\/\/revistakuvendi.org\/index.php?rest_route=%2Fwp%2Fv2%2Fmedia&parent=9952"}],"wp:term":[{"taxonomy":"category","embeddable":true,"href":"https:\/\/revistakuvendi.org\/index.php?rest_route=%2Fwp%2Fv2%2Fcategories&post=9952"},{"taxonomy":"post_tag","embeddable":true,"href":"https:\/\/revistakuvendi.org\/index.php?rest_route=%2Fwp%2Fv2%2Ftags&post=9952"}],"curies":[{"name":"wp","href":"https:\/\/api.w.org\/{rel}","templated":true}]}}