{"id":9934,"date":"2023-06-15T15:27:42","date_gmt":"2023-06-15T15:27:42","guid":{"rendered":"http:\/\/revistakuvendi.org\/?p=9934"},"modified":"2023-06-15T15:27:42","modified_gmt":"2023-06-15T15:27:42","slug":"poezi-nga-marisa-ashiku","status":"publish","type":"post","link":"https:\/\/revistakuvendi.org\/?p=9934","title":{"rendered":"Poezi nga Marisa Ashiku"},"content":{"rendered":"\n<figure class=\"wp-block-image\"><img loading=\"lazy\" decoding=\"async\" width=\"180\" height=\"101\" src=\"https:\/\/revistakuvendi.org\/wp-content\/uploads\/2023\/06\/MARIZA-ASHIKU-1.jpg\" alt=\"\" class=\"wp-image-9935\"\/><\/figure>\n\n\n\n<pre class=\"wp-block-code\"><code>TRANDJE\n\n\nI k\u00ebndoj n\u00eb heshtje  ndjenjave,\nDhe tingujt m\u00eb tranden \nn\u00eb t\u00eb  qeshur\u00ebn e ngroht\u00eb, \nq\u00eb shkrihet me frym\u00ebn t\u00ebnde, \nbrenda puthjes s\u00eb d\u00ebshiruar...\n\nArom\u00eb kamomili m\u00eb mbeti mbi buz\u00eb,\nPetalet e bardha pikuan l\u00ebngun e fundit, \ndhe m\u00eb deh\u00ebn shpirtin, me nj\u00eb grimc\u00eb paqeje...\n\nSyhapur do flen\u00eb ndjenjat\nmbi shtratin e nj\u00eb mungese, \nq\u00eb mban n\u00eb t\u00eb majt\u00eb h\u00ebn\u00ebn, \n n\u00eb t\u00eb djatht\u00eb diellin\n e n\u00eb qend\u00ebr q\u00ebnien time, nj\u00ebsh p\u00ebrzier me ty...\n\n4\/8\/2022\n\n\n***\nPuthja jote, \nsi njoll\u00eb e mjegullt e Andromed\u00ebs, \ni mbeti zemr\u00ebs...\n\n***\nnj\u00eb tik-tak larg teje, \nec\u00ebn qenia ime\nrrug\u00ebs s\u00eb qum\u00ebshtit!\n\nMaj \/2023\n\n\n\n\nRrug\u00ebtim... \n\nRrug\u00ebtoj n\u00eb \u00ebndrr\u00ebn e fanitur\nT\u00eb gjej pak vete... \nT\u00eb gjej pak ty...\nThirra heshtjen n\u00eb buz\u00ebn e plasaritur, \nE m\u00eb \u00e7oi tek syt\u00eb e tu... \n\nU shp\u00ebrb\u00ebn\u00eb fjal\u00ebt n\u00eb heshtje... \nDhe g\u00ebrmat u arratis\u00ebn,s'di se ku. \nDisa n\u00eb pluhur d\u00ebshirash p\u00ebrfunduan,\nDisa n\u00eb  qorrsokake t\u00eb nj\u00eb qielli blu.\n\nMora nj\u00eb  laps e nj\u00eb flet\u00eb \nVizatova syt\u00eb dhe nj\u00eb rrug\u00eb flu...\nRrug\u00ebtoj n\u00eb nj\u00eb rrug\u00eb damar prer\u00eb\nT\u00eb gjej pak vete...\nT\u00eb gjej pak ty... \n\n1\/11\/2021\n\n\n\n\n\nMjegull... \n\nFlatron z\u00ebri i d\u00ebshirave\nn\u00eb muzg\nhorizontit pezull,\nnj\u00eb lum\u00eb mjegulle ndan qiellin n\u00eb dy, \nn\u00eb nj\u00ebr\u00ebn pjes\u00eb un\u00eb, n\u00eb tjetr\u00ebn ti, \nt\u00eb mekur prej fatit, mbet\u00ebm...,\nsi rrokaqiej t\u00eb shembur...!\n\nF\u00ebrf\u00ebllon z\u00ebri i d\u00ebshirave\nmbi thyerjen e drit\u00ebs, \nun\u00eb sjell m\u00ebngjesin, ti per\u00ebndimin...\n\nMe shpres\u00eb se,\ndo t\u00eb hollohet rripi i mjegull\u00ebs\nn\u00eb nj\u00eb mesdit\u00eb,\ndhe era e ngroht\u00eb\ndo t'na rrah fytyr\u00ebn dhe syt\u00eb \nme puthjen d\u00ebrguar zemr\u00ebs...! \n\n12\/12\/2021\n\n\n\nMbeti vjesht\u00eb n\u00eb zem\u00ebr ...\n\nK\u00ebt\u00eb pranver\u00eb\n u kthyen dall\u00ebndyshet!\nTi ende jo...\nDhe manushaqja e fundit\nt\u00eb priti ty...\nBuz\u00ebqeshja dhe aroma e saj\nn\u00eb kurthin e munges\u00ebs\nkan\u00eb mbetur..! \n\n15\/9\/2015\n\nSHENIM:  Ky cikel poetik u perzgjodh per Revisten Kuvendi, nga poetja e njohur Armenida Qyqja, Redaktimi i ciklit u b\u00eb nga Pjeter Jaku.\n<\/code><\/pre>\n","protected":false},"excerpt":{"rendered":"","protected":false},"author":1,"featured_media":9935,"comment_status":"open","ping_status":"open","sticky":false,"template":"","format":"standard","meta":{"footnotes":""},"categories":[7],"tags":[],"class_list":["post-9934","post","type-post","status-publish","format-standard","has-post-thumbnail","hentry","category-poezi"],"_links":{"self":[{"href":"https:\/\/revistakuvendi.org\/index.php?rest_route=\/wp\/v2\/posts\/9934","targetHints":{"allow":["GET"]}}],"collection":[{"href":"https:\/\/revistakuvendi.org\/index.php?rest_route=\/wp\/v2\/posts"}],"about":[{"href":"https:\/\/revistakuvendi.org\/index.php?rest_route=\/wp\/v2\/types\/post"}],"author":[{"embeddable":true,"href":"https:\/\/revistakuvendi.org\/index.php?rest_route=\/wp\/v2\/users\/1"}],"replies":[{"embeddable":true,"href":"https:\/\/revistakuvendi.org\/index.php?rest_route=%2Fwp%2Fv2%2Fcomments&post=9934"}],"version-history":[{"count":1,"href":"https:\/\/revistakuvendi.org\/index.php?rest_route=\/wp\/v2\/posts\/9934\/revisions"}],"predecessor-version":[{"id":9936,"href":"https:\/\/revistakuvendi.org\/index.php?rest_route=\/wp\/v2\/posts\/9934\/revisions\/9936"}],"wp:featuredmedia":[{"embeddable":true,"href":"https:\/\/revistakuvendi.org\/index.php?rest_route=\/wp\/v2\/media\/9935"}],"wp:attachment":[{"href":"https:\/\/revistakuvendi.org\/index.php?rest_route=%2Fwp%2Fv2%2Fmedia&parent=9934"}],"wp:term":[{"taxonomy":"category","embeddable":true,"href":"https:\/\/revistakuvendi.org\/index.php?rest_route=%2Fwp%2Fv2%2Fcategories&post=9934"},{"taxonomy":"post_tag","embeddable":true,"href":"https:\/\/revistakuvendi.org\/index.php?rest_route=%2Fwp%2Fv2%2Ftags&post=9934"}],"curies":[{"name":"wp","href":"https:\/\/api.w.org\/{rel}","templated":true}]}}