{"id":9930,"date":"2023-06-12T15:03:00","date_gmt":"2023-06-12T15:03:00","guid":{"rendered":"http:\/\/revistakuvendi.org\/?p=9930"},"modified":"2023-06-12T15:03:00","modified_gmt":"2023-06-12T15:03:00","slug":"poezi-nga-armenida-qyqja","status":"publish","type":"post","link":"https:\/\/revistakuvendi.org\/?p=9930","title":{"rendered":"Poezi nga ARMENIDA QYQJA"},"content":{"rendered":"\n<figure class=\"wp-block-image\"><img loading=\"lazy\" decoding=\"async\" width=\"200\" height=\"124\" src=\"https:\/\/revistakuvendi.org\/wp-content\/uploads\/2023\/06\/ARMENIDA-QYQJA.jpg\" alt=\"\" class=\"wp-image-9931\"\/><\/figure>\n\n\n\n<pre class=\"wp-block-code\"><code>Armenida Qyqja, lindur n\u00eb Tiran\u00eb, m\u00eb 1977, me vendbanim n\u00eb Vankuver t\u00eb Kanadas\u00eb q\u00eb prej 1995. Autore e 7 v\u00ebllimeve poetike:\nP\u00ebrtej kangjellave t\u00eb shiut (2018)\nPuthje ne eter (2020)\nLetra pa zarf (2020)\nMes rrahjeve t\u00eb zemr\u00ebs (2020)\nDyzet plus (2021)\nKtheja pranver\u00eas zemr\u00ebn (2023)\nSizifi i shpirtit tim (2023)\n\nI VDEKURI Q\u00cb QESH (2022) \u00ebsht\u00eb prurja e par\u00eb n\u00eb proz\u00eb, n\u00eb zhanrin e tregimeve t\u00eb shkurtra.\n\nA BUNCH OF POEMS INSTEAD OF FLOWERS \u00ebsht\u00eb prezantimj i saj i par\u00eb n\u00eb bot\u00ebn anglishtfol\u00ebse, permes botimeve online n\u00eb amazon.\n\nLibra n\u00eb pro\u00e7es: nj\u00eb prurje e re n\u00eb proz\u00eb si dhe nj\u00eb v\u00ebllim tjet\u00ebr poetik.\n\nM\u00cbNGJESE MALLI-\n\nGugatja e p\u00ebllumbave ndjek \nM\u00ebngjeset e akullta,\n\u00cbsht\u00eb malli q\u00eb i flet zemr\u00ebs \nSapo lind dita...\n\nEra e lag\u00ebsht e jugut,\nRreket me \u00e7do frym\u00eb t'ma zbus dimrin,\nK\u00ebtu, n\u00eb tok\u00ebn e larg\u00ebt, \nPor plasaritjet, shpirtit dot s'ia ngjisin...\n\nJodi i kripur l\u00ebpin plag\u00ebt e hapura,\nPor dot s'i sh\u00ebron,\nAsgj\u00eb n\u00eb bot\u00eb, nuk i z\u00ebvend\u00ebson,\nBuz\u00ebt e tua...\n\nJanar 2023\n\n\n\n-NGA EKRANET E SYVE-\n\nGishtat l\u00ebshohen but\u00eb mbi tastier\u00eb,\nAshtu si mbi trupin t\u00ebnd dikur,\nN\u00ebn moll\u00ebzat e tyre shpirtin t\u00eb ndjenin,\nFrym\u00eb tek merrte nga poret e djersitura...\n\nShtrydhet zemra aty mbi \u00e7do g\u00ebrm\u00eb\nDhe prap\u00eb s'i thot\u00eb dot t\u00eb gjitha,\nT\u00eb ngurta \u00e7elesat ku derdhet rrahja,\nFjal\u00eb pas fjale, me mij\u00ebra kilometra...\n\nDor\u00ebzohem i dashur, dor\u00ebzohem,\nEkranet e syve le t\u00eb flasin m\u00eb mir\u00eb,\nMe ty brenda tyre personazh kryesor,\nLe t'ia tregojn\u00eb bot\u00ebs t\u00eb gjitha...\n\nMay 2023\n\n\n\n-KAFE E PIR\u00cb VET\u00cbM-\n\nEh mjesht\u00ebr, e humbe fillin sonte,\nHarrove ta ndez\u00ebsh mbi buz\u00eb cigaren,\nHidh\u00ebsira e duhanit t\u00eb p\u00ebrzihet n\u00eb heshtje,\nMe at\u00eb t\u00eb kafes\u00eb s\u00eb pir\u00eb krejt vet\u00ebm...\n \nMuret gri t\u00eb qiellit shikon shtremb\u00ebr,\nPa ditur \u00e7't\u00eb ther k\u00ebt\u00eb prag vjeshte m\u00eb tep\u00ebr,\nIkja e t\u00eb shtrenjt\u00ebve p\u00ebrjet\u00eb p\u00ebrtej reve,\nApo ikja e pinjoll\u00ebve p\u00ebrtej maleve e deteve...\n\nSi nj\u00eb relike e vjet\u00ebr i ke mbetur qytetit,\nMe miqt\u00eb e  ikur dhe monumentet e shembur,\nHorizonti i zbraz\u00ebt t'i mjegullon syt\u00eb,\nQ\u00eb m\u00eb kot pic\u00ebrrohen dik\u00eb t\u00eb shquajn\u00eb nga larg...\n\n\"Po vijn\u00eb shirat\" t\u00eb lajm\u00ebrojn\u00eb gjunj\u00ebt,\nTek ngrihesh, t\u00eb ik\u00ebsh ngadal\u00eb,\nFilxhanin e nxir\u00eb dhe lek\u00ebt sheh shtremb\u00ebr,\nBashk\u00eb me kamarjeret q\u00eb s'ti than\u00eb dy fjal\u00eb...\n \n\"Nj\u00eb mij\u00eb lek\u00eb, \u00e7mimi i heshtjes mbi tryez\u00eb,\nSe s'mund t\u00eb quhet kafe kjo q\u00eb pi vetem,\"\nMpihet dhimbja e reumatizm\u00ebs\nNga therja q\u00eb shpirtit ia g\u00ebrryen brinj\u00ebt...\n\n(Tetor 2022)\n\n\n\n-E DASHURUAR-\n\nE harruam edhe Ukrain\u00ebn,\nAtje n\u00eb vargmalet e hirta,\nKu djemt\u00eb e n\u00ebnave b\u00ebhen statistika...\nDhe lajmet p\u00ebr to kan\u00eb r\u00ebn\u00eb n\u00eb gjum\u00eb...\n\nJo, s'do m\u00eb brrej as mua nd\u00ebrgjegjia,\nUn\u00eb as e vrava dhe as e tradh\u00ebtova,\nThjesht\u00eb u lodha s\u00eb d\u00ebgjuari, s\u00eb menduari luft\u00ebn...\nS'kam faj q\u00eb jam ende kaq e etur p\u00ebr jet\u00ebn...\n\nJo, s'do m\u00eb brrej p\u00ebr asgj\u00eb nd\u00ebrgjegjia,\nAs p\u00ebr vendin tim q\u00eb sa vjen e tkurret,\nT\u00eb gjith\u00eb duan t\u00eb ikin, kurse un\u00eb...\nPor s'do t\u00eb flasim as p\u00ebr k\u00ebt\u00eb sonte...\n\nP\u00ebr krejt asgj\u00eb atje jasht\u00eb, s'do t\u00eb flasim,\nN\u00eb sy do mbajm\u00eb nj\u00ebri-tjerin tek heshtim...\nVet\u00ebm n\u00eb buz\u00ebqeshjen t\u00ebnde veshur,\nN\u00eb gjoksin t\u00ebnd do dergjem e dehur...\n\nN\u00eb djall vaft\u00eb bota me andrrallat e veta,\nVet\u00ebvrasjet e klithmat e saj t\u00eb pafundta,\nPas vetes e ky\u00e7a sonte der\u00ebn,\nJam ende kaq e dashuruar me jet\u00ebn...\n\n(Korrik 2022)\n\n\n-ME JU JAM-\n\nN\u00eb sheshet ku ju shtypet liria jam,\nMe gaze lot\u00ebsjell\u00ebsa e dhun\u00eb,\nJam fjala q\u00eb udh\u00ebn nga gjoksi juaj \u00e7an,\nKur me presione ju b\u00ebjn\u00eb t\u00eb rrini urt\u00eb...\n\nJam vetja juaj q\u00eb s'do t\u00eb zbohet\nNga vatra drejt bot\u00ebs s\u00eb panjohur,\nLoti i hidhur mbi shpres\u00ebn q\u00eb helmohet,\nDita q\u00eb lind n\u00eb syt\u00eb tuaj e lodhur...\n\nUdh\u00ebtare e koh\u00ebs, vij ndalem tek ju,\nMe tridhjet\u00eb vite mbi sy \"de'ja vu\",\nN\u00eb zemrat tuaja trokas pareshtur,\nBrenda jush t\u00eb zgjoj Arsyen e Fjetur...\n\nT\u00eb rreme jan\u00eb gjith\u00e7ka q\u00eb ju shesin\nMe manipulime, premtime p\u00ebr pun\u00eb,\nT\u00eb rreme dhe \u00ebndrrat atje p\u00ebrtej detit,\nBiletat e fatit pa skadence, dat\u00eb afati...\n\nSy bukura rini, mos u dor\u00ebzo!\nSa fryme ke, ka ende shpres\u00eb, lufto!\nP\u00ebrmbysi tryezat e pazareve,\n\u00cbsht\u00eb rradha jote, n\u00eb sht\u00ebpin\u00eb e t\u00eb par\u00ebve!\n\n(Dhjetor 2021)\n\n\n-Q\u00cb T\u00cb VIJ\u00cb PRANVERA-\n\nAty jam, \nFshehur n\u00eb petalet e luleve t\u00eb vogla\nQ\u00eb dhe mes gur\u00ebve \u00e7elin,\nMotiv u jap kryet lart t\u00eb ngren\u00eb,\nGjersa syt\u00eb e tu t\u00eb ndeshin...\n\nDuhet! \nSepse pranvera s'mund t\u00eb vij\u00eb pa lule\nE as pa k\u00ebng\u00ebn e zogjve...\nS'di, a e din\u00eb k\u00ebt\u00eb ata,\nQ\u00eb s'l\u00ebn\u00eb as barin t\u00eb mbij\u00eb,\nI shkat\u00ebrruan, shkretuan, t\u00eb gjitha...\n\nI kam braktisur l\u00ebndinat e mia, \nTok\u00ebn e premtuar\nDhe aty jam, mes barit t\u00eb eg\u00ebr, gur\u00ebve,\nSepse e di q\u00eb pa syt\u00eb e tu,\nS'mund t\u00eb ket\u00eb p\u00ebr mua pranver\u00eb, \nAskund...\n\nMars 2023\n\n\n-BIJ\u00cbVE PLANGPRISH\u00cbS-\n\nEh, Ankiz, duhet t'i falenderosh zotat,\nQ\u00eb dhe pse pagan\u00eb, t\u00eb m\u00ebshirsh\u00ebm qen\u00eb,\nIku koha kur biri e mban n\u00eb krah\u00eb atin,\nUdh\u00ebve t\u00eb bot\u00ebs nga endet pa Atdhe...\n\nT\u00eb tep\u00ebrt na i dol\u00ebn ati dhe dheu, \nNjeriut global q\u00eb ve\u00e7 vetja i duhet, \nPa asnj\u00eb rr\u00ebnj\u00eb q\u00eb lidhur ta mbaj\u00eb,\nPa barr\u00ebn e eshtrave t\u00eb plakura mbi supe...\n\nPagan\u00eb qen\u00eb zot\u00ebt e tu Ankiz, \nPor t\u00eb m\u00ebshirsh\u00ebm fort, p\u00ebr bes\u00eb!\nShok\u00ebt e tu, po ruajn\u00eb sot n\u00eb azil\nVendet e tyre, p\u00ebr bijt\u00eb plangprish\u00ebs...\n\n(Tetor 2021)\n\n\n\n-MOS I MUNGO DRIT\u00cbS-\n\nEja, l\u00ebre bot\u00ebn e vetmis\u00eb dhe eja,\nAtje ku t\u00eb th\u00ebrret z\u00ebri im dhe n\u00eb gjum\u00eb,\nMos ki m\u00eb frik\u00eb nga vetvetja,\nBrenda saj, i dashur, tashm\u00eb jam un\u00eb...\n\nHarroi d\u00ebshtimet, tradh\u00ebtit\u00eb, humnerat,\n\u00c7ir\u00e7et me mij\u00ebra magjira e lodra,\nS'jam asgj\u00eb q\u00eb kjo bot\u00eb ka par\u00eb m\u00eb par\u00eb,\nFuqin\u00eb time, e marr ve\u00e7 nga zemra...\n\nEja i dashur, mos i mungo m\u00eb drit\u00ebs,\nShtegut, q\u00eb ajo shtron mes syve,\nEja, nj\u00eb mrekulli t'i shtohet bot\u00ebs,\nQ\u00eb veten vret mes urrejtjes e lot\u00ebve...\n\n(Korrik 2022)\n\n\n\n-DO T'U VIJ\u00cb DITA-\n\nPo shtriqet batica mbi frontin e braktisur,\nNga nj\u00eb fije, p\u00ebrher\u00eb e m\u00eb shum\u00eb,\nN\u00eb nj\u00eb gjysm\u00eb kafke bunkeri t\u00eb p\u00ebrmbusur, \nNj\u00eb pul\u00ebbardh\u00eb po darkon plot zhurm\u00eb...\n\nP\u00ebr koh\u00ebra t\u00eb larg\u00ebta po u flet val\u00ebve,\nP\u00ebr luft\u00ebn e ftoht\u00eb, ushtar\u00ebt e gurt\u00eb,\nN\u00ebndet\u00ebset, sirenat e alarmeve,\nMiqt\u00eb e armiqt\u00eb, q\u00eb n\u00eb Jon s'rrin\u00eb urt\u00eb...\n\nT\u00eb tjera koh\u00eb sot, t\u00eb tjera pallavra,\nSlogane, parrulla, heqje lirie,\nArmiq e miq, q\u00eb k\u00ebmbejn\u00eb fytyra,\nDhe pse zjarr nuk ka, era tym bie...\n\nE fal\u00ebn Shqip\u00ebrin\u00eb pa vula, pa letra,\nP\u00ebr shukat e parave, q\u00eb han\u00eb me zor,\nAshtu si gjelave do t'u vij\u00eb dita,\nMe k\u00ebmb\u00eb t'u bien, kryeve n\u00eb oborr...\n\n(Gusht 2022)\n<\/code><\/pre>\n","protected":false},"excerpt":{"rendered":"","protected":false},"author":1,"featured_media":9931,"comment_status":"open","ping_status":"open","sticky":false,"template":"","format":"standard","meta":{"footnotes":""},"categories":[7],"tags":[],"class_list":["post-9930","post","type-post","status-publish","format-standard","has-post-thumbnail","hentry","category-poezi"],"_links":{"self":[{"href":"https:\/\/revistakuvendi.org\/index.php?rest_route=\/wp\/v2\/posts\/9930","targetHints":{"allow":["GET"]}}],"collection":[{"href":"https:\/\/revistakuvendi.org\/index.php?rest_route=\/wp\/v2\/posts"}],"about":[{"href":"https:\/\/revistakuvendi.org\/index.php?rest_route=\/wp\/v2\/types\/post"}],"author":[{"embeddable":true,"href":"https:\/\/revistakuvendi.org\/index.php?rest_route=\/wp\/v2\/users\/1"}],"replies":[{"embeddable":true,"href":"https:\/\/revistakuvendi.org\/index.php?rest_route=%2Fwp%2Fv2%2Fcomments&post=9930"}],"version-history":[{"count":1,"href":"https:\/\/revistakuvendi.org\/index.php?rest_route=\/wp\/v2\/posts\/9930\/revisions"}],"predecessor-version":[{"id":9932,"href":"https:\/\/revistakuvendi.org\/index.php?rest_route=\/wp\/v2\/posts\/9930\/revisions\/9932"}],"wp:featuredmedia":[{"embeddable":true,"href":"https:\/\/revistakuvendi.org\/index.php?rest_route=\/wp\/v2\/media\/9931"}],"wp:attachment":[{"href":"https:\/\/revistakuvendi.org\/index.php?rest_route=%2Fwp%2Fv2%2Fmedia&parent=9930"}],"wp:term":[{"taxonomy":"category","embeddable":true,"href":"https:\/\/revistakuvendi.org\/index.php?rest_route=%2Fwp%2Fv2%2Fcategories&post=9930"},{"taxonomy":"post_tag","embeddable":true,"href":"https:\/\/revistakuvendi.org\/index.php?rest_route=%2Fwp%2Fv2%2Ftags&post=9930"}],"curies":[{"name":"wp","href":"https:\/\/api.w.org\/{rel}","templated":true}]}}