{"id":9915,"date":"2023-03-07T19:18:22","date_gmt":"2023-03-07T19:18:22","guid":{"rendered":"http:\/\/revistakuvendi.org\/?p=9915"},"modified":"2023-03-07T19:18:22","modified_gmt":"2023-03-07T19:18:22","slug":"mbasi-keni-zonjen-yuri-me-vete-cfare-ju-duhen-te-primares","status":"publish","type":"post","link":"https:\/\/revistakuvendi.org\/?p=9915","title":{"rendered":"MBASI KENI ZONJEN YURI ME VETE, \u00c7FARE JU DUHEN TE PRIMARES ?!"},"content":{"rendered":"\n<figure class=\"wp-block-image\"><img loading=\"lazy\" decoding=\"async\" width=\"260\" height=\"260\" src=\"https:\/\/revistakuvendi.org\/wp-content\/uploads\/2023\/03\/RUSHI-per-kopertine.jpg\" alt=\"\" class=\"wp-image-9916\" srcset=\"https:\/\/revistakuvendi.org\/wp-content\/uploads\/2023\/03\/RUSHI-per-kopertine.jpg 260w, https:\/\/revistakuvendi.org\/wp-content\/uploads\/2023\/03\/RUSHI-per-kopertine-150x150.jpg 150w, https:\/\/revistakuvendi.org\/wp-content\/uploads\/2023\/03\/RUSHI-per-kopertine-50x50.jpg 50w\" sizes=\"auto, (max-width: 260px) 100vw, 260px\" \/><\/figure>\n\n\n\n<p><strong>Rush Dragu<\/strong><\/p>\n\n\n\n<p>Gjoja\nn\u00eb emer t\u00eb Amerikes Lulzim Basha dhe keta Lulistet q\u00eb i shkojn\u00eb t\u00eb njejtit\navaz&nbsp; mbrapa perjashtuan Dr.Berishen nga Partia Demokratike e cila me t\u00eb\ngjitha format e saj \u00ebsht\u00eb krijese vet\u00ebm e tij.<\/p>\n\n\n\n<p>Pa\nasnje dyshim me at\u00eb veprim ata e p\u00ebr\u00e7an\u00eb PD, p\u00ebr interes t\u00eb tyre,t\u00eb Edi Rames\napo edhe t\u00eb&nbsp; Yuri Kim e cila gjat\u00eb gjithe ketij mandati diplomatik n\u00eb\nTiran\u00eb i ngjan\u00eb nj\u00eb diplomate autodidakte pa asnj\u00eb sjellje q\u00eb i ka hij\u00eb\ninstitucionit q\u00eb i sherben dhe supershtetit q\u00eb perfaq\u00ebson.<\/p>\n\n\n\n<p>P\u00ebrjashtuan\nSali Berishen dhe m\u00ebnduan se do t\u00eb mbretrojn\u00eb n\u00eb fronin e perjetshem t\u00eb\ndrejtimit t\u00eb PD-se nga opozita,mjafton q\u00eb t\u00eb regullojn\u00eb punet e veta,bizneset e\nveta dhe&nbsp; t\u00eb v\u00ebn\u00eb pasuri nga \u201clemosha\u201d q\u00eb do tu jepte her\u00eb pas here Edi\nRama.<\/p>\n\n\n\n<p>Dhe\nt\u00eb gjith\u00eb ket\u00eb maskarade n\u00eb dem t\u00eb pluralizmit gjoja e b\u00ebnin n\u00eb em\u00ebr t\u00eb\nDepartmentit t\u00eb Shtetit !!! Pika q\u00eb su bije m\u00eb gjith\u00eb ket\u00eb propogande banale q\u00eb\nlehin \u00e7do nat\u00eb nep\u00ebr televizionet e shqiperise.<\/p>\n\n\n\n<p>Mjafton\nt\u00eb shikosh nep\u00ebr rrjetet sociale fotografit\u00eb s\u00eb shumti m\u00eb gj\u00ebndje zgerdhimje t\u00eb\nZonjes Yuri Kim me pjes\u00eb t\u00eb pushtettit t\u00eb Rilindjes dhe menj\u00ebhere do t\u00eb kuptosh\nse \u00e7fare niveli ka zyrtarja e Rruges Elbasanit.Nuk \u00ebsht\u00eb \u00e7udi mbasi amerika\n\u00ebsht\u00eb&nbsp; e madhe dhe ka t\u00eb gjitha nivelet dhe t\u00eb gjitha format e\nintelektualit e aq me teper nuk mund t\u00eb investoj p\u00ebr nivele m\u00eb shume s\u00eb sa\nZonja Yuri mbasi nj\u00eb shtet si Shqiperia me shume s\u00eb 80% e kongresit dhe senatit\namerikan nuk e din\u00eb se ku ndodhet n\u00eb harten e bot\u00ebs.<\/p>\n\n\n\n<p>Me\ngjith\u00eb ket\u00eb p\u00ebrbaltosje nga grupi i Yurit-Bashes-Alibeaj q\u00eb kan\u00eb ber\u00eb ndaj\nPD-se dhe Sali Berishes do t\u00eb ishte tradhetia m\u00eb e madhe q\u00eb do ti behej\nelektoratit tashme t\u00eb ringritur t\u00eb PD-se po tu zgjatej dora p\u00ebr ti shpetuar nga\ndhumi ku kan\u00eb r\u00ebn\u00eb grupi i Braves dhe Vules<\/p>\n\n\n\n<p>At\u00eb\nq\u00eb Sali Berisha e ringriti nga 9 shtatori 2021 e deri sot do t\u00eb ishte krimi m\u00eb\ni madh q\u00eb do ti b\u00ebnt\u00eb PD-se dhe karrieres s\u00eb tij politike n.q.s do t\u00eb binte n\u00eb\nbatakun e atyre q\u00eb tashme kan\u00eb humb\u00eb gjith\u00e7ka p\u00ebrve\u00e7 vules q\u00eb nuk vlen asgje<\/p>\n\n\n\n<p>Kandidatet\ne dalun me system dhe model 100% amerikan nuk i voton as Edi Rama as Yuri Kim\nas vete amerikanet (perjashto shqiptaro-amerikanet) as amabasada e as\nkancelarite e Evropes por shqiptaret.I votojne ata q\u00eb kan\u00eb nevoje p\u00ebr ndryshim\ndhe rrotacion pushteti.I votojne ata q\u00eb deshirojne dhe aspirojn\u00eb p\u00ebr pluralizem\nmendimi dhe veprimi,prandaj FUSHA E BETEJES ESHTE E HAPUR,LE TE PROVOJNE FORCAT\n\u201cGRUPI I BRAVES DHE VULES\u201d<\/p>\n\n\n\n<p><strong>Mund t\u00eb na ndiqni edhe n\u00eb&nbsp;<a href=\"http:\/\/radioiliria.net\/\">www.radioiliria.net<\/a><\/strong><\/p>\n","protected":false},"excerpt":{"rendered":"<p>Rush Dragu Gjoja n\u00eb emer t\u00eb Amerikes Lulzim Basha dhe keta Lulistet q\u00eb i shkojn\u00eb t\u00eb njejtit avaz&nbsp; mbrapa perjashtuan Dr.Berishen nga Partia Demokratike e cila me t\u00eb gjitha format e saj \u00ebsht\u00eb krijese vet\u00ebm e tij. Pa asnje dyshim me at\u00eb veprim ata e p\u00ebr\u00e7an\u00eb PD, p\u00ebr interes t\u00eb tyre,t\u00eb Edi Rames apo edhe&hellip;<\/p>\n","protected":false},"author":1,"featured_media":9916,"comment_status":"open","ping_status":"open","sticky":false,"template":"","format":"standard","meta":{"footnotes":""},"categories":[3],"tags":[],"class_list":["post-9915","post","type-post","status-publish","format-standard","has-post-thumbnail","hentry","category-politike"],"_links":{"self":[{"href":"https:\/\/revistakuvendi.org\/index.php?rest_route=\/wp\/v2\/posts\/9915","targetHints":{"allow":["GET"]}}],"collection":[{"href":"https:\/\/revistakuvendi.org\/index.php?rest_route=\/wp\/v2\/posts"}],"about":[{"href":"https:\/\/revistakuvendi.org\/index.php?rest_route=\/wp\/v2\/types\/post"}],"author":[{"embeddable":true,"href":"https:\/\/revistakuvendi.org\/index.php?rest_route=\/wp\/v2\/users\/1"}],"replies":[{"embeddable":true,"href":"https:\/\/revistakuvendi.org\/index.php?rest_route=%2Fwp%2Fv2%2Fcomments&post=9915"}],"version-history":[{"count":1,"href":"https:\/\/revistakuvendi.org\/index.php?rest_route=\/wp\/v2\/posts\/9915\/revisions"}],"predecessor-version":[{"id":9917,"href":"https:\/\/revistakuvendi.org\/index.php?rest_route=\/wp\/v2\/posts\/9915\/revisions\/9917"}],"wp:featuredmedia":[{"embeddable":true,"href":"https:\/\/revistakuvendi.org\/index.php?rest_route=\/wp\/v2\/media\/9916"}],"wp:attachment":[{"href":"https:\/\/revistakuvendi.org\/index.php?rest_route=%2Fwp%2Fv2%2Fmedia&parent=9915"}],"wp:term":[{"taxonomy":"category","embeddable":true,"href":"https:\/\/revistakuvendi.org\/index.php?rest_route=%2Fwp%2Fv2%2Fcategories&post=9915"},{"taxonomy":"post_tag","embeddable":true,"href":"https:\/\/revistakuvendi.org\/index.php?rest_route=%2Fwp%2Fv2%2Ftags&post=9915"}],"curies":[{"name":"wp","href":"https:\/\/api.w.org\/{rel}","templated":true}]}}