{"id":9904,"date":"2023-02-21T22:27:36","date_gmt":"2023-02-21T22:27:36","guid":{"rendered":"http:\/\/revistakuvendi.org\/?p=9904"},"modified":"2023-02-21T22:27:36","modified_gmt":"2023-02-21T22:27:36","slug":"u-festua-me-madheshti-pavaresia-e-kosoves-ne-michigan","status":"publish","type":"post","link":"https:\/\/revistakuvendi.org\/?p=9904","title":{"rendered":"U festua me madh\u00ebshti Pavar\u00ebsia e Kosov\u00ebs n\u00eb Michigan"},"content":{"rendered":"\n<figure class=\"wp-block-image\"><img loading=\"lazy\" decoding=\"async\" width=\"180\" height=\"180\" src=\"https:\/\/revistakuvendi.org\/wp-content\/uploads\/2023\/02\/valiper-kopertine.jpg\" alt=\"\" class=\"wp-image-9905\" srcset=\"https:\/\/revistakuvendi.org\/wp-content\/uploads\/2023\/02\/valiper-kopertine.jpg 180w, https:\/\/revistakuvendi.org\/wp-content\/uploads\/2023\/02\/valiper-kopertine-150x150.jpg 150w, https:\/\/revistakuvendi.org\/wp-content\/uploads\/2023\/02\/valiper-kopertine-50x50.jpg 50w\" sizes=\"auto, (max-width: 180px) 100vw, 180px\" \/><\/figure>\n\n\n\n<p><strong><em>Nga\nValentin Lumaj\/Michigan<\/em><\/strong><\/p>\n\n\n\n<p>T\u00eb shtun\u00ebn me 18 Shkurt, n\u00eb sall\u00ebn moderne t\u00eb Qendres Kulturore N\u00ebn\u00eb Tereza, u festua 15 vjetori i Pavar\u00ebsis\u00eb s\u00eb Kosov\u00ebs. Ky aktivitet u organizua nga Shoqata Kosova n\u00eb bashk\u00ebpunim m\u00eb K\u00ebshillin e Kish\u00ebs Zoja Pajtore. <\/p>\n\n\n\n<figure class=\"wp-block-image\"><img loading=\"lazy\" decoding=\"async\" width=\"700\" height=\"525\" src=\"https:\/\/revistakuvendi.org\/wp-content\/uploads\/2023\/02\/vali1-priftat.jpg\" alt=\"\" class=\"wp-image-9906\" srcset=\"https:\/\/revistakuvendi.org\/wp-content\/uploads\/2023\/02\/vali1-priftat.jpg 700w, https:\/\/revistakuvendi.org\/wp-content\/uploads\/2023\/02\/vali1-priftat-300x225.jpg 300w\" sizes=\"auto, (max-width: 700px) 100vw, 700px\" \/><\/figure>\n\n\n\n<p>Pregatitjet p\u00ebr k\u00ebt\u00eb fest\u00eb duksh\u00ebm kan\u00eb qen\u00eb t\u00eb gjithanshme, q\u00eb nga dekorimi, programi i pasur artistik, t\u00eb ftuarit e nderit dhe ushqimet tradicionale shqiptare. Moren pjes\u00eb rreth 400 persona. Spikat\u00ebn t\u00eb ftuarit e nderit nga shteti amerikan; mori pjes\u00eb perfaq\u00ebsuesi i Senatorit Gary Peters Mr. Michael Schmid, p\u00ebrfaq\u00ebsuesi i Kongresistes Lisa McClain, Mr. Alex Aprile, nga kleri Katolik moren pjes\u00eb Dom Fran Kola, i cili sh\u00ebrben n\u00eb nj\u00eb famulli n\u00eb Gjilan, Dom Fred Kalaj, dhe dom Giovani Kokona, t\u00eb dy famullitare i Kish\u00ebs s\u00eb Sh\u00ebn Palit dhe i zoti sht\u00ebpis\u00eb i p\u00ebrndershmi Dom Ndue Gjergji. <\/p>\n\n\n\n<figure class=\"wp-block-image\"><img loading=\"lazy\" decoding=\"async\" width=\"700\" height=\"408\" src=\"https:\/\/revistakuvendi.org\/wp-content\/uploads\/2023\/02\/Valenetini-salla.jpg\" alt=\"\" class=\"wp-image-9907\" srcset=\"https:\/\/revistakuvendi.org\/wp-content\/uploads\/2023\/02\/Valenetini-salla.jpg 700w, https:\/\/revistakuvendi.org\/wp-content\/uploads\/2023\/02\/Valenetini-salla-300x175.jpg 300w\" sizes=\"auto, (max-width: 700px) 100vw, 700px\" \/><\/figure>\n\n\n\n<p>Ligj\u00ebruesi\ni nderit ishte ftuar nga Kosova prof. dr. Lush Culaj. Gjithashtu ishin ftuar me\nkoh\u00eb dhe mor\u00ebn pjes\u00eb p\u00ebrfaq\u00ebsuesit e shoqatave atdhetare, p\u00ebrfaq\u00ebsues t\u00eb\nmediave lokale shqiptare, vizive dhe t\u00eb shkuara n\u00eb Michigan. <\/p>\n\n\n\n<p>Gjithashtu moren pjese perfaqesues i kompanise Coca-Cola, Joshua Bennett, dhe perfaqesuesi i Leonard\u2019s Sirup, Lucas Iskra<\/p>\n\n\n\n<figure class=\"wp-block-image\"><img loading=\"lazy\" decoding=\"async\" width=\"800\" height=\"557\" src=\"https:\/\/revistakuvendi.org\/wp-content\/uploads\/2023\/02\/vali4vallja.jpg\" alt=\"\" class=\"wp-image-9908\" srcset=\"https:\/\/revistakuvendi.org\/wp-content\/uploads\/2023\/02\/vali4vallja.jpg 800w, https:\/\/revistakuvendi.org\/wp-content\/uploads\/2023\/02\/vali4vallja-300x209.jpg 300w, https:\/\/revistakuvendi.org\/wp-content\/uploads\/2023\/02\/vali4vallja-768x535.jpg 768w\" sizes=\"auto, (max-width: 800px) 100vw, 800px\" \/><\/figure>\n\n\n\n<p>Mbr\u00ebmja\nfesive u moderua nga artistja e njohur Joli Paparisto dhe Mentor Nrejaj.<\/p>\n\n\n\n<p>Festa\nfilloi me nje parad\u00eb flamurit Amerikan, flamurit Shqiptar dhe flamurit t\u00eb\nKosov\u00ebs, e cila u shoq\u00ebrua nga hymnet komb\u00ebtare Amerikan dhe Shqiptar, t\u00eb\nk\u00ebnduara nga k\u00ebng\u00ebtarja Ledi Paparisto. Parada e flamujve u aktrua nga grupi i\nvalles \u201cIllyrians\u201d t\u00eb Kish\u00ebs Zoja Pajtore t\u00eb cil\u00ebt mbas parad\u00ebs performuan nj\u00eb\nvalle patriotike n\u00ebn shoq\u00ebrimin m\u00eb tupan nga Arsid Ceka.<\/p>\n\n\n\n<p>Darka\nu hap nga tre famullitar\u00ebt Dom Ndue Gjergji, Dom Fred Kalaj dhe Dom Fran Kola,\nt\u00eb cil\u00ebt n\u00eb p\u00ebrsh\u00ebndetjet e tyr\u00eb uruan pavar\u00ebsin\u00eb e Kosov\u00ebs dhe bekuan Dark\u00ebn.<\/p>\n\n\n\n<p>M\u00eb\npas p\u00ebrsh\u00ebndeti perfaq\u00ebsuesi i senatorit Peters, Michael Schmid, i cili i\ndor\u00ebzoi kryetarit t\u00eb Shoqat\u00ebs Kosova Gjergj Qeta nj\u00eb Certifikat\u00eb Mirenjohjeje.\nZoti Qeta, n\u00eb fjal\u00ebn e tij solli n\u00eb kujtes\u00eb luft\u00ebn dhe p\u00ebrpjekjet e popullit\nshqipar t\u00eb Kosov\u00ebs p\u00ebr liri dhe pavar\u00ebsi.<\/p>\n\n\n\n<p>Mbas\np\u00ebrshendetjes s\u00eb p\u00ebrfaqesuesit t\u00eb Kongresistes Lisa McClain, Alex Aprile, fjal\u00ebn\ne rastit e mori prof. dr. Lush Culaj, i cili mbajti ligj\u00ebrat\u00ebn e tij mbi\nr\u00ebnd\u00ebsin\u00eb historike t\u00eb shpalljes s\u00eb pavar\u00ebsis\u00eb s\u00eb Kosov\u00ebs.<\/p>\n\n\n\n<p>Ceremonia vazhdoi me dy valle t\u00eb grupit \u201cIllyrians\u201d, q\u00eb t\u00ebrhoq\u00ebn vemendjen e t\u00eb pranishm\u00ebve, jo vet\u00ebm me pregatitjen profesionale, por edhe me veshjet e mrekullueshme komb\u00ebtare shqiptare. <\/p>\n\n\n\n<figure class=\"wp-block-image\"><img loading=\"lazy\" decoding=\"async\" width=\"700\" height=\"558\" src=\"https:\/\/revistakuvendi.org\/wp-content\/uploads\/2023\/02\/valikryetaret-e-shoqatave.jpg\" alt=\"\" class=\"wp-image-9909\" srcset=\"https:\/\/revistakuvendi.org\/wp-content\/uploads\/2023\/02\/valikryetaret-e-shoqatave.jpg 700w, https:\/\/revistakuvendi.org\/wp-content\/uploads\/2023\/02\/valikryetaret-e-shoqatave-300x239.jpg 300w\" sizes=\"auto, (max-width: 700px) 100vw, 700px\" \/><\/figure>\n\n\n\n<p>N\u00eb\nvazhdim p\u00ebrsh\u00ebndet\u00ebn p\u00ebrfaq\u00ebsuesit e shoqatave atdhetare n\u00eb Michigan,\nrespektivisht: Ndrek Gjolaj p\u00ebr shoqat\u00ebn Mal\u00ebsia e Madhe, Vilson Sinishtaj p\u00ebr\nShoqat\u00ebn Jehona e Mal\u00ebsis\u00eb, Fran Nucullaj p\u00ebr shoqat\u00ebn Koja, Ndue Ftoni p\u00ebr\nshoqat\u00ebn Dukagjini, Lindon Lajcaj p\u00ebr shoqat\u00ebn Rapsha n\u00eb M\u00ebrgim, Albert Arapaj\np\u00ebr shoqat\u00ebn Mirdita, Mark Gjokaj p\u00ebr keshillin Gjergj Fishta dhe Valentin\nLumaj p\u00ebr shoqat\u00ebn Kastrati. Ata n\u00eb pershendetjet e tyre p\u00ebrcoll\u00ebn urimet e\ntyre p\u00ebr pavarsin\u00eb e Kosov\u00ebs dhe fol\u00ebn p\u00ebr n\u00eb figur\u00ebn dhe rolin e\njasht\u00ebzakonsh\u00ebm q\u00eb luajti dr. Ibrahim Rugova, dhe heroi Adem Jashari, dhe\nthur\u00ebn lavde p\u00ebr heronjt e liris\u00eb dhe pavar\u00ebsis\u00eb s\u00eb Kosov\u00ebs.<\/p>\n\n\n\n<p>N\u00eb\nvazhdim k\u00ebnduan k\u00ebng\u00eb patriotik\u00eb k\u00ebng\u00ebtar\u00ebt m\u00eb t\u00eb rinj t\u00eb komunitetit, Valon\nGjolaj dhe Albana Goj\u00e7aj.<\/p>\n\n\n\n<p>Mbr\u00ebmja\nvazhdoi n\u00eb nj\u00eb atmosfer\u00eb g\u00ebzimi dhe harmonie. Ushqimet dhe sh\u00ebrbimi\nprofessional ishin n\u00ebn kujdesin e menaxherit t\u00eb sall\u00ebs s\u00eb Qendr\u00ebs Kulturore,\nNdrec Merditaj<\/p>\n\n\n\n<p>Pjesa\ne dyt\u00eb e mbr\u00ebmjes o plot\u00ebsua nga grupi Artistik me k\u00ebng\u00ebtaret e mirenjohur\nAlbina Ndrejaj dhe Zef Duhanaj n\u00eb shoq\u00ebrimin profesional te muzikantit Elvis\nT\u00ebrshana.<\/p>\n\n\n\n<p>Darka\nvazhdoi me nj\u00eb atmosfer\u00eb g\u00ebzimi, ku pjes\u00ebmarr\u00ebsit k\u00ebrcyen dhe u arg\u00ebtuan deri\nn\u00eb or\u00ebt e vona. <\/p>\n\n\n\n<p>Shoqata\nKosova dhe Dom Ndue Gjergji falenderojne dhe jane mirenjohes Keshillit te\nKishes Zoja Pajtore dhe te gjithe donatoret dhe vullnetaret qe bene te mundur\nrealizimin e kesaj feste madheshtore.<\/p>\n","protected":false},"excerpt":{"rendered":"<p>Nga Valentin Lumaj\/Michigan T\u00eb shtun\u00ebn me 18 Shkurt, n\u00eb sall\u00ebn moderne t\u00eb Qendres Kulturore N\u00ebn\u00eb Tereza, u festua 15 vjetori i Pavar\u00ebsis\u00eb s\u00eb Kosov\u00ebs. Ky aktivitet u organizua nga Shoqata Kosova n\u00eb bashk\u00ebpunim m\u00eb K\u00ebshillin e Kish\u00ebs Zoja Pajtore. Pregatitjet p\u00ebr k\u00ebt\u00eb fest\u00eb duksh\u00ebm kan\u00eb qen\u00eb t\u00eb gjithanshme, q\u00eb nga dekorimi, programi i pasur artistik,&hellip;<\/p>\n","protected":false},"author":1,"featured_media":9905,"comment_status":"open","ping_status":"open","sticky":false,"template":"","format":"standard","meta":{"footnotes":""},"categories":[12],"tags":[],"class_list":["post-9904","post","type-post","status-publish","format-standard","has-post-thumbnail","hentry","category-jete-komuniteti"],"_links":{"self":[{"href":"https:\/\/revistakuvendi.org\/index.php?rest_route=\/wp\/v2\/posts\/9904","targetHints":{"allow":["GET"]}}],"collection":[{"href":"https:\/\/revistakuvendi.org\/index.php?rest_route=\/wp\/v2\/posts"}],"about":[{"href":"https:\/\/revistakuvendi.org\/index.php?rest_route=\/wp\/v2\/types\/post"}],"author":[{"embeddable":true,"href":"https:\/\/revistakuvendi.org\/index.php?rest_route=\/wp\/v2\/users\/1"}],"replies":[{"embeddable":true,"href":"https:\/\/revistakuvendi.org\/index.php?rest_route=%2Fwp%2Fv2%2Fcomments&post=9904"}],"version-history":[{"count":1,"href":"https:\/\/revistakuvendi.org\/index.php?rest_route=\/wp\/v2\/posts\/9904\/revisions"}],"predecessor-version":[{"id":9910,"href":"https:\/\/revistakuvendi.org\/index.php?rest_route=\/wp\/v2\/posts\/9904\/revisions\/9910"}],"wp:featuredmedia":[{"embeddable":true,"href":"https:\/\/revistakuvendi.org\/index.php?rest_route=\/wp\/v2\/media\/9905"}],"wp:attachment":[{"href":"https:\/\/revistakuvendi.org\/index.php?rest_route=%2Fwp%2Fv2%2Fmedia&parent=9904"}],"wp:term":[{"taxonomy":"category","embeddable":true,"href":"https:\/\/revistakuvendi.org\/index.php?rest_route=%2Fwp%2Fv2%2Fcategories&post=9904"},{"taxonomy":"post_tag","embeddable":true,"href":"https:\/\/revistakuvendi.org\/index.php?rest_route=%2Fwp%2Fv2%2Ftags&post=9904"}],"curies":[{"name":"wp","href":"https:\/\/api.w.org\/{rel}","templated":true}]}}