{"id":9900,"date":"2023-02-14T01:58:27","date_gmt":"2023-02-14T01:58:27","guid":{"rendered":"http:\/\/revistakuvendi.org\/?p=9900"},"modified":"2023-02-14T01:58:27","modified_gmt":"2023-02-14T01:58:27","slug":"poezi-nga-pjeter-jaku-6","status":"publish","type":"post","link":"https:\/\/revistakuvendi.org\/?p=9900","title":{"rendered":"Poezi nga Pjeter Jaku"},"content":{"rendered":"\n<figure class=\"wp-block-image\"><img loading=\"lazy\" decoding=\"async\" width=\"160\" height=\"185\" src=\"https:\/\/revistakuvendi.org\/wp-content\/uploads\/2023\/02\/pjetri-23-per-kopertine.jpg\" alt=\"\" class=\"wp-image-9901\"\/><\/figure>\n\n\n<p><strong>DASHURIA<\/strong><\/p>\n<p><strong>\u00a0<\/strong><\/p>\n<p>T\u2019i mb\u00ebshtillesh dikujt,<\/p>\n<p>Ta rrethosh ajrin me krah\u00eb,<\/p>\n<p>T\u2019u nanshtrohesh drithmave,<\/p>\n<p>T\u00eb mos i duash p\u00ebr gjynah!<\/p>\n<p>Pastaj,\u00a0 t\u00eb b\u00ebhesh lisi,<\/p>\n<p>Ku andrra<\/p>\n<p>T\u00eb ngjitet p\u00ebr ty!<\/p>\n<p>\u00c7do gj\u00eb q\u00eb nuk ndahet,<\/p>\n<p>\u00cbsht\u00eb dashuri!<\/p>\n<p><strong>\u00a0<\/strong><\/p>\n<p><strong>\u00a0<\/strong><\/p>\n<p>\u00a0<\/p>\n<p><strong>T\u00a0 I<\/strong><\/p>\n<p>\u00a0<\/p>\n<p>Ti je si deti<\/p>\n<p>Dhe sa deti!<\/p>\n<p>Ti je sa qielli<\/p>\n<p>Dhe si qielli,<\/p>\n<p>Ti je si fjala<\/p>\n<p>Dhe sa fjala,<\/p>\n<p>Ti je bota<\/p>\n<p>Dhe sa bota,<\/p>\n<p>Ti je planeti<\/p>\n<p>Me vet\u00ebm<\/p>\n<p>Nj\u00eb em\u00ebr,<\/p>\n<p>Ti q\u00eb gurit<\/p>\n<p>I v\u00eb zem\u00ebr,<\/p>\n<p>Ti je fryma<\/p>\n<p>Dhe frym\u00ebzimi<\/p>\n<p>Vet,<\/p>\n<p>Ti, gjith\u00eb sendeve<\/p>\n<p>N\u00eb bot\u00eb<\/p>\n<p>I jep jet\u00eb,<\/p>\n<p>Ti je krejt gjallesa<\/p>\n<p>Dhe bim\u00ebsia<\/p>\n<p>E tok\u00ebs,<\/p>\n<p>Ti je Mbret\u00ebresha<\/p>\n<p>Mbi gjith\u00eb mbret\u00ebrit<\/p>\n<p>E bot\u00ebs,<\/p>\n<p>Ti je kund\u00ebrshtia<\/p>\n<p>E idhnimit njeri<\/p>\n<p>Ti je gjith\u00ebsia<\/p>\n<p>DASHURI!<\/p>\n<p>Ti je si shpata<\/p>\n<p>E Demokleut,<\/p>\n<p>Ti e zgjidh nyjen<\/p>\n<p>E pazgjidhur<\/p>\n<p>Gordiane,<\/p>\n<p>Ti mbin\u00eb furish\u00ebm<\/p>\n<p>Nga thell\u00ebsia<\/p>\n<p>E dheut,<\/p>\n<p>Si nj\u00eb stuhi<\/p>\n<p>N\u00eb nj\u00ebmij<\/p>\n<p>Tufane!<\/p>\n<p>Ti je buz\u00ebqeshja<\/p>\n<p>E hapsir\u00ebs<\/p>\n<p>Pafund,<\/p>\n<p>Ti je e mira,<\/p>\n<p>Q\u00eb t\u00eb keqen<\/p>\n<p>E mund,<\/p>\n<p>Ti je si ti<\/p>\n<p>Dhe vet\u00ebm<\/p>\n<p>Ti!<\/p>\n<p><strong>\u00a0<\/strong><\/p>\n<p><strong>\u00a0<\/strong><\/p>\n<p><strong>PYES VETEN\u2026<\/strong><\/p>\n<p><strong>\u00a0<\/strong><\/p>\n<p>Si nuk po gj\u00ebj nj\u00eb Itak\u00eb<\/p>\n<p>T\u00eb ankoroj deshirat e mia,<\/p>\n<p>Si nj\u00eb Odise i shkatht\u00eb<\/p>\n<p>Penelopes durimin t\u2019i blija!<\/p>\n<p>\u00a0<\/p>\n<p>T\u2019i fry e shfry kacek\u00ebt e er\u00ebs<\/p>\n<p>Me peshqit q\u00eb k\u00ebrc\u00ebjn\u00eb mbi val\u00eb<\/p>\n<p>Nat\u00ebs s\u00eb fshehur pas zemr\u00ebs<\/p>\n<p>Ti jap edhe syt\u00eb e mi t\u00eb zjarrt\u00eb.<\/p>\n<p>\u00a0<\/p>\n<p>N\u00ebse pabesia nuk hy midis nesh,<\/p>\n<p>Me Penelopen krejt bot\u00ebn do ta vesh,<\/p>\n<p>Sa, edhe drur\u00ebt t\u00eb duhen si njer\u00ebz!<\/p>\n<p>\u00a0<\/p>\n<p><strong>\u00a0<\/strong><\/p>\n<p><strong>\u00a0 FLUIDITET<\/strong><\/p>\n<p>\u00a0<\/p>\n<p>Ti je mali pa pesh\u00eb, pa mas\u00eb,<\/p>\n<p>Nuk ke gjat\u00ebsi dhe asnj\u00eb lloj\u00eb perimetri,<\/p>\n<p>Nuk kap\u00ebsh prej asnj\u00eb dore dhe fjale<\/p>\n<p>Ti je nisja e kthyer n\u00eb ardhje!<\/p>\n<p>Ti erdhe te un\u00eb p\u00ebr t\u00eb m\u00eb treguar,<\/p>\n<p>Ve\u00e7 nj\u00eb llamp\u00eb q\u00eb kisha harruar<\/p>\n<p>Ta ndez!<\/p>\n<p>Ti, n\u00eb paradhom\u00ebn time<\/p>\n<p>T\u00eb harres\u00ebs,<\/p>\n<p>E shtove nj\u00eb \u00e7el\u00ebs!<\/p>\n<p>\u00a0<\/p>\n<p>\u00a0<\/p>\n<p><strong>Antonimi\u2026 <\/strong><\/p>\n<p><strong>\u00a0<\/strong><\/p>\n<p>Dashnia nuk asht let\u00ebr alkolike<\/p>\n<p>Me i pastru duart pas prekjes!<\/p>\n<p>Dashni asht me dasht njeriun,<\/p>\n<p>Deri n\u00eb fund t\u00eb kujtes\u00ebs!<\/p>\n<p>\u00a0<\/p>\n<p>Dashni nuk asht interesi<\/p>\n<p>P\u00ebr t\u00eb \u201cshitur\u201d lakmit\u00eb tuja<\/p>\n<p>T\u00eb momentit,<\/p>\n<p>Dashnia \u00ebsht\u00eb t\u00eb mos mjaftohesh<\/p>\n<p>Me k\u00ebnaq\u00ebsin\u00eb t\u00ebnde,<\/p>\n<p>Po dhe t\u00eb tjetrit!<\/p>\n<p>\u00a0<\/p>\n<p>Dashnia asht t\u00eb mendosh dhe flijimin,<\/p>\n<p>N\u00eb pamund\u00ebsin\u00eb p\u00ebr t\u00eb q\u00ebn\u00eb<\/p>\n<p>Bashk\u00eb!<\/p>\n<p>Dashni asht edhe pa e prek njeriun,<\/p>\n<p>Me dasht\u00eb!<\/p>\n<p>\u00a0<\/p>\n<p><strong>\u00a0<\/strong><\/p>\n<p><strong>PERVE\u00c7 TEJE<\/strong><\/p>\n<p><strong>\u00a0<\/strong><\/p>\n<p>Ti je shteg q\u00eb m\u00eb \u00e7on n\u00eb vullkan<\/p>\n<p>Ti je zjarr q\u00eb m\u00eb djeg e m\u00eb zgjon<\/p>\n<p>Un\u00eb, asgj\u00eb p\u00ebrve\u00e7 teje sot nuk kam<\/p>\n<p>M\u00eb jep frym\u00eb dhe m\u00eb nxjerr nga ky hon!<\/p>\n<p>\u00a0<\/p>\n<p>Ku kam r\u00ebn\u00eb pa e ditur se ku jam,<\/p>\n<p>Gjith\u00eb jet\u00ebn t\u00eb jetoj me diellin tand!<\/p>\n<p>Ti je drita q\u00eb po humb bashk\u00eb me syt\u00eb<\/p>\n<p>Ti je koh\u00eb, nuk je dite, nuk je muaj, nuk je vit<\/p>\n<p>Je e ngjitur krejt p\u00ebr mua ind p\u00ebr ind!<\/p>\n<p>\u00a0<\/p>\n<p>Je nj\u00eb shtes\u00eb e domosdoshme q\u00eb t\u00eb nxit<\/p>\n<p>P\u00ebr t\u00eb q\u00ebn\u00eb ai q\u00eb s\u2019je e s\u2019mund t\u00eb jesh<\/p>\n<p>Gjith\u00eb yjet q\u00eb u dogjen p\u00ebr t\u2019i ndez<\/p>\n<p>P\u00ebr t\u00eb par\u00eb atje ku s\u2019mbrrin asnj\u00eb shqiponj\u00eb<\/p>\n<p>Ti je drit\u00eb e dit\u00ebp\u00ebrdit\u00ebshme q\u00eb t\u00eb mbron<\/p>\n<p>Nga nj\u00eb sulm pa kalendar e pa jehon\u00eb!<\/p>\n<p><strong>\u00a0<\/strong><\/p>\n<p><strong>\u00a0<\/strong><\/p>\n<p><strong>HARTA\u00a0 IME\u00a0 <\/strong><\/p>\n<p>\u00a0<\/p>\n<p>T\u00eb gjitha krahinat e mia t\u00eb trupit<\/p>\n<p>N\u00eb gjeografin\u00eb fizike t\u00eb dejeve<\/p>\n<p>N\u00eb Veri kam zon\u00ebn e ftoht\u00eb t\u00eb trurit<\/p>\n<p>N\u00eb an\u00ebn e majt\u00eb t\u00eb zbehjeve\u2026<\/p>\n<p>\u00a0<\/p>\n<p>P\u00ebr ndonj\u00eb faj q\u00eb rast\u00ebsisht m\u00eb troket<\/p>\n<p>Ndonj\u00eb lajthitje t\u00eb pamenduar mir\u00eb<\/p>\n<p>Drejt\u00ebpeshimin ma ban m\u00eb t\u00eb r\u00ebnd\u00eb<\/p>\n<p>Kur shpresat m\u2019i vrasin n\u00eb r\u00ebnie t\u00eb lir\u00eb!<\/p>\n<p>\u00a0<\/p>\n<p>K\u00ebmb\u00ebt zbresin nj\u00eblloj drejt tok\u00ebs<\/p>\n<p>Si dy shtylla t\u00eb hekurta qendrese.<\/p>\n<p>Krah\u00ebt, nj\u00eblloj ngrihen drejt kok\u00ebs<\/p>\n<p>N\u00eb form\u00eb lutjeje dhe pendese!<\/p>\n<p>\u00a0<\/p>\n<p>Teoria e Kopernikut p\u00ebr levizjen planetare<\/p>\n<p>Rrotullon\u00a0 gjith\u00eb jet\u00ebn planetet e\u00a0 trupit tim<\/p>\n<p>Tuj dhan\u00eb drit\u00eb ma shum\u00eb se dhjetra centrale,<\/p>\n<p>Vet\u00ebm p\u00ebr DASHURIN\u00cb!<\/p>\n<p>\u00a0<\/p>\n<p>\u00a0<\/p>\n<p><strong>Amnezi<\/strong><\/p>\n<p>\u00a0<\/p>\n<p>Ti je ila\u00e7i im<\/p>\n<p>Q\u00eb m\u00eb v\u00eb n\u00eb gjum\u00eb<\/p>\n<p>B\u00ebj t\u00eb ngrihem<\/p>\n<p>S\u2019m\u00eb le \u00ebndrra<\/p>\n<p>M\u00eb t\u00ebrheq<\/p>\n<p>P\u00ebr fryme shum\u00eb!<\/p>\n<p>B\u00ebj t\u00eb flas<\/p>\n<p>Ti ma z\u00eb goj\u00ebn,<\/p>\n<p>Se prej buze<\/p>\n<p>ma merr fjalen,<\/p>\n<p>ma merr frym\u00ebn<\/p>\n<p>thu se vdiqa<\/p>\n<p>dhe ti prap\u00eb<\/p>\n<p>ma sjell ringjalljen!<\/p>\n<p>Ti se ti<\/p>\n<p>Por, un\u00eb dhe un\u00eb<\/p>\n<p>Do shkojm\u00eb<\/p>\n<p>Larg n\u00eb p\u00ebrjet\u00ebsi<\/p>\n<p>Ti e di<\/p>\n<p>Se un\u00eb t\u00eb \u00a0pres,<\/p>\n<p>Se nuk shkoj<\/p>\n<p>Askund pa Ty!<\/p>","protected":false},"excerpt":{"rendered":"<p>DASHURIA \u00a0 T\u2019i mb\u00ebshtillesh dikujt, Ta rrethosh ajrin me krah\u00eb, T\u2019u nanshtrohesh drithmave, T\u00eb mos i duash p\u00ebr gjynah! Pastaj,\u00a0 t\u00eb b\u00ebhesh lisi, Ku andrra T\u00eb ngjitet p\u00ebr ty! \u00c7do gj\u00eb q\u00eb nuk ndahet, \u00cbsht\u00eb dashuri! \u00a0 \u00a0 \u00a0 T\u00a0 I \u00a0 Ti je si deti Dhe sa deti! Ti je sa qielli Dhe si&hellip;<\/p>\n","protected":false},"author":1,"featured_media":9901,"comment_status":"open","ping_status":"open","sticky":false,"template":"","format":"standard","meta":{"footnotes":""},"categories":[7],"tags":[],"class_list":["post-9900","post","type-post","status-publish","format-standard","has-post-thumbnail","hentry","category-poezi"],"_links":{"self":[{"href":"https:\/\/revistakuvendi.org\/index.php?rest_route=\/wp\/v2\/posts\/9900","targetHints":{"allow":["GET"]}}],"collection":[{"href":"https:\/\/revistakuvendi.org\/index.php?rest_route=\/wp\/v2\/posts"}],"about":[{"href":"https:\/\/revistakuvendi.org\/index.php?rest_route=\/wp\/v2\/types\/post"}],"author":[{"embeddable":true,"href":"https:\/\/revistakuvendi.org\/index.php?rest_route=\/wp\/v2\/users\/1"}],"replies":[{"embeddable":true,"href":"https:\/\/revistakuvendi.org\/index.php?rest_route=%2Fwp%2Fv2%2Fcomments&post=9900"}],"version-history":[{"count":1,"href":"https:\/\/revistakuvendi.org\/index.php?rest_route=\/wp\/v2\/posts\/9900\/revisions"}],"predecessor-version":[{"id":9902,"href":"https:\/\/revistakuvendi.org\/index.php?rest_route=\/wp\/v2\/posts\/9900\/revisions\/9902"}],"wp:featuredmedia":[{"embeddable":true,"href":"https:\/\/revistakuvendi.org\/index.php?rest_route=\/wp\/v2\/media\/9901"}],"wp:attachment":[{"href":"https:\/\/revistakuvendi.org\/index.php?rest_route=%2Fwp%2Fv2%2Fmedia&parent=9900"}],"wp:term":[{"taxonomy":"category","embeddable":true,"href":"https:\/\/revistakuvendi.org\/index.php?rest_route=%2Fwp%2Fv2%2Fcategories&post=9900"},{"taxonomy":"post_tag","embeddable":true,"href":"https:\/\/revistakuvendi.org\/index.php?rest_route=%2Fwp%2Fv2%2Ftags&post=9900"}],"curies":[{"name":"wp","href":"https:\/\/api.w.org\/{rel}","templated":true}]}}