{"id":9866,"date":"2022-12-15T13:57:34","date_gmt":"2022-12-15T13:57:34","guid":{"rendered":"http:\/\/revistakuvendi.org\/?p=9866"},"modified":"2022-12-15T13:57:34","modified_gmt":"2022-12-15T13:57:34","slug":"kastro-zizo-nderohet-me-cmimin-artisti-i-vitit-ne-uashington-dc","status":"publish","type":"post","link":"https:\/\/revistakuvendi.org\/?p=9866","title":{"rendered":"Kastro Zizo nderohet me \u00e7mimin \u201cArtisti i Vitit\u201d n\u00eb Uashington DC"},"content":{"rendered":"\n<figure class=\"wp-block-image\"><img loading=\"lazy\" decoding=\"async\" width=\"180\" height=\"217\" src=\"https:\/\/revistakuvendi.org\/wp-content\/uploads\/2022\/12\/NORA-kopertine.jpg\" alt=\"\" class=\"wp-image-9867\"\/><\/figure>\n\n\n\n<p>Nga Nora Kalaja,\nNju Jork <\/p>\n\n\n\n<p>Me 10 dhjetor 2022\nartisti i shquar shqiptar Kastro Zizo (Klevis Bega) ka marr\u00eb \u00e7mimin madhor\n\u201cArtisti i Vitit 2022\u201d n\u00eb Uashington DC. <\/p>\n\n\n\n<p>Me k\u00ebrkes\u00eb t\u00eb Senatorit\nt\u00eb nderuar Charles E. Schumer, flamuri Amerikan u valvit n\u00eb nd\u00ebrtes\u00ebn e\nKongresit Amerikan n\u00eb Uashington DC m\u00eb 10 dhjetor 2022 me rastin e Dit\u00ebs\nBot\u00ebrore t\u00eb OKB-s\u00eb t\u00eb Drejtave t\u00eb Njeriut, duke nderuar artistin Kastro Zizo\n(Klevis Bega), Artisti i Vitit 2022.<\/p>\n\n\n\n<p>Zyra e senatorit Schumer nderon artistin Kastro Zizo (Klevis Bega), Artisti i Vitit 2022 \u201cp\u00ebr arritjet e jasht\u00ebzakonshme dhe kontributin e tij t\u00eb r\u00ebnd\u00ebsish\u00ebm n\u00eb artet krijuese n\u00eb Evrop\u00eb dhe SHBA. Me festimin e Dit\u00ebs s\u00eb OKB-s\u00eb p\u00ebr t\u00eb Drejtat e Njeriut 2022, ju p\u00ebrg\u00ebzojm\u00eb p\u00ebr avokimin tuaj p\u00ebr dinjitet, liri dhe drejt\u00ebsi, ve\u00e7an\u00ebrisht p\u00ebr t\u00eb rinjt\u00eb n\u00eb Shqip\u00ebri dhe n\u00eb mbar\u00eb bot\u00ebn\u201d.<\/p>\n\n\n\n<figure class=\"wp-block-image\"><img loading=\"lazy\" decoding=\"async\" width=\"914\" height=\"678\" src=\"https:\/\/revistakuvendi.org\/wp-content\/uploads\/2022\/12\/NORA-1.jpg\" alt=\"\" class=\"wp-image-9868\" srcset=\"https:\/\/revistakuvendi.org\/wp-content\/uploads\/2022\/12\/NORA-1.jpg 914w, https:\/\/revistakuvendi.org\/wp-content\/uploads\/2022\/12\/NORA-1-300x223.jpg 300w, https:\/\/revistakuvendi.org\/wp-content\/uploads\/2022\/12\/NORA-1-768x570.jpg 768w\" sizes=\"auto, (max-width: 914px) 100vw, 914px\" \/><\/figure>\n\n\n\n<p>\u201cTe vler\u00ebsohesh me\nnj\u00eb \u00e7mim t\u00eb k\u00ebsaj lart\u00ebsie \u00ebsht\u00eb mikluese, por nderi dhe krenaria vin\u00eb me\nnjohjen dhe mb\u00ebshtetjen q\u00eb njer\u00ebz t\u00eb m\u00ebdhenj, i japin pun\u00eb s\u00eb nj\u00eb njeriu t\u00eb\ndal\u00eb nga nj\u00eb vend i vog\u00ebl si Shqiperia!\u201d u shpreh Kastro Zizo.<\/p>\n\n\n\n<p>Koh\u00ebt e fundit,\nmediat prestigjioze amerikane kan\u00eb p\u00ebrfolur p\u00ebr suksesin dhe arritjet\nartistike, dhe jo vet\u00ebm t\u00eb artistit t\u00eb njohur Kastro Zizo. Revista amerikane NY\nGlamour Magazine e quan baba i rrokut urban dhe sensacion internacional q\u00eb ka\ninfluencuar gjenerata n\u00eb Shqip\u00ebri e m\u00eb tej. Gjithashtu \u00ebsht\u00eb em\u00ebruar \u201cArtisti\nm\u00eb me ndikim n\u00eb 2022\u201d (Most Influential Artist of 2022) nga revista NY Elite\nMagazine. <\/p>\n\n\n\n<p>Kjo \u00ebsht\u00eb hera e\ndyt\u00eb q\u00eb Kastro Zizo nderohet me \u00e7mimin \u201cArtisti i Vitit\u201d n\u00eb karrier\u00ebn e tij,\np\u00ebr vitin 2022 n\u00eb DC dhe m\u00eb par\u00eb p\u00ebr vitin 2010 si \u201cArtisti i Vitit\u201d nga Zhurma\nVideo Music Awards n\u00eb Kosov\u00eb. <\/p>\n\n\n\n<p>P\u00ebrve\u00e7 kontributit\nn\u00eb historin\u00eb e muzik\u00ebs dhe k\u00ebng\u00ebve shqiptare, artisti i madh Kastro Zizo ka\nl\u00ebn\u00eb gjurm\u00eb edhe n\u00eb shoq\u00ebri. N\u00ebp\u00ebrmjet organizat\u00ebs jofitimprur\u00ebse \u201cE ardhmja\nime, e tashmja ime\u201d, Kastro Zizo promovon t\u00eb drejtat e t\u00eb rinjve n\u00ebp\u00ebrmjet\norganizmit dhe nxitjen e veprimtarive rinore. Themeluar n\u00eb Tiran\u00eb n\u00eb 2020,\norganizata krijon mund\u00ebsi p\u00ebr edukim joformal, zhvillim dialogu, fuqizimin e\nrinis\u00eb, veprimtari artistike, kulturore, dhe sociale. <\/p>\n\n\n\n<p>N\u00eb n\u00ebntor 2022,\norganizata \u201cE ardhmja ime, e tashmja ime\u201d ideoi projektin \u201cKasketa\u201d realizuar\nn\u00eb bashk\u00ebpunim me Youth Tirana dhe me mb\u00ebshtetjen e Kongresit Rinor Komb\u00ebtar.\nProjekti kishte p\u00ebr q\u00ebllim promovimin e pikave turistike t\u00eb Shqip\u00ebris\u00eb, afrimin\ne turist\u00ebve vendas dhe t\u00eb huaj, si dhe sh\u00ebrbeu si nj\u00eb aksion komunitar p\u00ebr\nmir\u00ebmbajtjen dhe pastrimin e ndotjeve urbane. <\/p>\n\n\n\n<p>Nj\u00eb aktivitet\ntjet\u00ebr me r\u00ebnd\u00ebsi i shoqat\u00ebs \u00ebsht\u00eb \u201cUra Fest\u201d, nj\u00eb aktivitet kulturor dhe\nartistik q\u00eb afron t\u00eb rinjt\u00eb e talentuar pran\u00eb muzik\u00ebs, p\u00ebr t\u00eb realizuar \u00ebndrr\u00ebn\ne tyre. Projekti u realizua me sukses n\u00eb bashk\u00ebpunim me shoqat\u00ebn \u201cE ardhmja\nime, e tashmja ime\u201d, Bashkia e Tiran\u00ebs, dhe q\u00ebndra multimediale Ten, me krijues\nartistik Kastro Zizo dhe VinSmoker, dhe juri Alban Kondi dhe Indrit Topi.\n(Instagram @imeeardhmja, @kastro_zizo_) <\/p>\n\n\n\n<p>\u201cMendoj se t\u00eb\nrinjt\u00eb jan\u00eb motorri q\u00eb do t\u00eb na \u00e7oj\u00eb n\u00eb bot\u00ebn e s\u00eb ardhmes, ndaj ne duhet t\u00eb\nb\u00ebhemi trampolina e tyre sot n\u00eb m\u00ebnyr\u00eb q\u00eb ata t\u00eb jen\u00eb e ardhmja jon\u00eb nes\u00ebr!\n\u00cbsht\u00eb e r\u00ebnd\u00ebsishme t\u00eb punojm\u00eb sot p\u00ebr t\u00eb hedhur themelet e bot\u00ebs ku do t\u00eb\nrriten f\u00ebmij\u00ebt dhe nip\u00ebrit tan\u00eb dhe k\u00eb themele jan\u00eb padiskutim t\u00eb rinjt\u00eb e s\u00eb\ntashmes,\u201d shtoi artisti Kastro Zizo.<\/p>\n\n\n\n<p><strong>Kastro Zizo honored with \u201cArtist of the Year\u201d Award in\nWashington DC<\/strong><strong><\/strong><\/p>\n\n\n\n<p><strong>By Nora Kalaja, New York <\/strong><strong><\/strong><\/p>\n\n\n\n<p>On December 10, 2022, the renowned Albanian artist Kastro Zizo\n(Klevis Bega) received the biggest award \u201cArtist of the Year 2022\u201d in\nWashington DC.<\/p>\n\n\n\n<p>At the request of the Honorable Senator Charles E. Schumer, the\nAmerican flag was flown over the US Congress building in Washington DC on\nDecember 10, 2022, in remembrance of the UN World Human Rights Day, honoring\nKastro Zizo (Klevis Bega) Artist of the Year 2022.<\/p>\n\n\n\n<p>Senator Schumer\u2019s office honors artist Kastro Zizo (Klevis Bega) as\nthe 2022 Artist of the Year, \u201c<em>for his exceptional achievements and\nsignificant contributions to creative arts in Europe and USA. In celebration of\n2022 UN Human Rights Day, we commend you for your advocacy for dignity,\nfreedom, and justice, especially for the youth in Albania and around the world<\/em>.\u201d<\/p>\n\n\n\n<p>\u201cIt is a great privilege to receive an award of such high caliber.\nI am very honored and proud to receive recognition and support from the\nhonorable senator Schumer. I am very appreciative to be seen as an artist\ncoming from a small place like Albania. Art has the power to change the world,\u201d\nsaid Kastro Zizo.<\/p>\n\n\n\n<p>Recently, many prestigious American media have talked about the\nsuccess and artistic achievements of the famous artist Kastro Zizo. NY Glamor\nMagazine called him the \u201cfather of urban rock\u201d and an international sensation\nwho has influenced generations in Albania and beyond. Kastro Zizo was also\nnamed the \u201cMost Influential Artist of 2022\u201d by NY Elite Magazine.<\/p>\n\n\n\n<p>This is the second time that Kastro Zizo has been honored with the\n\u201cArtist of the Year\u201d award \u2013 in 2022 in DC and previously in 2010 by Zhurma\nMusic Video Awards in Kosovo.<\/p>\n\n\n\n<p>In addition to his immense contributions in the Albanian music and\nsongs, the great Kastro Zizo has left a mark in Albanian society. Through his\nnon-profit organization \u201cMy future, my present,\u201d Kastro Zizo promotes the\nrights of youth through advocacy and organizing activities. Founded in Tirana\nin 2020, the non-profit organization creates opportunities for youth in\neducation, dialogue activities, youth development, arts, culture and social\nissues.<\/p>\n\n\n\n<p>In November 2022, the organization \u201cMy future, my present\u201d (E\nardhmja ime, e tashmja ime) organized the \u201cKasketa\u201d project, in collaboration\nwith Youth Tirana, and support from National Youth Congress. The project aimed\nto promote Albania\u2019s tourism and to attract local and foreign tourists. The\nevent was also a call for community action to clean up the city areas and to\nprotect the environment.<\/p>\n\n\n\n<p>Another important activity that the non-profit organized is \u201cUra\nFest\u201d, which is a cultural and artistic activity that brings talented young\npeople closer to music, to make their dreams come true. The project was\norganized in cooperation with the Tirana Municipality and the multimedia center\nTen, with artistic creators Kastro Zizo and VinSmoker, and the jury comprising\nof Alban Kondi and Indrit Topi. (Instagram @imeeardhmja, @kastro_zizo_)<\/p>\n\n\n\n<p>\u201cI believe youth is the driving engine that will take us towards\nthe future. Therefore, we have to become their instrument today so they can be\nour future tomorrow. I believe in the work that I do in building our youth for\nthe future. It is important to create the foundation in this world for our\nchildren so they can be the next generation leaders,\u201d added Kastro Zizo.<\/p>\n","protected":false},"excerpt":{"rendered":"<p>Nga Nora Kalaja, Nju Jork Me 10 dhjetor 2022 artisti i shquar shqiptar Kastro Zizo (Klevis Bega) ka marr\u00eb \u00e7mimin madhor \u201cArtisti i Vitit 2022\u201d n\u00eb Uashington DC. Me k\u00ebrkes\u00eb t\u00eb Senatorit t\u00eb nderuar Charles E. Schumer, flamuri Amerikan u valvit n\u00eb nd\u00ebrtes\u00ebn e Kongresit Amerikan n\u00eb Uashington DC m\u00eb 10 dhjetor 2022 me rastin&hellip;<\/p>\n","protected":false},"author":1,"featured_media":9867,"comment_status":"open","ping_status":"open","sticky":false,"template":"","format":"standard","meta":{"footnotes":""},"categories":[12],"tags":[],"class_list":["post-9866","post","type-post","status-publish","format-standard","has-post-thumbnail","hentry","category-jete-komuniteti"],"_links":{"self":[{"href":"https:\/\/revistakuvendi.org\/index.php?rest_route=\/wp\/v2\/posts\/9866","targetHints":{"allow":["GET"]}}],"collection":[{"href":"https:\/\/revistakuvendi.org\/index.php?rest_route=\/wp\/v2\/posts"}],"about":[{"href":"https:\/\/revistakuvendi.org\/index.php?rest_route=\/wp\/v2\/types\/post"}],"author":[{"embeddable":true,"href":"https:\/\/revistakuvendi.org\/index.php?rest_route=\/wp\/v2\/users\/1"}],"replies":[{"embeddable":true,"href":"https:\/\/revistakuvendi.org\/index.php?rest_route=%2Fwp%2Fv2%2Fcomments&post=9866"}],"version-history":[{"count":1,"href":"https:\/\/revistakuvendi.org\/index.php?rest_route=\/wp\/v2\/posts\/9866\/revisions"}],"predecessor-version":[{"id":9869,"href":"https:\/\/revistakuvendi.org\/index.php?rest_route=\/wp\/v2\/posts\/9866\/revisions\/9869"}],"wp:featuredmedia":[{"embeddable":true,"href":"https:\/\/revistakuvendi.org\/index.php?rest_route=\/wp\/v2\/media\/9867"}],"wp:attachment":[{"href":"https:\/\/revistakuvendi.org\/index.php?rest_route=%2Fwp%2Fv2%2Fmedia&parent=9866"}],"wp:term":[{"taxonomy":"category","embeddable":true,"href":"https:\/\/revistakuvendi.org\/index.php?rest_route=%2Fwp%2Fv2%2Fcategories&post=9866"},{"taxonomy":"post_tag","embeddable":true,"href":"https:\/\/revistakuvendi.org\/index.php?rest_route=%2Fwp%2Fv2%2Ftags&post=9866"}],"curies":[{"name":"wp","href":"https:\/\/api.w.org\/{rel}","templated":true}]}}