{"id":9759,"date":"2022-08-26T13:06:51","date_gmt":"2022-08-26T13:06:51","guid":{"rendered":"http:\/\/revistakuvendi.org\/?p=9759"},"modified":"2022-08-26T13:06:51","modified_gmt":"2022-08-26T13:06:51","slug":"lumnoi-ne-pyje-humbi-neper-yje","status":"publish","type":"post","link":"https:\/\/revistakuvendi.org\/?p=9759","title":{"rendered":"LUMNOI N\u00cb PYJE, HUMBI N\u00cbP\u00cbR YJE"},"content":{"rendered":"\n<figure class=\"wp-block-image\"><img loading=\"lazy\" decoding=\"async\" width=\"160\" height=\"160\" src=\"https:\/\/revistakuvendi.org\/wp-content\/uploads\/2022\/08\/skender-deshnica-1.jpg\" alt=\"\" class=\"wp-image-9760\" srcset=\"https:\/\/revistakuvendi.org\/wp-content\/uploads\/2022\/08\/skender-deshnica-1.jpg 160w, https:\/\/revistakuvendi.org\/wp-content\/uploads\/2022\/08\/skender-deshnica-1-150x150.jpg 150w, https:\/\/revistakuvendi.org\/wp-content\/uploads\/2022\/08\/skender-deshnica-1-50x50.jpg 50w\" sizes=\"auto, (max-width: 160px) 100vw, 160px\" \/><\/figure>\n\n\n\n<p>LUMNOI N\u00cb PYJE, HUMBI N\u00cbP\u00cbR YJE<\/p>\n\n\n\n<p>&nbsp;&nbsp;&nbsp;&nbsp;&nbsp;&nbsp;&nbsp; 85 VJETORI&nbsp; I&nbsp;\nDIJETARIT<\/p>\n\n\n\n<p> \u00a0\u00a0\u00a0\u00a0Ne foto: Sk\u00ebnder Deshnica, 1937-!998<\/p>\n\n\n\n<p>&nbsp;&nbsp;&nbsp;&nbsp; N\u00eb p\u00ebrkujtim t\u00eb- Inxhinierit dijetar,&nbsp; Sk\u00ebnder D\u00ebshnica,<\/p>\n\n\n\n<p>&nbsp;&nbsp;&nbsp;&nbsp;&nbsp;&nbsp;&nbsp;&nbsp;&nbsp;&nbsp; Me rastin 85 vjetorit te linndjes.<\/p>\n\n\n\n<p>N\u00eb dit\u00ebt me vap\u00eb t\u00eb gushtit shum\u00eb vet\u00eb kujtojn\u00eb\nshqet\u00ebsimet dhe p\u00ebrpjekjet e inxhinier\u00ebve t\u00eb p\u00ebrkushtuar atdhetar p\u00ebr mjedisin\ne gjelb\u00ebruar. Por, vapa u kujton atyre edhe 6 gushtin e vitit 1998, kur dielli\nprush si rrall\u00eb ndonj\u00ebher\u00eb p\u00ebrv\u00eblonte gjith\u00e7ka. At\u00eb dit\u00eb papritur n\u00eb oborrin e\nSpitalit t\u00eb Tiran\u00ebs, larg v\u00ebmendjes s\u00eb mjek\u00ebve, u shua nga nj\u00eb pushim i beft\u00eb\nzemre, njeriu i mir\u00eb i luleve dhe i pyjeve, inxhinieri Sk\u00ebnder D\u00ebshnica.\nLargimi i tij nga jeta ndodhi para kohe, pasi ai ishte endur si zog i lir\u00eb, i\ndashuruar me natyr\u00ebn shqiptare, n\u00eb pyje e parqe, n\u00eb Puk\u00eb, Peshkopi, Mirdit\u00eb,\nLur\u00eb, Elbasan, Kor\u00e7\u00eb, Bozdovec, Vithkuq, Vlor\u00eb, Llogara, Tiran\u00eb, Dajt, etj.<\/p>\n\n\n\n<p>Duke u kthyer\nprapa n\u00eb koh\u00eb, disa ndodhi hedhin drit\u00eb mbi jet\u00ebn e Sk\u00ebnder D\u00ebshnic\u00ebs si\nnx\u00ebn\u00ebs, si student dhe inxhinier. <\/p>\n\n\n\n<p>N\u00eb vitin e\ngjyqeve vrastare 1948, nj\u00eb djal\u00eb n\u00eb mosh\u00eb nj\u00ebmb\u00ebdhjet\u00eb vje\u00e7, me kasket\u00eb n\u00eb\nkok\u00eb, i veshur me rroba t\u00eb vjetra, por t\u00eb pastra, e me k\u00ebpuc\u00eb si t\u00eb Lulit t\u00eb voc\u00ebrr, ulur buz\u00eb trotuarit, diku af\u00ebr sheshit\n\u201cSk\u00ebnderbej\u201d, lexonte gazet\u00ebn \u201cBashkimi\u201d p\u00ebr nj\u00eb gjyq, ku p\u00ebrmendej emri i atit\nt\u00eb vet, patriotit demokrat Xhevdet D\u00ebshnica. Ishte d\u00ebnuar me burg ai, me akuz\u00ebn\nsi bashk\u00ebpun\u00ebtor i opozit\u00ebs demokratike, pasi qe torturuar n\u00eb m\u00ebnyr\u00eb\nshtazarake, i varur krah\u00ebsh, tet\u00eb muaj me radh\u00eb n\u00eb qeli. Si\u00e7 dukej, pesha e\nfatit t\u00eb familjes s\u00eb mbetur n\u00eb mes t\u00eb udh\u00ebs pa asnj\u00eb t\u00eb ardhur, kishte r\u00ebnduar\nedhe mbi djalin njom\u00ebzak. N\u00ebn\u00ebs s\u00eb tij ia kishin hequr trisk\u00ebn e Frontit dhe\nfamiljen ia pat\u00ebn larguar dhunsh\u00ebm nga Pallati i Aviacionit nr.10 pran\u00eb Fush\u00ebs\ns\u00eb Agait, tek ngrihet sot Stadiumi \u201cSelman St\u00ebrmasi\u201d, e ia kishin \u00e7uar n\u00eb\nish-hotelin pothuaj t\u00eb pabanuesh\u00ebm, ku kryq\u00ebzohen rruga e Fortuzit me at\u00eb Mine\nPeza. <\/p>\n\n\n\n<p>N\u00eb ato \u00e7aste nj\u00eb reporter hungarez kaloi atypari dhe e fotografoi\nlexuesin f\u00ebmij\u00eb t\u00eb p\u00ebrkulur mbi gazet\u00eb. Pas nj\u00eb viti, u hap n\u00eb sall\u00ebn p\u00ebrbri\nTeatrit Popullor, nj\u00eb ekspozit\u00eb \u00ebhungareze me pamje edhe nga Shqip\u00ebria e re \u201ce\nbegatshme\u201d me artikuj ushqimor\u00eb, n\u00eb nj\u00eb koh\u00eb kur dyqanet ishin pa mallra t\u00eb\natilla, ose krejt t\u00eb zbraz\u00ebt. N\u00eb ball\u00eb apo n\u00eb hyrje t\u00eb ekspozit\u00ebs varej nj\u00eb\nportret i madh, tek dukej nj\u00eb djal\u00eb i vog\u00ebl me kasket\u00eb, i veshur me rrobe t\u00eb\nvjetra, por t\u00eb pastra, e me k\u00ebpuc\u00ebt si t\u00eb Lulit t\u00eb voc\u00ebrr, ulur n\u00eb trotuar,\nduke lexuar gazet\u00ebn \u201cBashkimi\u201d. N\u00ebn portret&nbsp;\nlexohej n\u00eb dy gjuh\u00eb: \u201cEdhe brezi i ri, i lumtur ndjek me v\u00ebmendje p\u00ebrparimet\ne Shqip\u00ebris\u00eb s\u00eb Re&#8230;\u201d Djali ishte nx\u00ebn\u00ebsi Sk\u00ebnder D\u00ebshnica, i cili e kishte\nl\u00ebn\u00eb shkoll\u00ebn p\u00ebr t\u2019u larguar nga Tirana n\u00eb Berat, pran\u00eb njer\u00ebzve t\u00eb af\u00ebrt.<\/p>\n\n\n\n<p>Nx\u00ebn\u00ebs n\u00eb Tiran\u00eb, student n\u00eb Brashov\u00eb t\u00eb Rumanis\u00eb<\/p>\n\n\n\n<p>Sk\u00ebnder\nD\u00ebshnica, pas mbarimit t\u00eb shkoll\u00ebs 8-vje\u00e7are me ndihm\u00ebn e miqve, do t\u00eb pranohej\nvet\u00ebm n\u00eb Shkoll\u00ebn e mesme bujq\u00ebsore n\u00eb Kamz\u00eb dhe n\u00eb konviktin e saj. E\nmegjith\u00ebse m\u00eb 1957 e kreu at\u00eb p\u00ebr silvikultur\u00eb me p\u00ebrfundime t\u00eb shk\u00eblqyera, ai\njo vet\u00ebm q\u00eb nuk u d\u00ebrgua me studime jasht\u00eb shtetit, por edhe u caktua me pun\u00eb\nshtetit n\u00eb Nd\u00ebrmarrjen Pyjore t\u00eb Puk\u00ebs, tek u end jasht\u00eb qytetit n\u00eb mbrojtje t\u00eb\npyjeve nga d\u00ebmtuesit e nga zjarret. N\u00eb shtator t\u00eb atij viti, ndoshta p\u00ebr shkak\nt\u00eb nj\u00ebfar\u00eb t\u00ebrheqjeje t\u00eb diktatur\u00ebs ndaj patriot\u00ebve t\u00eb vjet\u00ebr, befas shkoi n\u00eb\nfamiljen e vet nj\u00eb njoftim i vonuar e i pabesuesh\u00ebm, q\u00eb Sk\u00ebnder D\u00ebshnica duhej\nt\u00eb b\u00ebhej gati p\u00ebr t\u2019u nisur menj\u00ebher\u00eb p\u00ebr studime t\u00eb larta n\u00eb Rumani! U desh\u00ebn\ndisa dit\u00eb q\u00eb ai t\u00eb kapej me telefon, sepse kishte humbur n\u00eb pyje me s\u00ebpat\u00eb n\u00eb\ndor\u00eb, duke u prir\u00eb pun\u00ebtor\u00ebve p\u00ebr shuarjen e zjarreve, q\u00eb ishin p\u00ebrhapur n\u00eb\ndisa zona. S\u00eb fundi, me nj\u00eb avion rumun t\u00eb rastit, i ngritur n\u00eb qiell nga\naeroporti i vjet\u00ebr i Tiran\u00ebs, tok me aviator\u00ebt fluturuan vet\u00ebm dy pasagjer\u00eb, t\u00eb\ndy student\u00eb, nj\u00eb prej t\u00eb cil\u00ebve ishte Sk\u00ebnder D\u00ebshnica. N\u00eb p\u00ebrfundim t\u00eb\nstudimeve, ai u diplomua inxhinier p\u00ebr pyje e parqe, pasi mbrojti me sukses\nprojektin p\u00ebr Parkun e Dajtit.<\/p>\n\n\n\n<p>Kthimi n\u00eb Atdhe<\/p>\n\n\n\n<p>Pas kryerjes\ns\u00eb studimeve t\u00eb larta m\u00eb 1962, i kthyer n\u00eb atdhe me veprimtarin\u00eb e tij\nprojektuese e praktike, ky njeri i mir\u00eb, lumturohej larg qyteteve n\u00eb gjirin e\nnatyr\u00ebs shqiptare, i ngaz\u00ebllyer nga ndjenja e liris\u00eb, tok me koleg\u00ebt e vet n\u00eb\nekspeditat disamujore p\u00ebr mbar\u00ebshtimin e pyjeve, duke e kaluar nat\u00ebn n\u00ebn \u00e7ad\u00ebr,\nthell\u00eb n\u00eb pyjet e Puk\u00ebs, t\u00eb Mirdit\u00ebs, t\u00eb Peshkopis\u00eb, etj. Trishtohej, kur me\nurdh\u00ebr nga lart hapeshin t\u00eb ashtuquajturat toka t\u00eb reja, q\u00eb zhvishnin malet,\nduke sjell\u00eb erozione t\u00eb frikshme e zymtim t\u00eb asaj natyre aq t\u00eb bukur t\u00eb vendit\nton\u00eb. Zem\u00ebrohej, kur me prerjen e drur\u00ebve, p\u00ebrve\u00e7 nd\u00ebrmarrjeve industriale\nshfaros\u00ebse t\u00eb sharrave, merreshin edhe nd\u00ebrmarrjet e nd\u00ebrtimit, madj\u00e9 edhe\nn\u00ebp\u00ebr zona piktoreske si Lura. Djaloshi i lindur n\u00eb nj\u00eb familje me tradita\npatriotike s\u2019mund t\u00eb ndihej ndryshe nga prind\u00ebt e vet. S\u00eb fundi, Sk\u00ebnder\nD\u00ebshnica, pas nj\u00eb sh\u00ebrbimi t\u00eb frytsh\u00ebm n\u00eb rrethe, kthehet n\u00eb Tiran\u00eb dhe punon\nsi drejtues teknik pran\u00eb Nd\u00ebrmarrjes Nd\u00ebrtim &#8211; Gjelb\u00ebrim. Atje, ai qe nj\u00eb nga\nhartuesit dhe zbatuesit e projektit p\u00ebr gjelb\u00ebrimin me drur\u00eb halor\u00eb t\u00eb brigjeve\nt\u00eb Lan\u00ebs, si\u00e7 \u00ebsht\u00eb edhe sot, pasi m\u00eb n\u00eb fund prerja e plepave t\u00eb rreziksh\u00ebm q\u00eb\nndotnin ajrin e bulevardin nuk u pengua m\u00eb nga lart. Sk\u00ebnderi u p\u00ebrpoq me\nk\u00ebmb\u00ebngulje edhe p\u00ebr pasurimin e Parkut t\u00eb Madh me pishat e sh\u00ebndetshme.\nMbrojti mjediset e gjelb\u00ebruara nga k\u00ebrkesat e gabuara t\u00eb urbanist\u00ebve p\u00ebr\nrrallimin e drur\u00ebve edhe n\u00eb Parkun Rinia. Nd\u00ebrsa priteshin plepat e kalbur n\u00eb\nPallatin e Zogut mbi kod\u00ebr, t\u00eb quajtur ndryshe Pallati i Brigatave, bllokmen\u00eb\nt\u00eb paaft\u00eb, nd\u00ebrhynin n\u00eb programet e inxhinier\u00ebve, si Sk\u00ebnder D\u00ebshnica, p\u00ebr\nnd\u00ebrprerjen e pun\u00ebs. Por, ai nuk dinte t\u00eb t\u00ebrhiqej. K\u00ebmb\u00ebngulte p\u00ebr t\u2019u arritur\ngjithmon\u00eb \u00e7far\u00eb ishte e dobishme,duke&nbsp; u\nsjell\u00eb me urt\u00ebsi e i dashur me bashk\u00ebpun\u00ebtor\u00ebt, specialist\u00eb t\u00eb gjelb\u00ebrimit,\nShpesh mbante n\u00eb pun\u00eb, n\u00eb laboratore e zyra, edhe intelektual\u00eb t\u00eb p\u00ebrndjekur.<\/p>\n\n\n\n<p>\u00c7do banor i\nkryeqytetit mban mend se Tirana, qysh nga vitet e paraluft\u00ebs, ka qen\u00eb nj\u00eb nga\nqytetet m\u00eb t\u00eb bleruara t\u00eb Ballkanit. Nga fotot e rralla t\u00eb viteve 20-40, bien\nn\u00eb sy kurorat e gjera t\u00eb g\u00ebshtenjave n\u00eb oborrin e ish Centralit elektrik, n\u00eb\nhyrje t\u00eb Rrug\u00ebs s\u00eb Durr\u00ebsit, ato prapa Bashkis\u00eb q\u00eb u shemb p\u00ebr Muzeun Komb\u00ebtar\ndhe selvit\u00eb pas Bank\u00ebs Komb\u00ebtare. N\u00eb Rrug\u00ebn e Kavaj\u00ebs, krahas pem\u00ebve\ngjelb\u00ebronin breza t\u00eb gjat\u00eb me ligustra. N\u00eb zon\u00ebn e Rrug\u00ebs s\u00eb Elbasanit shtrihej\nparku me drur\u00eb gjith\u00ebfar\u00ebsh i ish-selis\u00eb s\u00eb Mbretit Zog, ku sot \u00ebsht\u00eb Akademia\ne Shkencave dhe pak m\u00eb tej, af\u00ebr Kuvendit, parku me shat\u00ebrvan dhe Namazgjaja.\nMbi Ur\u00ebn e Tabak\u00ebve dhe Ur\u00ebn e Terzive, lart\u00ebsoheshin lisa t\u00eb dendur. Qindra\nsht\u00ebpi tiranase, apo vila private, kishin kopshte me drur\u00eb frutor\u00eb, si mani,\ncaraca e hurma dhe oborre me lulishte t\u00eb pasura. N\u00eb maj qyteti mbulohej pothuaj\ni t\u00ebri nga nj\u00eb blerim i k\u00ebndsh\u00ebm. N\u00eb Bulevardin me emrin Zog I, i p\u00ebruruar n\u00eb\nvitin 1930, deri n\u00eb ndertes\u00ebn e Maternitetit, zgjateshin kuadratet e krasitura\nme ligustra plot hije q\u00eb nuk i rr\u00ebzojn\u00eb gjethet as n\u00eb dim\u00ebr. Ky varg i blert\u00eb u\nmir\u00ebmbajt dhe u rip\u00ebrt\u00ebri n\u00ebn kujdesin e inxhinier Sk\u00ebnder D\u00ebshnic\u00ebs, si\nvazhdues i tradit\u00ebs s\u00eb her\u00ebshme. Madj\u00e9, gjat\u00eb krasitjeve t\u00eb domosdoshme, n\u00eb\ngazet\u00ebn \u201cZ\u00ebri i Popullit\u201d u botua nj\u00eb shkrim i mefsht\u00eb kund\u00ebr k\u00ebsaj pune me vler\u00eb.\nPas shum\u00eb viteve, nga Bashkia e E.Ram\u00ebs n\u00eb vend t\u00eb ligustrave u mboll\u00ebn\nsh\u00ebmtuesh\u00ebm pem\u00eb frutore. Edhe rreshtat e pishave n\u00eb qend\u00ebr dhe gjat\u00eb unaz\u00ebs,\nt\u00eb mbjella sipas projektit e kujdesit t\u00eb inxhinier Sk\u00ebnder D\u00ebshnic\u00ebs, u\nrrafshuan pa m\u00ebshir\u00eb. Sk\u00ebnderi u kujdes edhe p\u00ebr pishat e buta t\u00eb nj\u00ebtrajtshme\nn\u00eb Bulevardin D\u00ebshmor\u00ebt e Kombit, vep\u00ebr e inxhinierit t\u00eb shquar Vasil Shqau, t\u00eb\nsjella nga fshati Rril\u00eb i Kavaj\u00ebs, t\u00eb cilat tani jan\u00eb \u00e7rregulluar,&nbsp; harlisur e kan\u00eb marr\u00eb p\u00ebrpjet\u00eb. Po ashtu,\nParku Rinia i krijuar nga nx\u00ebn\u00ebsit e shkoll\u00ebs bujq\u00ebsore Kam\u00ebz qysh m\u00eb 1947, u\nmir\u00ebmbajt prej tij. Me ardhjen n\u00eb krye t\u00eb Bashkis\u00eb t\u00eb E. Ram\u00ebs, ky park u\nreklamua me buj\u00eb, pasi u rralluan drur\u00ebt e vendet p\u00ebr pushuesit dhe mori pamjen\ne nj\u00eb mjedisi pothuaj privat p\u00ebr Bar &#8211; Kafen Tajvan. Kush do t\u00eb veproj\u00eb m\u00eb tej\np\u00ebr rip\u00ebrt\u00ebritjen e tyre? <\/p>\n\n\n\n<p>P\u00ebr mbrojtjen\ne zgjerimin e gjelb\u00ebrimit t\u00eb Tiran\u00ebs nj\u00eb ndihm\u00eb t\u00eb \u00e7muar kan\u00eb dh\u00ebn\u00eb Sk\u00ebnder\nD\u00ebshnica, Vasil Shqau, inxhinier\u00ebt e agronom\u00ebt si Hasan Metuli, Orhan Sakiqi,\nTomson Nishani, Azis Marku, Abdyl Harizi, Teuta Preza, Mustafa Zekthi e shum\u00eb\nt\u00eb tjer\u00eb. <\/p>\n\n\n\n<p>Bashk\u00ebkoh\u00ebsit p\u00ebr Sk\u00ebnder D\u00ebshnic\u00ebn<\/p>\n\n\n\n<p>Dr. Orhan\nSakiqi kujton se si Sk\u00ebnder D\u00ebshnica, luftonte me gjith\u00eb shpirt p\u00ebr gjelb\u00ebrimin\ne kryeqytetit kund\u00ebr maniak\u00ebve t\u00eb s\u00ebpat\u00ebs, p\u00ebr prerje drur\u00ebsh monument n\u00eb\nqend\u00ebr t\u00eb Tiran\u00ebs. N\u00eb shkrimin \u201cDy selvit\u00eb dhe shoku im Sk\u00ebnder D\u00ebshnica\u201d ai\nkujton: \u201cNga Sk\u00ebnderi m\u00ebsova ta dua pem\u00ebn, ta dua drurin, sepse ai ishte i\napasionuar pas tij. Pran\u00eb nd\u00ebrtes\u00ebs s\u00eb projektuar nga Kolevica duhet t\u00eb kalonin\ndisa linja kabllore elektrotelefonike dhe p\u00ebr k\u00ebt\u00eb u vendos menj\u00ebher\u00eb prerja e\nselvive. Sk\u00ebnderi kund\u00ebrshtoi me vendosm\u00ebri. Zgjidhja u gjet, duke e kaluar nj\u00eb\npjes\u00eb t\u00eb kabllove n\u00eb krahun tjet\u00ebr. Sk\u00ebnderi pati guximin t\u00eb thoshte n\u00eb\nmbledhjen e komitetit, se p\u00ebr t\u00eb prer\u00eb dy pisha simbol n\u00eb Napoli, ishte b\u00ebr\u00eb\nreferendum popullor. E kush guxonte t\u00eb thoshte n\u00eb at\u00eb koh\u00eb gj\u00ebra t\u00eb tilla!\nSelvit\u00eb shp\u00ebtuan, por kalimi pran\u00eb tyre i kabllove duhet t\u2019u ket\u00eb shkaktuar\ntharjen. K\u00ebto pem\u00eb jan\u00eb shum\u00eb jet\u00ebgjata dhe tharja nuk ka tjet\u00ebr arsye. Edhe\nashtu t\u00eb thata ato duhet t\u00eb q\u00ebndrojn\u00eb dhe t\u00eb mir\u00ebmbahen me shum\u00eb lloje\nm\u00ebnyrash. Ato hyjn\u00eb n\u00eb simbolet e \u00e7do vendi, po ashtu edhe t\u00eb Tiran\u00ebs. Sk\u00ebnderi\nkund\u00ebrshtoi edhe prerjen e disa g\u00ebshtenjave mbas bashkis\u00eb, kur u nd\u00ebrtua Muzeu\nKomb\u00ebtar, por z\u00ebri i tij nuk u d\u00ebgjua. Kush i mban mend ato g\u00ebshtenja, e di se\np\u00ebrb\u00ebnin nj\u00eb ishull t\u00eb gjelb\u00ebr, ndaj n\u00eb kopshtin mbas Muzeut mund t\u00eb ishin sot\ne k\u00ebsaj dite. \u201cNj\u00eb pem\u00eb do dhjet\u00ebra vite q\u00eb t\u00eb rritet, &#8211; thoshte Sk\u00ebnder\nD\u00ebshnica, &#8211; kurse nj\u00eb godin\u00eb b\u00ebhet p\u00ebr pak koh\u00eb!\u201d <\/p>\n\n\n\n<p>Nga libri\n\u201cNjer\u00ebzit e mir\u00eb t\u00eb luleve\u201d, t\u00eb agronomit Tomson Nishani, p\u00ebr Sk\u00ebnder D\u00ebshnic\u00ebn\ncitojm\u00eb shkurt: \u201cStudioz, pun\u00ebtor, i gatsh\u00ebm p\u00ebr t\u00eb ndihmuar k\u00ebdo, i ndersh\u00ebm\ndhe gjithmon\u00eb i komunikuesh\u00ebm me t\u00eb tjer\u00ebt. Ai me t\u00eb drejt\u00eb kuptoi se vet\u00ebm tek\nfidanishtet ishin m\u00eb t\u00eb shumta hallkat e nj\u00eb pune t\u00eb suksesshme n\u00eb mbar\u00ebvajtjen\ne gjelb\u00ebrimit t\u00eb Tiran\u00ebs, si dhe t\u00eb rrethinave t\u00eb saj. U mor me fidanishtet e\nflor\u00ebs dekorative, t\u00eb cilat ishin t\u00eb shp\u00ebrndara n\u00eb pika t\u00eb ndryshme t\u00eb qytetit.\nK\u00ebto fidanishte i pasuroi me lloje bim\u00ebsh t\u00eb reja t\u00eb sjella nga jasht\u00eb Tirane.\nKualifikoi grupe pun\u00ebtor\u00ebsh si mjeshtra, siguroi p\u00ebr k\u00ebto qendra prodhimi,\nmjete pune, zyra, pajisje teknike, mjete t\u00eb lehta transporti, baz\u00eb materiale,\nliteratur\u00eb tekniko-shkencore, organizoi seminare etj. Ngriti nj\u00eb laborator studim-eksperimentimi, etj.\u201d <\/p>\n\n\n\n<p>&nbsp;N\u00eb librin dokumentar \u201cRumani-Student\u00ebt\nShqiptar\u00eb\u201d botim i vitit 2009, me autor Eqrem Becin dhe Zhani Cancon, jepen\ndisa fakte: \u201cSk\u00ebnder D\u00ebshnica, inxhinier pyjesh, specialist gjelb\u00ebrimi e projektues.\nLindi n\u00eb Katerini t\u00eb Greqis\u00eb m\u00eb 17 prill 1937. <\/p>\n\n\n\n<p>Arsimimi: kreu Teknikumin Bujq\u00ebsor n\u00eb Tiran\u00eb n\u00eb vitin 1957, tek u diplomua\nndihm\u00ebs-inxhinier pyjesh. M\u00eb pas shkoi p\u00ebr studimet e larta n\u00eb Institutin\nPoliteknik t\u00eb Brashov\u00ebs n\u00eb Rumani, ku fitoi specialitetin e inxhinierit t\u00eb\npyjeve, me tem\u00ebn \u201cParqe pyjore\u201d, (1957-1962). Gjat\u00eb periudh\u00ebs q\u00eb ka punuar n\u00eb\nDrejtorin\u00eb e Pyjeve n\u00eb Peshkopi, p\u00ebrve\u00e7 hartimit t\u00eb projekteve pjesore t\u00eb\npyll\u00ebzimeve dhe t\u00eb sistemimeve pyjore b\u00ebri edhe studime p\u00ebr mbar\u00ebshtimin pyjor\nn\u00eb disa zona t\u00eb Burrelit, Kuk\u00ebsit, Peshkopis\u00eb, Dibr\u00ebs, etj. M\u00eb von\u00eb punoi p\u00ebr\nrreth 14 vjet n\u00eb Nd\u00ebrmarrjen e Nd\u00ebrtim &#8211; Gjelb\u00ebrimit t\u00eb Tiran\u00ebs si kryetar p\u00ebr\ngjelb\u00ebrimin e kryeqytetit. Dhe m\u00eb 1992 &#8211; 1998 si inxhinier projektues\ngjelb\u00ebrimi pran\u00eb Institutit t\u00eb Studimeve dhe Projektimeve Urbanistike. <\/p>\n\n\n\n<p>Aktiviteti kryesor dhe m\u00eb i gjat\u00eb i Sk\u00ebnder D\u00ebshnic\u00ebs \u00ebsht\u00eb specialist\nn\u00eb fush\u00ebn e gjelb\u00ebrimit. K\u00ebshtu, gjat\u00eb periudh\u00ebs 13-14 vje\u00e7are p\u00ebr gjelb\u00ebrimin\ne Tiran\u00ebs ai organizoi n\u00eb t\u00ebr\u00ebsi poblemet e gjelb\u00ebrimit n\u00eb kryeqytet dhe hartoi\nprojekte zbatimi p\u00ebr nj\u00eb num\u00ebr parqesh e lulishtesh, edhe n\u00eb rrethe t\u00eb tjer\u00eb,\nsi n\u00eb Durr\u00ebs, Berat, Vlor\u00eb, Skrapar\u2026<\/p>\n\n\n\n<p>Kreu mjaft\nstudime n\u00eb k\u00ebt\u00eb fush\u00eb, nga t\u00eb cil\u00ebt p\u00ebrmendim: \u201cStudim dentrologjik i Parkut t\u00eb\nMadh &#8211; Tiran\u00eb\u201d, \u201cStudim i Kopshtit Zoologjik \u2013 Tiran\u00eb\u201d, \u201cStudim p\u00ebr desiptimin\ne flor\u00ebs spontane me vlera dekorative n\u00eb\nrrethin e Tiran\u00ebs\u201d, \u201cStudim p\u00ebr rikonstruksionin e gjelb\u00ebrimit t\u00eb Lan\u00ebs\u201d,\nStudim n\u00eb shetitoren bregdetare dhe n\u00eb plazhin e Durr\u00ebsit\u201d, \u201cProjekt gjelb\u00ebrimi\nn\u00eb Varrezat e D\u00ebshmor\u00ebve, pran\u00eb Universitetit, p\u00ebr qendrat spitalore n\u00eb Tiran\u00eb,\nn\u00eb disa shkolla, si n\u00eb Akademin\u00eb Ushtarake, n\u00eb Institutin e Lart\u00eb Bujq\u00ebsor, n\u00eb\nQytetin Studenti, etj., si edhe \u201cStudimin e planit perspektiv t\u00eb\ngjelb\u00ebrimit t\u00eb Tiran\u00ebs (1980-1990)\u201d.<\/p>\n\n\n\n<p>N\u00eb Intitutin\ne Studimeve e Projektimeve Urbanistike (1990-1998) ka marr\u00eb pjes\u00eb n\u00eb grupe pune\np\u00ebr hartimin e planeve rregullues n\u00eb Tiran\u00eb, Vlor\u00eb, Kor\u00e7\u00eb, Pogradec, n\u00eb\nstudimin e gjelb\u00ebrimit p\u00ebr disa zona bregdetare, p\u00ebr rajonin\nTiran\u00eb-Durr\u00ebs-Elbasan, p\u00ebr vij\u00ebn bregdetare turistike t\u00eb Shqip\u00ebris\u00eb, p\u00ebr disa\nparqe komb\u00ebtare, etj. <\/p>\n\n\n\n<p>Ka qen\u00eb pedagog i jasht\u00ebm n\u00eb Fakultetin e Pyjeve p\u00ebr problemet e\ngjelb\u00ebrimit, po ashtu n\u00eb Shkoll\u00ebn Komunale p\u00ebr teknik\u00eb t\u00eb mes\u00ebm gjelb\u00ebrimi. Ka\nqen\u00eb udh\u00ebheq\u00ebs projekt-diplomash p\u00ebr gjelb\u00ebrimin n\u00eb Fakultetin e Pyjeve, etj. <\/p>\n\n\n\n<p>Ka qen\u00eb\nbashk\u00ebpun\u00ebtor n\u00eb RTV p\u00ebr problemet e gjelb\u00ebrimit, ka shkruar n\u00eb revista e\ngazeta p\u00ebr to.<\/p>\n\n\n\n<p>Ka marr\u00eb\npjes\u00eb n\u00eb oponenca, kumtesa n\u00eb konferenca komb\u00ebtare e nd\u00ebrkomb\u00ebtare t\u00eb\norganizuara n\u00eb vendin ton\u00eb dhe n\u00eb Rumani p\u00ebr problemet e ruajtjes dhe t\u00eb\nmbrojtjes s\u00eb mjedisit, duke qen\u00eb edhe an\u00ebtar i disa shoqatave t\u00eb k\u00ebsaj fushe.\u201d<\/p>\n\n\n\n<p>Sk\u00ebnder D\u00ebshnic\u00ebs n\u00eb koh\u00eb t\u00eb reja<\/p>\n\n\n\n<p>Sk\u00ebnder D\u00ebshnica, bir i nj\u00eb atdhetari demokrat, qoft\u00eb si student apo si\ninxhinier i p\u00ebrkushtuar n\u00eb pun\u00ebn e vet fisnike n\u00eb sh\u00ebrbim t\u00eb Shqip\u00ebris\u00eb,\n\u00ebnd\u00ebrronte p\u00ebr nj\u00eb jet\u00eb m\u00eb t\u00eb mir\u00eb, me liri e demokraci. Ndryshimet e m\u00ebdha n\u00eb\nkampin socialist i ndoqi me shpres\u00eb p\u00ebr shembjen e diktatur\u00ebs komuniste n\u00eb vendin e vet. Pas\nvitit 1990, krahas pun\u00ebs krijuese n\u00eb Instituitin S. P.Urbanistike, mori pjes\u00eb\nedhe n\u00eb shoqata mjedisore me bindje t\u00eb djathta. Vepra e inxhinier Sk\u00ebnder\nD\u00ebshnic\u00ebs, sado e d\u00ebmtuar n\u00eb vitet e fundit, nga paksimi i parqeve, prishja e\nfidanishteve, p\u00ebr shkak t\u00eb betonimeve pa plan, \u00ebsht\u00eb e gjall\u00eb edhe sot.\nProjektet e dokumentet teknike n\u00eb arkiva dhe n\u00eb bibliotek\u00ebn e tij vetiake,\ntashm\u00eb vlejn\u00eb p\u00ebr ekipin e specialist\u00ebve , q\u00eb merren me hartimin e planit\nrregullues t\u00eb Tiran\u00ebs. Por&nbsp; mjerisht,\nndryshe nga projektet&nbsp; e inxhierit&nbsp; dijetar Sk\u00ebnder&nbsp; D\u00ebshnic\u00ebs. n\u00eb k\u00ebto koh\u00eb&nbsp; shthurjesh t\u00eb kryebashkiakut&nbsp; Erion Veliaj&nbsp;&nbsp;\nTirana&nbsp; e gjelb\u00ebruar,&nbsp; ka marr\u00eb ngjyr\u00ebn gri&nbsp;&nbsp; t\u00eb betonimeve&nbsp; dhe t\u00eb pluhurit&nbsp;&nbsp; N\u00eb q\u00ebnd\u00ebr t\u00eb kryeqytetit blerimi&nbsp; \u00ebsht\u00eb shfarosur, kurse n\u00eb Bulevardin\nD\u00ebshmor\u00ebt e Kombit, pishat buta q\u00eb dikur krasiteshin aq bukur&nbsp; tani jan\u00eb harlisur&nbsp; e kan\u00eb marr\u00eb p\u00ebrpjet\u00eb qiellitn. Fitorja&nbsp; e demokracis\u00eb&nbsp;\ndhe largimi nga&nbsp; Bashkia e Tiran\u00ebs\ne Erion Veliajt, do\nt\u00ebshp\u00ebtoj\u00eb jo vet\u00ebmTiran\u00ebn nga betonimet rr\u00ebnimtare por,&nbsp; edhe projektet shp\u00ebtimtare&nbsp; t\u00eb gjeberimit t\u00eb Tiran\u00ebs&nbsp;&nbsp; vepra t\u00eb inxhinierit dijetar&nbsp; t\u00eb paharruar Sk\u00ebnder D\u00ebshnica.<\/p>\n\n\n\n<p>OH,\nKY ZOG I BARDH\u00cb! <\/p>\n\n\n\n<p><em>&#8211;\nn\u00eb kujtim t\u00eb tim v\u00ebllai &#8211;<\/em>\n<\/p>\n\n\n\n<p>Rrapi\nhijer\u00ebnd\u00eb mbi Dajt, pse u dridh\u00ebrua?<\/p>\n\n\n\n<p>Petku\nmal\u00ebsor me tis nate pse u err\u00ebsua?<\/p>\n\n\n\n<p>\u00c7\u2019\u00ebsht\u00eb\nky ankth pishash, bredhash&nbsp; t\u00eb blert\u00eb? <\/p>\n\n\n\n<p>E\npse bilbili m\u00eb s\u2019k\u00ebndon mbi deg\u00eb n\u00ebn flet\u00eb?<\/p>\n\n\n\n<p>Uj\u00ebra\nlot\u00ebsh nga burimet derdhen n\u00eb humnera!<\/p>\n\n\n\n<p>Pal\u00eb\n&#8211; pal\u00eb majave &#8211; re e mjegullim!<\/p>\n\n\n\n<p>Vrenjtur\nn\u00eb lirisht\u00eb, era meket n\u00eb trishtim!<\/p>\n\n\n\n<p>Lulet,\nstoli alpesh, n\u00ebp\u00ebr parqe rritur,<\/p>\n\n\n\n<p>etja,\nzheg i gushtit, fort i ka zhuritur!<\/p>\n\n\n\n<p>Shelgu\ndeg\u00ebl\u00ebshuar, heshtas qan mbi uj\u00eb,<\/p>\n\n\n\n<p>rreth\ne qark liqenit &#8211; prishje, gur\u00eb e zhur\u00eb. <\/p>\n\n\n\n<p>&nbsp;psher\u00ebtijn\u00eb&nbsp;\ngjethet, frash\u00ebri e ahu, <\/p>\n\n\n\n<p>fjal\u00eb\nt\u00eb blerta&nbsp; thon\u00eb fjal\u00eb drur\u00ebsh thon<\/p>\n\n\n\n<p>Iku\nzogu i pyllit<\/p>\n\n\n\n<p>lart\nmbi re u ngjit,<\/p>\n\n\n\n<p>tej\nn\u00eb kalt\u00ebrsi, ik\u00ebn e merr frym\u00eb.<\/p>\n\n\n\n<p>gjith\u00eb\npeng n\u00eb shpirt<\/p>\n\n\n\n<p>dhe\nme mall nd\u00ebr sy.<\/p>\n\n\n\n<p>&nbsp;&nbsp;&nbsp;&nbsp;\nO ky zog i bardh\u00eb, o ky sht\u00ebrg i rrall\u00eb,<\/p>\n\n\n\n<p>n\u00eb\n\u00e7far\u00eb bukurish, vall\u00eb, do t\u00eb ndal\u00eb<\/p>\n\n\n\n<p>&nbsp;&nbsp;&nbsp;&nbsp;&nbsp;&nbsp; Iku, biri yt, Tirana, Tirana jon\u00eb!<\/p>\n\n\n\n<p>&nbsp;Larg nj\u00eb z\u00eb me mall jehon:<\/p>\n\n\n\n<p>Lumnoi\nn\u00ebp\u00ebr pyje, <\/p>\n\n\n\n<p>humbi\nn\u00ebp\u00ebr yje! <\/p>\n\n\n\n<p>&nbsp;&nbsp;&nbsp;&nbsp;&nbsp;&nbsp;&nbsp;&nbsp;&nbsp;&nbsp;&nbsp;&nbsp; &#8212;&#8212;&#8212;-<\/p>\n\n\n\n<p>&nbsp;&nbsp;&nbsp;&nbsp;&nbsp;&nbsp;&nbsp;&nbsp;&nbsp;&nbsp; Shkrim&nbsp; nga&nbsp;\nAgim Xh D\u00ebshnica<\/p>\n\n\n\n<p>&nbsp;&nbsp;&nbsp;&nbsp;&nbsp;&nbsp;&nbsp;&nbsp;&nbsp;&nbsp;&nbsp;&nbsp;&nbsp;&nbsp;&nbsp;&nbsp;&nbsp;&nbsp;&nbsp;&nbsp;&nbsp;&nbsp;&nbsp;&nbsp;&nbsp;&nbsp;&nbsp; 10 gusht 2022<\/p>\n","protected":false},"excerpt":{"rendered":"<p>LUMNOI N\u00cb PYJE, HUMBI N\u00cbP\u00cbR YJE &nbsp;&nbsp;&nbsp;&nbsp;&nbsp;&nbsp;&nbsp; 85 VJETORI&nbsp; I&nbsp; DIJETARIT \u00a0\u00a0\u00a0\u00a0Ne foto: Sk\u00ebnder Deshnica, 1937-!998 &nbsp;&nbsp;&nbsp;&nbsp; N\u00eb p\u00ebrkujtim t\u00eb- Inxhinierit dijetar,&nbsp; Sk\u00ebnder D\u00ebshnica, &nbsp;&nbsp;&nbsp;&nbsp;&nbsp;&nbsp;&nbsp;&nbsp;&nbsp;&nbsp; Me rastin 85 vjetorit te linndjes. N\u00eb dit\u00ebt me vap\u00eb t\u00eb gushtit shum\u00eb vet\u00eb kujtojn\u00eb shqet\u00ebsimet dhe p\u00ebrpjekjet e inxhinier\u00ebve t\u00eb p\u00ebrkushtuar atdhetar p\u00ebr mjedisin e gjelb\u00ebruar. Por, vapa u&hellip;<\/p>\n","protected":false},"author":1,"featured_media":9760,"comment_status":"open","ping_status":"open","sticky":false,"template":"","format":"standard","meta":{"footnotes":""},"categories":[5],"tags":[],"class_list":["post-9759","post","type-post","status-publish","format-standard","has-post-thumbnail","hentry","category-letersi"],"_links":{"self":[{"href":"https:\/\/revistakuvendi.org\/index.php?rest_route=\/wp\/v2\/posts\/9759","targetHints":{"allow":["GET"]}}],"collection":[{"href":"https:\/\/revistakuvendi.org\/index.php?rest_route=\/wp\/v2\/posts"}],"about":[{"href":"https:\/\/revistakuvendi.org\/index.php?rest_route=\/wp\/v2\/types\/post"}],"author":[{"embeddable":true,"href":"https:\/\/revistakuvendi.org\/index.php?rest_route=\/wp\/v2\/users\/1"}],"replies":[{"embeddable":true,"href":"https:\/\/revistakuvendi.org\/index.php?rest_route=%2Fwp%2Fv2%2Fcomments&post=9759"}],"version-history":[{"count":1,"href":"https:\/\/revistakuvendi.org\/index.php?rest_route=\/wp\/v2\/posts\/9759\/revisions"}],"predecessor-version":[{"id":9761,"href":"https:\/\/revistakuvendi.org\/index.php?rest_route=\/wp\/v2\/posts\/9759\/revisions\/9761"}],"wp:featuredmedia":[{"embeddable":true,"href":"https:\/\/revistakuvendi.org\/index.php?rest_route=\/wp\/v2\/media\/9760"}],"wp:attachment":[{"href":"https:\/\/revistakuvendi.org\/index.php?rest_route=%2Fwp%2Fv2%2Fmedia&parent=9759"}],"wp:term":[{"taxonomy":"category","embeddable":true,"href":"https:\/\/revistakuvendi.org\/index.php?rest_route=%2Fwp%2Fv2%2Fcategories&post=9759"},{"taxonomy":"post_tag","embeddable":true,"href":"https:\/\/revistakuvendi.org\/index.php?rest_route=%2Fwp%2Fv2%2Ftags&post=9759"}],"curies":[{"name":"wp","href":"https:\/\/api.w.org\/{rel}","templated":true}]}}