{"id":9749,"date":"2022-08-14T16:17:52","date_gmt":"2022-08-14T16:17:52","guid":{"rendered":"http:\/\/revistakuvendi.org\/?p=9749"},"modified":"2022-08-14T16:17:52","modified_gmt":"2022-08-14T16:17:52","slug":"rrugetimi-drejt-suksesit-i-regjisorit-me-te-ri-gent-m-cajani","status":"publish","type":"post","link":"https:\/\/revistakuvendi.org\/?p=9749","title":{"rendered":"Rrug\u00ebtimi drejt suksesit i regjisorit m\u00eb t\u00eb ri Gent M. \u00c7ajani"},"content":{"rendered":"\n<figure class=\"wp-block-image\"><img loading=\"lazy\" decoding=\"async\" width=\"180\" height=\"240\" src=\"https:\/\/revistakuvendi.org\/wp-content\/uploads\/2022\/08\/babamusta-per-kop.jpg\" alt=\"\" class=\"wp-image-9750\"\/><\/figure>\n\n\n\n<p><em>Nga:\nArtemisa Kastrioti, Nju Jork<\/em><\/p>\n\n\n\n<p>Shfaqja\nteatrale \u201cTregimi Zoologjik\u201d (Zoo Story) me regji nga Gent M. \u00c7ajani \u00ebsht\u00eb\nshp\u00ebrblyer me \u00e7mimin \u201cRegjisori m\u00eb i Mir\u00eb\u201d n\u00eb Festivalin Nd\u00ebrkomb\u00ebtar t\u00eb\nTeatrit Othello, i mbajtur n\u00eb Maqedonin\u00eb e Veriut.<\/p>\n\n\n\n<p>Ky \u00ebsht\u00eb\nnj\u00eb sukses tjet\u00ebr i \u201cTregimit Zoologjik\u201d pas vler\u00ebsimit n\u00eb AKT Fest Shkup ku\naktori Berat Mahmuti \u00ebsht\u00eb shp\u00ebrblyer me \u00e7mimin \u201cAktori m\u00eb i Mir\u00eb i Ri\u201d.<\/p>\n\n\n\n<p>Regjisori\ndhe aktori i talentuar Gent Mehmeti \u00c7ajani ka lindur n\u00eb 1995 n\u00eb Tetov\u00eb, n\u00eb\nMaqedonin\u00eb e Veriut n\u00eb nj\u00eb familje shqiptare artistike me prind\u00ebr Abdullah\nMehmeti dhe Sebajet Shaqiri. Shkoll\u00ebn fillore e mbaroi n\u00eb \u201cSh.F. Naim Frash\u00ebri\u201d\nn\u00eb Tetov\u00eb, kurse shkoll\u00ebn e mesme n\u00eb \u201cGjimnazin Kiril Pej\u00e7inovi\u00e7\u201d Tetov\u00eb\n(2014). Shkollimin e lart\u00eb e kreu n\u00eb Fakultetin e Arteve n\u00eb \u201cUniversitetin\nShtet\u00ebror t\u00eb Tetov\u00ebs\u201d (2019) Dega &#8211; Regji Teatri (gjenerata e par\u00eb e regjis\u00eb s\u00eb\nteatrit). <\/p>\n\n\n\n<p>Q\u00eb n\u00eb\nmosh\u00eb t\u00eb vog\u00ebl Genti filloi t\u00eb meret me art duke patur pasion librin dhe\npoezin\u00eb. N\u00eb dit\u00ebn bot\u00ebrore t\u00eb librit q\u00eb u mbajt\u00eb nga \u201cBiblioteka Koco Racin\u201d n\u00eb\nTetov\u00eb ai mori \u00e7mimin e dyt\u00eb dhe u shp\u00ebrblye si \u201cPoeti M\u00eb i Ri\u201d. <\/p>\n\n\n\n<p>Gent M.\n\u00c7ajani mori pjes\u00eb n\u00eb disa organizata joqeveritare t\u00eb Tetov\u00ebs si: \u201cCenter for\nBalkan Cooperation Loja\u201d, ku b\u00ebri projektin e par\u00eb Poetry slam n\u00eb vend (2015);\n\u201cAmerican Corner Tetovo\u201d, ku b\u00ebri regjin\u00eb e par\u00eb t\u00eb shfaqjes p\u00ebr f\u00ebmij\u00eb\n\u201cPinokio\u201d s\u00eb bashku me grupin e organizat\u00ebs (2011). Poashtu mori pjes\u00eb n\u00eb\nekspozit\u00ebn e fotografis\u00eb t\u00eb mb\u00ebshtetur nga Ambasada e Shteteve t\u00eb Bashkuara t\u00eb\nAmerik\u00ebs q\u00eb e shp\u00ebrbleu me certifikat\u00ebn si fotograf (2011). U angazhua te\n\u201cShoqata Dora e Art\u00eb\u201d n\u00eb Tetov\u00eb, me t\u00eb cil\u00ebn mori pjes\u00eb n\u00eb konferenc\u00ebn e par\u00eb\nt\u00eb mbajtur p\u00ebr shpalljen e Malit Sharr park nacional (2015). Mori pjes\u00eb n\u00eb\n\u201cTetova feston n\u00ebntorin\u201d n\u00eb mbr\u00ebmjen poetike me karakter garues ku mori \u00e7mimin\ne dyt\u00eb p\u00ebr proz\u00eb (2015).<\/p>\n\n\n\n<p>P\u00ebrve\u00e7\npoezis\u00eb, Genti ka shprehur bot\u00ebn e tij artistike n\u00ebp\u00ebrmjet fotografis\u00eb dhe\nk\u00ebng\u00ebs, duke marr\u00eb pjes\u00eb n\u00eb korin e f\u00ebmij\u00ebve t\u00eb qytetit t\u00eb Tetov\u00ebs. N\u00eb vitin\n2019 Gent M. \u00c7ajani u shp\u00ebrblye me certifikat\u00eb si fotograf n\u00eb ekspozit\u00ebn e\ngaleris\u00eb s\u00eb arteve pamore n\u00eb Tetov\u00eb \u201cUn\u00eb dhe 1000 fjal\u00eb\u201d.<\/p>\n\n\n\n<p>Q\u00eb nga gjenerata e par\u00eb shqiptare e regjis\u00eb s\u00eb teatrit n\u00eb Maqedonin\u00eb e Veriut, fal\u00eb kontributit t\u00eb dy figurave t\u00eb shquara te artit Mehmet Xhelili dhe Q\u00ebndrim Rijanin, sot Gent M. \u00c7ajani po prek sken\u00ebn nd\u00ebrkomb\u00ebtare n\u00ebp\u00ebrmjet artit t\u00eb tij. <\/p>\n\n\n\n<figure class=\"wp-block-image\"><img loading=\"lazy\" decoding=\"async\" width=\"400\" height=\"600\" src=\"https:\/\/revistakuvendi.org\/wp-content\/uploads\/2022\/08\/babamusta2.jpg\" alt=\"\" class=\"wp-image-9751\" srcset=\"https:\/\/revistakuvendi.org\/wp-content\/uploads\/2022\/08\/babamusta2.jpg 400w, https:\/\/revistakuvendi.org\/wp-content\/uploads\/2022\/08\/babamusta2-200x300.jpg 200w\" sizes=\"auto, (max-width: 400px) 100vw, 400px\" \/><\/figure>\n\n\n\n<p><strong>Gent M.\n\u00c7ajani: Historia e karrier\u00ebs<\/strong><\/p>\n\n\n\n<p>2018. skenar Murat Zherka \u2013 \u201cThe Artists Lunacy \u2013 (Film)\n\u2013 Regjia Murat Zherka \u2013 Aktor &#8211; Gent M. \u00c7ajani \u2013 Shkup \u201cLumiere Films\u201d\nMaqedonia e Veriut.<\/p>\n\n\n\n<p><br>\n2019. Edward Albee&nbsp; \u2013&nbsp; \u201cZoo Story\u201c \u2013 (Shfaqje) \u2013 Regjia Gent M.\n\u00c7ajani \u2013 Tetov\u00eb. <\/p>\n\n\n\n<p><br>\n2020. Best Director\nAward \u2013\nOthello International Theater Festival \u2013 \u201cZoo Story\u201d \u2013 Regjia Gent M. \u00c7ajani \u2013\nGostivar Maqedonia e Veriut.<\/p>\n\n\n\n<p><br>\n2020. Best Actor Award \u2013 AKT\nFest, International Theatre Festival \u2013 \u201cZoo Story\u201d \u2013 Jerry &#8211; \u201cBerat Mahmuti\u201d \u2013\nRegjia Gent M. \u00c7ajani \u2013 Shkup \u201cSuli Han\u201d Maqedonia e Veriut.<\/p>\n\n\n\n<p><br>\n2021. Skenari Artin Selmani \u201cStoned\u201d \u2013 (Film) \u2013 Regjia Gent M. \u00c7ajani&nbsp; &#8211; Shkup \u201cIprodutcion\u201d, \u201cDemocracy lab\u201d\nMaqedonia e Veriut. <\/p>\n\n\n\n<p><br>\n2021. Skenar Olsa Poshka \u2013 \u201cThe Accursed\u201d \u2013 (Shaqje) \u2013 Regjia Gent M. \u00c7ajani \u2013\nTetov\u00eb Maqedonia e Veriut.<\/p>\n\n\n\n<p><br>\n2022. \u201cRequiem for Musine Kokalari\u201d skenari Gjergj Jozef Kola \u2013 (Shfaqje) \u2013\nRegjia Gent M. \u00c7ajani \u2013 Teatri p\u00ebr f\u00ebmij\u00eb dhe t\u00eb rinj \u2013 Shkup.<\/p>\n\n\n\n<p><strong>Intervist\u00eb\nEkslusive me Regjisorin dhe Aktorin Gent M. \u00c7ajani<\/strong><\/p>\n\n\n\n<p><strong>Si nisi\nrrug\u00ebtimi juaj drejt teatrit dhe aktrimit n\u00eb aspektin e formimit edukativ? <\/strong><\/p>\n\n\n\n<p><strong>Gent M.\n\u00c7ajani:<\/strong> Un\u00eb jam\nstudenti i gjenerat\u00ebs s\u00eb par\u00eb shqiptare q\u00eb kam studiuar \u201cRegji teatri dhe\naktrim\u201d n\u00eb Republik\u00ebn e Maqedonis\u00eb s\u00eb veriut.&nbsp;\nKam diplomuar n\u00eb Universitetin Shtet\u00ebror t\u00eb Tetov\u00ebs.&nbsp; Dua t\u00eb falenderoj dy profesor\u00ebt e mij t\u00eb\njasht\u00ebzakonsh\u00ebm q\u00eb b\u00ebn\u00eb t\u00eb mundur q\u00eb student\u00ebt shqiptar\u00eb si un\u00eb t\u00eb ken\u00eb\nmund\u00ebsin\u00eb t\u00eb ndjekin \u00ebndrrat n\u00eb art dhe film: pik\u00ebrisht profesorin dhe regjisorin\ne njohur Mehmet Xhelili nga Shqip\u00ebria dhe mentorin tim t\u00eb mrekulluesh\u00ebm,\nQ\u00ebndrim Rijanin, profesor dhe regjisor nga Maqedonia Veriore.<\/p>\n\n\n\n<p>T\u00eb jesh\npjes\u00eb e student\u00ebve shqiptar\u00eb t\u00eb brezit t\u00eb par\u00eb q\u00eb studiojn\u00eb p\u00ebr regji dhe\naktrim \u00ebsht\u00eb mjaft historike dhe e paharrueshme p\u00ebr mua.&nbsp; Un\u00eb jam mir\u00ebnjoh\u00ebs q\u00eb p\u00ebrjetoj rrug\u00ebn\nartistike, t\u00eb cil\u00ebn e kam shum\u00eb pasion. <\/p>\n\n\n\n<p>Pres me\npadurim se \u00e7far\u00eb do m\u00eb sjell\u00eb e ardhmja n\u00eb aspektin profesional dhe un\u00eb jam\nshum\u00eb mir\u00ebnjoh\u00ebs p\u00ebr dy profesor\u00ebt e mi p\u00ebr mb\u00ebshtetjen e tyre t\u00eb\njasht\u00ebzakonshme dhe m\u00ebsimet e jet\u00ebs.<\/p>\n\n\n\n<p><strong>Keni\nsh\u00ebnuar nj\u00eb sukses tjet\u00ebr me shfaqjen teatrale \u201c<\/strong><strong>Tregimin\nZoologjik\u201d (Zoo Story)<\/strong><strong>.\nMund t\u00eb na thoni m\u00eb shum\u00eb p\u00ebr p\u00ebrfshirjen tuaj n\u00eb k\u00ebt\u00eb projekt?<\/strong><\/p>\n\n\n\n<p><strong>Gent M.\n\u00c7ajani:<\/strong> \u201cZoo\nStory\u201d p\u00ebrfaq\u00ebson jet\u00ebn e njeriut t\u00eb mbyllur brenda n\u00eb kafazin e nd\u00ebrgjegjes. Shum\u00eb\npak njer\u00ebz kan\u00eb fuqin\u00eb p\u00ebr t\u00eb qen\u00eb empatik\u00eb. Sot jetojm\u00eb n\u00eb nj\u00eb koh\u00eb\nku interesi i njer\u00ebzve mbizot\u00ebron t\u00eb qenurit human dhe dashamir\u00ebs ndaj nj\u00ebri\ntjetrit. Kemi humbur sensin e jet\u00ebs duke nxituar t\u00eb jetojm\u00eb n\u00eb nj\u00eb jet\u00eb luksi\nt\u00eb influencuar nga bota dixhitale dhe ne harrojm\u00eb t\u00eb jetojm\u00eb n\u00eb realitet. Me t\u00eb\nv\u00ebrtet\u00eb ne njer\u00ebzit kemi vdekur p\u00ebrmbrenda. <\/p>\n\n\n\n<p>E kishim\nshum\u00eb t\u00eb v\u00ebshtir\u00eb t&#8217;i analizonim personazhet dhe t&#8217;i vendosnim n\u00eb sken\u00eb p\u00ebr t\u00eb treguar ndjenj\u00ebn e t\u00eb qenit i huaj n\u00eb vendin\nton\u00eb. Sepse v\u00ebrtet qenia jon\u00eb \u00ebsht\u00eb nd\u00ebrlikuar shum\u00eb duke humbur sensin e t\u00eb\nqenurit empatik.<\/p>\n\n\n\n<p>Si regjisor besoj se kam mundur t\u00eb shfaq vizionin tim\nartistik n\u00eb sken\u00eb. Jam shum\u00eb i k\u00ebnaqur me ekipin fantastik t\u00eb \u201cZoo Story\u201d,\nkryesisht Berat Mahmuti, Rrahim Ramadani dhe Granit Vela.<\/p>\n\n\n\n<p><strong>P\u00ebr\n\u00e7far\u00eb flet historia e <\/strong><strong>Tregimit <\/strong><strong>Zoologjik?<\/strong><\/p>\n\n\n\n<p><strong>Gent M.\n\u00c7ajani:<\/strong> \u201cTregimi\nZoololgjik\u201d \u00ebsht\u00eb shkruar nga Edward Albee,\nnj\u00eb dramaturg shum\u00eb i njohur n\u00eb SHBA, i cili p\u00ebrfaq\u00ebson \u201cTeatrin e absurdit\u201d.\nShfaqja flet p\u00ebr dy personazhe\nq\u00eb takohen n\u00eb Central\nPark (NY). Jerry, protagonisti i cili kishte\nikur nga spitali psikiatrik\ndhe Peter, i cili sapo erdhi n\u00eb park p\u00ebr t\u00eb shkruar &#8220;librin e tij -best seller&#8221;.<\/p>\n\n\n\n<p>K\u00ebta dy\npersonazhe p\u00ebrfaq\u00ebsojn\u00eb nj\u00ebri-tjetrin n\u00eb nj\u00eb pozicion shum\u00eb t\u00eb \u00e7uditsh\u00ebm, sepse\nata p\u00ebrpiqen t\u00eb kuptojn\u00eb nj\u00ebri-tjetrin, por kjo p\u00ebrfundon jo\nmir\u00eb n\u00eb fund. Jerry\nnuk u kuptua kurr\u00eb nga t\u00eb tjer\u00ebt, gj\u00eb q\u00eb e b\u00ebri at\u00eb t\u00eb \u00e7mendur. Nd\u00ebrsa Peter,\nnj\u00eb personazh\nshum\u00eb konservativ, ai ik\u00ebn\nnga sht\u00ebpia e tij vet\u00ebm p\u00ebr t&#8217;u qet\u00ebsuar dhe p\u00ebr t\u00eb gjetur paqen brenda vetes.<\/p>\n\n\n\n<p><br>\nShpresoj q\u00eb\nshfaqja t\u00eb nxisi nj\u00eb diskurs konstruktiv p\u00ebr t\u00eb\nndryshuar kontekstin e t\u00eb qenurit \u201ci huaj\u201d p\u00ebrball\u00eb jet\u00ebs s\u00eb p\u00ebrditshme. \u00c7far\u00eb ndodh\nkur ne humbasim sensin p\u00ebr t\u00eb jetuar? Si mund ta fitojm\u00eb lirin\u00eb, pa mos e lenduar\nask\u00ebnd?<\/p>\n\n\n\n<p><strong>Kush\ntjet\u00ebr ishte pjes\u00eb e \u201cZoo Story\u201d?<\/strong><\/p>\n\n\n\n<p><strong>Gent M.\n\u00c7ajani:<\/strong> Berat\nMahmuti luan Xherrin, kurse Rrahim Ramadani luan Piterin. Ne kishim edhe Granit Vel\u00ebn,\nkitaristin q\u00eb e quajt\u00ebm Xhek,\nnj\u00eb i pastreh\u00eb, i cili e pa t\u00eb gjith\u00eb historin\u00eb dhe shkroi nj\u00eb k\u00ebng\u00eb p\u00ebr t\u00eb.<\/p>\n\n\n\n<p><strong>Urime\np\u00ebr shp\u00ebrbilimin me \u00e7mimet e Regjisorit dhe Aktorit M\u00eb t\u00eb Mir\u00eb! Si ka qen\u00eb\np\u00ebrvoja juaj n\u00eb Festivalin Nd\u00ebrkomb\u00ebtar Othello dhe Akt Fest Shkup? \u00c7far\u00eb <\/strong><strong>shfaqjesh<\/strong><strong> keni p\u00ebrfaq\u00ebsuar n\u00eb k\u00ebto dy\nfestivale?<\/strong><\/p>\n\n\n\n<p><strong>Gent M.\n\u00c7ajani:<\/strong> Jam\u00eb\nshum i g\u00ebzuar q\u00eb t\u00eb marr nj\u00eb \u00e7mim q\u00eb n\u00eb fillim t\u00eb karier\u00ebs time, \u00e7mimin \u201cRegjisori m\u00eb i mir\u00eb\u201d me\n\u201cZoo Story\u201d n\u00eb Festivalin Nd\u00ebrkomb\u00ebtar t\u00eb Teatrit Othello, Maqedonia e Veriut\n(2020). Berat Mahmuti fitoi \u00e7mimin \u201cAktori m\u00eb i mir\u00eb i ri\u201d me \u201cZoo Story\u201d n\u00eb\nAKT Fest Shkup (2020). <\/p>\n\n\n\n<p><strong>\u00c7far\u00eb\nfilmash apo shfaqjesh teatrore keni drejtuar?<\/strong><\/p>\n\n\n\n<p><strong>Gent M.\n\u00c7ajani:<\/strong> Karriera\nime artistike si regjisor filloi n\u00eb vitin 2019 me shfaqjen \u201cTregimi\nZoologjik\u201d. N\u00eb 2021\nisha regjisor i dy projekteve: \u201cStoned\u201d projekt filmik q\u00eb p\u00ebrfaq\u00ebson jet\u00ebn e t\u00eb rinjve n\u00eb\nMaqedonin\u00eb e Veriut dhe n\u00eb Ballkan; dhe \u201cT\u00eb mallkuarit\u201d, nj\u00eb shfaqje, bazuar n\u00eb\nnj\u00eb histori t\u00eb v\u00ebrtet\u00eb, q\u00eb p\u00ebrfaq\u00ebson jet\u00ebn e tre emigrant\u00ebve n\u00eb Greqi. <\/p>\n\n\n\n<p>N\u00eb 2022\nisha regjisor i \u201cRequiem\np\u00ebr Musine Kokalarin\u201d, nj\u00eb shfaqje teatri dokumentar, q\u00eb p\u00ebrfaq\u00ebson jet\u00ebn e Musine Kokalarit (Ikona\nShqiptare), shkrimtares s\u00eb par\u00eb fem\u00ebr n\u00eb Shqip\u00ebri dhe zonj\u00ebs s\u00eb par\u00eb q\u00eb krijoi\nPartin\u00eb Socialdemokrate.<\/p>\n\n\n\n<p><strong>Dhe n\u00eb\ncilat projekte keni <\/strong><strong>marr\u00eb pjes\u00eb si aktor<\/strong><strong>?<\/strong><\/p>\n\n\n\n<p><strong>Gent M.\n\u00c7ajani:<\/strong> Kam\naktruar n\u00eb filmin \u201cThe Artists Lunacy\u201d (2018) me regji Murat Zherka, produksion\n\u201cLumiere films\u201d, Shkup, Maqedonia e Veriut.<\/p>\n\n\n\n<p><strong>Keni\nnj\u00eb projekt t\u00eb preferuar dhe pse?<br>\n<br>\n<\/strong><\/p>\n\n\n\n<p><strong>Gent M.\n\u00c7ajani:<\/strong> T\u00eb gjitha\nprojektet e mia jan\u00eb b\u00ebr\u00eb me shum\u00eb dashuri,\ni dua t\u00eb gjitha projektet dhe bashk\u00ebpunimet e mia q\u00eb kam pasur deri m\u00eb tani.<\/p>\n\n\n\n<p><strong>A e\nshprehni kreativitetin n\u00eb ndonj\u00eb m\u00ebnyr\u00eb tjet\u00ebr?<\/strong><\/p>\n\n\n\n<p><strong>Gent M.\n\u00c7ajani:<\/strong> M\u00eb p\u00eblqen\nta shpreh artin tim n\u00eb shum\u00eb m\u00ebnyra. Un\u00eb pikturoj her\u00eb pas here dhe punoj si\nagjent shit\u00ebs p\u00ebr nj\u00eb artist t\u00eb madh n\u00eb Evrop\u00eb. M\u00eb p\u00eblqen fotografia dhe kam\nmarr\u00eb pjes\u00eb n\u00eb ekspozita si fotograf. Un\u00eb b\u00ebj shum\u00eb gj\u00ebra duke u p\u00ebrpjekur t\u00eb\nshpreh ndjenjat e mia n\u00eb m\u00ebnyra t\u00eb tjera t\u00eb t\u00eb b\u00ebrit art, si shkrimi i poezive,\nk\u00ebndimi dhe udh\u00ebtimi.<\/p>\n\n\n\n<p><strong>P\u00ebr\n\u00e7far\u00eb po punoni aktualisht?<\/strong><\/p>\n\n\n\n<p><strong>Gent M.\n\u00c7ajani:<\/strong> Aktualisht\npo punoj p\u00ebr projektin e radh\u00ebs p\u00ebr k\u00ebt\u00eb vit q\u00eb do t\u00eb zhvillohet n\u00eb Teat\u00ebr,\n\u00ebsht\u00eb nj\u00eb shfaqje me tre personazhe \u201cBualli Amerikan\u201d nga David Mamet. <\/p>\n","protected":false},"excerpt":{"rendered":"<p>Nga: Artemisa Kastrioti, Nju Jork Shfaqja teatrale \u201cTregimi Zoologjik\u201d (Zoo Story) me regji nga Gent M. \u00c7ajani \u00ebsht\u00eb shp\u00ebrblyer me \u00e7mimin \u201cRegjisori m\u00eb i Mir\u00eb\u201d n\u00eb Festivalin Nd\u00ebrkomb\u00ebtar t\u00eb Teatrit Othello, i mbajtur n\u00eb Maqedonin\u00eb e Veriut. Ky \u00ebsht\u00eb nj\u00eb sukses tjet\u00ebr i \u201cTregimit Zoologjik\u201d pas vler\u00ebsimit n\u00eb AKT Fest Shkup ku aktori Berat Mahmuti&hellip;<\/p>\n","protected":false},"author":1,"featured_media":9750,"comment_status":"open","ping_status":"open","sticky":false,"template":"","format":"standard","meta":{"footnotes":""},"categories":[5],"tags":[],"class_list":["post-9749","post","type-post","status-publish","format-standard","has-post-thumbnail","hentry","category-letersi"],"_links":{"self":[{"href":"https:\/\/revistakuvendi.org\/index.php?rest_route=\/wp\/v2\/posts\/9749","targetHints":{"allow":["GET"]}}],"collection":[{"href":"https:\/\/revistakuvendi.org\/index.php?rest_route=\/wp\/v2\/posts"}],"about":[{"href":"https:\/\/revistakuvendi.org\/index.php?rest_route=\/wp\/v2\/types\/post"}],"author":[{"embeddable":true,"href":"https:\/\/revistakuvendi.org\/index.php?rest_route=\/wp\/v2\/users\/1"}],"replies":[{"embeddable":true,"href":"https:\/\/revistakuvendi.org\/index.php?rest_route=%2Fwp%2Fv2%2Fcomments&post=9749"}],"version-history":[{"count":1,"href":"https:\/\/revistakuvendi.org\/index.php?rest_route=\/wp\/v2\/posts\/9749\/revisions"}],"predecessor-version":[{"id":9752,"href":"https:\/\/revistakuvendi.org\/index.php?rest_route=\/wp\/v2\/posts\/9749\/revisions\/9752"}],"wp:featuredmedia":[{"embeddable":true,"href":"https:\/\/revistakuvendi.org\/index.php?rest_route=\/wp\/v2\/media\/9750"}],"wp:attachment":[{"href":"https:\/\/revistakuvendi.org\/index.php?rest_route=%2Fwp%2Fv2%2Fmedia&parent=9749"}],"wp:term":[{"taxonomy":"category","embeddable":true,"href":"https:\/\/revistakuvendi.org\/index.php?rest_route=%2Fwp%2Fv2%2Fcategories&post=9749"},{"taxonomy":"post_tag","embeddable":true,"href":"https:\/\/revistakuvendi.org\/index.php?rest_route=%2Fwp%2Fv2%2Ftags&post=9749"}],"curies":[{"name":"wp","href":"https:\/\/api.w.org\/{rel}","templated":true}]}}