{"id":9735,"date":"2022-08-14T16:14:10","date_gmt":"2022-08-14T16:14:10","guid":{"rendered":"http:\/\/revistakuvendi.org\/?p=9735"},"modified":"2022-08-14T16:14:10","modified_gmt":"2022-08-14T16:14:10","slug":"nje-vikend-ne-mesin-e-monumenteve-historike-ne-qytetin-e-strasburgut-france","status":"publish","type":"post","link":"https:\/\/revistakuvendi.org\/?p=9735","title":{"rendered":"Nj\u00eb vikend n\u00eb mesin e monumenteve historike  n\u00eb qytetin e Strasburgut -Franc\u00eb"},"content":{"rendered":"\n<figure class=\"wp-block-image\"><img loading=\"lazy\" decoding=\"async\" width=\"200\" height=\"134\" src=\"https:\/\/revistakuvendi.org\/wp-content\/uploads\/2022\/08\/strasburgu-per-koper.jpg\" alt=\"\" class=\"wp-image-9736\"\/><\/figure>\n\n\n\n<p>Nga Asllan Dibrani<\/p>\n\n\n\n<figure class=\"wp-block-image\"><img loading=\"lazy\" decoding=\"async\" width=\"108\" height=\"138\" src=\"https:\/\/revistakuvendi.org\/wp-content\/uploads\/2022\/08\/asllan-dibrani.jpg\" alt=\"\" class=\"wp-image-9747\"\/><\/figure>\n\n\n\n<p><br>\nVikendi i k\u00ebtyre dit\u00ebve&nbsp; ishte&nbsp; me nj\u00eb mot te mire&nbsp; ,me plot diell nga e cila u motivuam&nbsp; t\u00eb b\u00ebjm\u00eb nj\u00eb udh\u00ebtim dikund. E pik\u00ebrisht&nbsp;&nbsp; vendosem familjarisht te p\u00ebrqendrohemi\nne&nbsp; qytetin francez Strasburgun e bukur\nme nj\u00eb kultur\u00eb t\u00eb bujshme dhe histori&nbsp; t\u00eb\npasur. Shtutgardi na ndante vet\u00ebm nj\u00eb ore e&nbsp;\ngjysme nga Strasburgu.<\/p>\n\n\n\n<figure class=\"wp-block-image\"><img loading=\"lazy\" decoding=\"async\" width=\"466\" height=\"466\" src=\"https:\/\/revistakuvendi.org\/wp-content\/uploads\/2022\/08\/katedralja-.jpg\" alt=\"\" class=\"wp-image-9737\" srcset=\"https:\/\/revistakuvendi.org\/wp-content\/uploads\/2022\/08\/katedralja-.jpg 466w, https:\/\/revistakuvendi.org\/wp-content\/uploads\/2022\/08\/katedralja--150x150.jpg 150w, https:\/\/revistakuvendi.org\/wp-content\/uploads\/2022\/08\/katedralja--300x300.jpg 300w, https:\/\/revistakuvendi.org\/wp-content\/uploads\/2022\/08\/katedralja--50x50.jpg 50w\" sizes=\"auto, (max-width: 466px) 100vw, 466px\" \/><\/figure>\n\n\n\n<p>Ne d\u00ebshirojm\u00eb\nt\u00eb t\u00ebrheqim v\u00ebmendjen tuaj n\u00eb nj\u00eb p\u00ebrshkrim t\u00eb shkurt\u00ebr t\u00eb pamjeve ,historis\u00eb\ndhe kultur\u00ebs s\u00eb&nbsp; Strasburgut . <\/p>\n\n\n\n<p>Katedralja\nNorth Dame de Strasburg \u00ebsht\u00eb nj\u00eb nga atraksionet kryesore t\u00eb qytetit. \u00cbsht\u00eb\nnj\u00eb kish\u00eb e bukur gotike e ngjyr\u00ebs origjinale roz\u00eb-kafe me vet\u00ebm nj\u00eb kull\u00eb.\nNotre Dame \u00ebsht\u00eb e bukur n\u00eb vetvete, dhe zona p\u00ebrreth saj \u00ebsht\u00eb e bukur. Por\nfutuni brenda dhe futuni m\u00eb thell\u00eb, aty do t\u00eb gjeni nj\u00eb or\u00eb t\u00eb vjet\u00ebr q\u00eb tregon\njo vet\u00ebm koh\u00ebn, por edhe muajin, vitin, shenj\u00ebn e zodiakut, pozicionin e\nplanet\u00ebve dhe nj\u00eb emetim t\u00eb vog\u00ebl \u00e7do gjysm\u00eb ore. Kulla e saj 142 metra e lart\u00eb\n\u00ebsht\u00eb m\u00eb e larta n\u00eb Franc\u00eb. Nga vrojtimi i katedrales, e cila t\u00eb \u00e7on n\u00eb 322\nshkall\u00eb, ka nj\u00eb pamje t\u00eb mrekullueshme t\u00eb rrethin\u00ebs. Fasada e katedrales \u00ebsht\u00eb\nzbukuruar me qindra figura, t\u00eb cilat p\u00ebrfaq\u00ebsojn\u00eb nj\u00eb imazh gjigant t\u00eb temave\nmesjetare. Ranori roz\u00eb i p\u00ebrdorur p\u00ebr muret e struktur\u00ebs ndryshon ngjyr\u00ebn n\u00eb\nvar\u00ebsi t\u00eb drit\u00ebs. T\u00eb gjith\u00eb mund t\u00eb vizitojn\u00eb katedralen pa pages\u00eb.<\/p>\n\n\n\n<p><strong>Strasburgu dhe\np\u00ebrshkrimi&nbsp; i tij si qytet i Franc\u00ebs.<\/strong> <\/p>\n\n\n\n<p>Strasburgu\n\u00ebsht\u00eb nj\u00eb qytet n\u00eb Franc\u00ebn lindore, kryeqyteti i Alsas, nj\u00eb rajon n\u00eb kufi me\nGjermanin\u00eb.Strasburgu u themelua nga romak\u00ebt, t\u00eb cil\u00ebt ngrit\u00ebn nj\u00eb kamp\nushtarak k\u00ebtu gjat\u00eb fushat\u00ebs gjermane t\u00eb 14-16.Argentorat at\u00ebher\u00eb quhej\nvendbanim.<\/p>\n\n\n\n<figure class=\"wp-block-image\"><img loading=\"lazy\" decoding=\"async\" width=\"298\" height=\"382\" src=\"https:\/\/revistakuvendi.org\/wp-content\/uploads\/2022\/08\/pamje-e-katedrales.jpg\" alt=\"\" class=\"wp-image-9738\" srcset=\"https:\/\/revistakuvendi.org\/wp-content\/uploads\/2022\/08\/pamje-e-katedrales.jpg 298w, https:\/\/revistakuvendi.org\/wp-content\/uploads\/2022\/08\/pamje-e-katedrales-234x300.jpg 234w\" sizes=\"auto, (max-width: 298px) 100vw, 298px\" \/><\/figure>\n\n\n\n<p><strong>Pamje e\nKatedrales&nbsp; se Strasburgut&nbsp; ne Franc\u00eb dhe rrug\u00ebt e vogla e saj me objekte\nte vjetra dhe shum\u00eb&nbsp; t\u00eb bukura ,<\/strong><strong>gjat\u00eb vikendit familjar me miqt\u00eb tan\u00eb&nbsp; Aza Peci, Igballe Dibrani, Mentor Peci ,<\/strong><strong><\/strong><\/p>\n\n\n\n<p><strong>Arta Dibrani\ndhe un\u00eb Asllan Dibrani.<\/strong><\/p>\n\n\n\n<p>N\u00eb 1262,\nStrasburgu u b\u00eb nj\u00eb qytet i lir\u00eb. Reformimi filloi rreth vitit 1520, pas\npublikimit t\u00eb doktrin\u00ebs fetare t\u00eb Martin Luterit.<\/p>\n\n\n\n<p>N\u00eb vitin\n1940, trupat gjermane pushtuan qytetin dhe aneksuan Alsasin. Strasburgu u\n\u00e7lirua n\u00eb vitin 1944.<\/p>\n\n\n\n<p>Historia\nStrasburgu ndodhet n\u00eb bregun per\u00ebndimor t\u00eb lumit Rhine dhe ka z\u00ebn\u00eb nj\u00eb pozicion\nstrategjik n\u00eb Lugin\u00ebn e Rhine-it t\u00eb Ep\u00ebrm q\u00eb nga parahistoria. Romak\u00ebt pushtuan\nzon\u00ebn rreth vitit 12 para Krishtit. Strasburgu mori statusin e qytetit t\u00eb lir\u00eb\nn\u00eb 1262. Strasburgu ishte vendi i nj\u00eb prej masakrave m\u00eb t\u00eb k\u00ebqija t\u00eb mesjet\u00ebs\nn\u00eb vitin 1349, kur mbi nj\u00eb mij\u00eb hebrenj u dogj\u00ebn publikisht p\u00ebr vdekje dhe\nhebrenjt\u00eb u diskriminuan dhe u ndoq\u00ebn penalisht deri n\u00eb shekullin e 18-t\u00eb.\nStatusi i Strasburgut si qytet i lir\u00eb p\u00ebrfundoi me Revolucionin Francez. Pas\nluft\u00ebs franko-gjermane t\u00eb vitit 1870, gjerman\u00ebt aneksuan qytetin dhe zbatuan\nnj\u00eb politik\u00eb gjermanizimi, duke \u00e7uar n\u00eb m\u00ebrgimin e atyre q\u00eb preferonin t\u00eb q\u00ebndronin\nfrancez\u00eb. Pas disfat\u00ebs gjermane n\u00eb Luft\u00ebn e Par\u00eb Bot\u00ebrore, qyteti u kthye n\u00eb\nFranc\u00eb dhe tani ishte radha e francez\u00ebve q\u00eb t\u00eb p\u00ebrpiqeshin t\u00eb zhduknin gjurm\u00ebt\ne pushtimit gjerman. Gjat\u00eb Luft\u00ebs s\u00eb Dyt\u00eb Bot\u00ebrore, nazist\u00ebt i konsideronin\nalsas\u00ebt si bashk\u00eb-gjerman\u00eb, dhe shum\u00eb u detyruan t\u00eb luftonin n\u00eb ushtrin\u00eb\ngjermane &#8211; nj\u00eb situat\u00eb q\u00eb i b\u00ebri ata t\u00eb akuzoheshin n\u00eb m\u00ebnyr\u00eb t\u00eb rreme p\u00ebr\nbashk\u00ebpunim pas luft\u00ebs. Sot, Strasburgu \u00ebsht\u00eb qyteti i n\u00ebnt\u00eb m\u00eb i madh n\u00eb\nFranc\u00eb me gati gjysm\u00eb milioni banor\u00eb n\u00eb nj\u00eb zon\u00eb metropolitane q\u00eb shtrihet\np\u00ebrtej lumit n\u00eb qytetin gjerman t\u00eb Kehl, n\u00eb bregun lindor t\u00eb Rhein. Vet\u00eb qyteti\n\u00ebsht\u00eb selia e K\u00ebshillit t\u00eb Evrop\u00ebs, Gjykat\u00ebs Evropiane p\u00ebr t\u00eb Drejtat e\nNjeriut, Ombudsmanit Evropian, Eurocorps, Observatorit Evropian Audiovizual dhe,\nm\u00eb e famshmja, Parlamentit Evropian i cili gjithashtu mban sesione n\u00eb Bruksel.<\/p>\n\n\n\n<p><strong>\u00c7far\u00eb mund t\u00eb\nshihni n\u00eb qytetin e Strasburg? <\/strong><\/p>\n\n\n\n<p>Ky \u00ebsht\u00eb emri\ni lagjes s\u00eb vjet\u00ebr romantike t\u00eb Strasburgut, e cila sot \u00ebsht\u00eb n\u00eb list\u00ebn e\nfamshme t\u00eb UNESCO-s si trash\u00ebgimia kulturore e njer\u00ebzimit. P\u00ebrmendja e par\u00eb e\nFranc\u00ebs s\u00eb Vog\u00ebl u regjistrua n\u00eb shekullin e 16-t\u00eb. Sot, Franca e Petit<\/p>\n\n\n\n<p>\u00ebsht\u00eb nj\u00eb\npjes\u00eb e bukur e Strasburgut q\u00eb adhurohet nga turist\u00ebt.&nbsp; <\/p>\n\n\n\n<figure class=\"wp-block-image\"><img loading=\"lazy\" decoding=\"async\" width=\"519\" height=\"292\" src=\"https:\/\/revistakuvendi.org\/wp-content\/uploads\/2022\/08\/ky-shesh.jpg\" alt=\"\" class=\"wp-image-9739\" srcset=\"https:\/\/revistakuvendi.org\/wp-content\/uploads\/2022\/08\/ky-shesh.jpg 519w, https:\/\/revistakuvendi.org\/wp-content\/uploads\/2022\/08\/ky-shesh-300x169.jpg 300w, https:\/\/revistakuvendi.org\/wp-content\/uploads\/2022\/08\/ky-shesh-460x260.jpg 460w\" sizes=\"auto, (max-width: 519px) 100vw, 519px\" \/><\/figure>\n\n\n\n<p><strong>Ky shesh\nndodhet n\u00eb lagjen historike t\u00eb qytetit. Shpesh mbahen manifestime t\u00eb ndryshme,\nfesta shtet\u00ebrore e t\u00eb qytetit, festa publike etj.<\/strong><\/p>\n\n\n\n<p>Sheshi mban\nemrin e nj\u00eb banori t\u00eb famsh\u00ebm t\u00eb Strasburgut, gjeneralit Kleber, i cili mori\npjes\u00eb n\u00eb luft\u00ebrat n\u00eb an\u00ebn e Napoleonit. \u00cbsht\u00eb skulptura e tij q\u00eb q\u00ebndron n\u00eb\nqend\u00ebr t\u00eb sheshit. Dhe p\u00ebrreth ka oborre administrative dhe restorante t\u00eb\nshk\u00eblqyera me ushqim t\u00eb mir\u00eb.<\/p>\n\n\n\n<figure class=\"wp-block-image\"><img loading=\"lazy\" decoding=\"async\" width=\"533\" height=\"320\" src=\"https:\/\/revistakuvendi.org\/wp-content\/uploads\/2022\/08\/perballe-katedrales.jpg\" alt=\"\" class=\"wp-image-9740\" srcset=\"https:\/\/revistakuvendi.org\/wp-content\/uploads\/2022\/08\/perballe-katedrales.jpg 533w, https:\/\/revistakuvendi.org\/wp-content\/uploads\/2022\/08\/perballe-katedrales-300x180.jpg 300w\" sizes=\"auto, (max-width: 533px) 100vw, 533px\" \/><\/figure>\n\n\n\n<p><strong>P\u00ebrball\u00eb katedrales\n\u00ebsht\u00eb nj\u00eb tjet\u00ebr atraksion i Strasburgut dhe i gjith\u00eb Franc\u00ebs &#8211; Sheshi\nGothenberg.<\/strong> <\/p>\n\n\n\n<p>Ky njeri e\nb\u00ebri qytetin t\u00eb famsh\u00ebm n\u00eb t\u00eb gjith\u00eb bot\u00ebn duke shpikur nj\u00eb font grumbullues.\nQ\u00eb at\u00ebher\u00eb, parimi i shtypit nuk ka ndryshuar.Kjo ndodhi n\u00eb mesin e shekullit\nt\u00eb 15-t\u00eb dhe Bibla u b\u00eb libri i par\u00eb i shtypur. N\u00eb shesh q\u00ebndron nj\u00eb statuj\u00eb e\nGothenberg, duke mbajtur nj\u00eb flet\u00eb t\u00eb madhe letre n\u00eb duar. N\u00ebse shikoni nga\naf\u00ebr, mund t\u00eb shihni se kjo \u00ebsht\u00eb nj\u00eb nga faqet e Bibl\u00ebs. <\/p>\n\n\n\n<figure class=\"wp-block-image\"><img loading=\"lazy\" decoding=\"async\" width=\"453\" height=\"260\" src=\"https:\/\/revistakuvendi.org\/wp-content\/uploads\/2022\/08\/kjo-eshte.jpg\" alt=\"\" class=\"wp-image-9741\" srcset=\"https:\/\/revistakuvendi.org\/wp-content\/uploads\/2022\/08\/kjo-eshte.jpg 453w, https:\/\/revistakuvendi.org\/wp-content\/uploads\/2022\/08\/kjo-eshte-300x172.jpg 300w, https:\/\/revistakuvendi.org\/wp-content\/uploads\/2022\/08\/kjo-eshte-220x126.jpg 220w\" sizes=\"auto, (max-width: 453px) 100vw, 453px\" \/><\/figure>\n\n\n\n<p><strong>Kjo \u00ebsht\u00eb nj\u00eb nga pamjet m\u00eb t\u00eb famshme historike t\u00eb Strasburgut,\nnj\u00eb monument arkitektonik i barokut. Pallati strehon tre muze n\u00eb Strasburg:\narkeologjik (q\u00eb ndodhet n\u00eb bodrum), dekorativ dhe art.<\/strong><\/p>\n\n\n\n<p>Pallati u\nnd\u00ebrtua n\u00eb vendin e rezidenc\u00ebs s\u00eb kryepeshkopit n\u00eb gjysm\u00ebn e par\u00eb t\u00eb shekullit\nt\u00eb 18-t\u00eb me udh\u00ebzimet e kardinalit vendas Rogan. K\u00ebtu jetonte mbreti francez\nLouis XV, ishte Napoleoni I me gruan e tij Josephine dhe njer\u00ebz t\u00eb tjer\u00eb t\u00eb\nfamsh\u00ebm dhe t\u00eb m\u00ebdhenj.<strong><\/strong><\/p>\n\n\n\n<p>Ne kemi\np\u00ebrgatitur p\u00ebr ju nj\u00eb kronike tematike&nbsp; duke\np\u00ebrfshir\u00eb disa pika interesante&nbsp;\nreferuese&nbsp; t\u00eb qytetit si\u00e7 jan\u00eb:<\/p>\n\n\n\n<p>Franca e\nvog\u00ebl.<\/p>\n\n\n\n<p>Urat e\nmbuluara dhe galeria Vauban.Vizit\u00eb n\u00eb Katedralen e Strasburgut (brenda dhe\njasht\u00eb)shum\u00eb sheshe, rrug\u00eb t\u00eb ngushta, pallate dhe ura histori dhe legjenda\ninteresante. Epo, p\u00ebr shembull, do t\u00eb zbuloni se si u p\u00ebrcaktua n\u00eb Mesjet\u00eb deri\nme tani.<\/p>\n\n\n\n<p><strong>Merrni\nkanalet me tramvaj lumi \u00ebsht\u00eb nj\u00eb sh\u00ebtitje&nbsp;\np\u00ebrrallore!<\/strong><\/p>\n\n\n\n<p>Tramvaji i lumit\nn\u00eb Strasburg praktikisht z\u00ebvend\u00ebson turneun e qytetit. Do t\u00eb lundroni n\u00ebp\u00ebr\nkanale dhe do t\u00eb shihni pothuajse t\u00eb gjitha atraksionet kryesore t\u00eb kryeqytetit\nt\u00eb rajonit. <\/p>\n\n\n\n<figure class=\"wp-block-image\"><img loading=\"lazy\" decoding=\"async\" width=\"200\" height=\"134\" src=\"https:\/\/revistakuvendi.org\/wp-content\/uploads\/2022\/08\/strasburgu-per-koper-1.jpg\" alt=\"\" class=\"wp-image-9742\"\/><\/figure>\n\n\n\n<p><strong>Strasburgu\n\u00ebsht\u00eb nj\u00eb nga tre kryeqytetet e Bashkimit Evropian.<\/strong><\/p>\n\n\n\n<p>Strasburgu\n\u00ebsht\u00eb nj\u00eb nga tre kryeqytetet e Bashkimit Evropian. P\u00ebr nder t\u00eb k\u00ebsaj mbahen\nshum\u00eb ngjarje interesante dhe jo vet\u00ebm k\u00ebtu. Qyteti dikur hapi tregjet kryesore\nt\u00eb Krishtlindjeve, nj\u00eb festival shat\u00ebrvan\u00ebsh, nj\u00eb festival teatri n\u00eb rrug\u00eb dhe\nm\u00eb shum\u00eb. Qyteti i vjet\u00ebr nuk \u00ebsht\u00eb vet\u00ebm nj\u00eb stil i mahnitsh\u00ebm arkitekturor,\npor edhe nj\u00eb kopsht i qytetit. K\u00ebtu lul\u00ebzojn\u00eb manjolit\u00eb dhe shtret\u00ebrit e luleve\ndhe banor\u00ebt dekorojn\u00eb dritaret dhe ballkonet e tyre me lule.<\/p>\n\n\n\n<p>Strasburgu\n\u00ebsht\u00eb i pasur me muzet\u00eb e tij. M\u00eb t\u00eb mir\u00ebt prej tyre jan\u00eb Muzeu Historik i\nQytetit, Muzeu i Alsas dhe Muzeu i Artit Modern. Koleksione mjaft interesante\ndhe shum\u00eb gj\u00ebra interaktive jan\u00eb mbledhur k\u00ebtu. Konsiderohet si nj\u00eb nga qytetet\nm\u00eb t\u00eb bukura n\u00eb Evrop\u00eb: trash\u00ebgimia arkitekturore e Strasburgut \u00ebsht\u00eb nj\u00eb\nsintez\u00eb e dy kulturave &#8211; franceze dhe gjermane. Qyteti \u00ebsht\u00eb i njohur edhe p\u00ebr\nmbajtjen e seancave t\u00eb Parlamentit Evropian k\u00ebtu. Strasburgu \u00ebsht\u00eb nj\u00eb nga\nqytetet m\u00eb piktoreske n\u00eb Franc\u00eb<\/p>\n\n\n\n<p>Ndryshimi i\nvazhduesh\u00ebm i shtet\u00ebsis\u00eb pati nj\u00eb ndikim t\u00eb r\u00ebnd\u00ebsish\u00ebm n\u00eb pamjen arkitekturore\ndhe kultur\u00ebn e Strasburgut. Duke u rikuperuar shpejt nga pushtimi i nj\u00eb tjet\u00ebr\npushtuesi, sot qyteti \u00ebsht\u00eb kthyer n\u00eb nj\u00eb nga qytetet m\u00eb piktoreske dhe m\u00eb t\u00eb\nzhvilluar ekonomikisht n\u00eb Franc\u00eb.<\/p>\n\n\n\n<p><strong>Franca e\nvog\u00ebl dhe ura t\u00eb mbuluara<\/strong><\/p>\n\n\n\n<p>Franca e\nVog\u00ebl konsiderohet si k\u00ebndi m\u00eb i qet\u00eb dhe m\u00eb piktoresk i Strasburgut. Rrug\u00ebt\nan\u00ebsore t\u00eb k\u00ebsaj zone jan\u00eb t\u00eb mbushura me sht\u00ebpi simpatike, tradicionale prej\ndruri p\u00ebr nj\u00eb gj\u00eb t\u00eb vog\u00ebl apo kafe t\u00eb paharrueshme. E ve\u00e7anta e sht\u00ebpive t\u00eb\ntilla jan\u00eb shkall\u00ebt e b\u00ebra me mjesht\u00ebri, dyshemet\u00eb q\u00eb duken t\u00eb varura nj\u00ebra mbi\ntjetr\u00ebn dhe \u00e7atit\u00eb me pjerr\u00ebsi t\u00eb madhe. Qarku mori emrin e spitalit ku\ntrajtoheshin pacient\u00ebt me sifiliz. S\u00ebmundja quhet ndryshe franceze. Spitali nuk\nekziston m\u00eb, por emri mbetet.<\/p>\n\n\n\n<figure class=\"wp-block-image\"><img loading=\"lazy\" decoding=\"async\" width=\"692\" height=\"442\" src=\"https:\/\/revistakuvendi.org\/wp-content\/uploads\/2022\/08\/petite.jpg\" alt=\"\" class=\"wp-image-9743\" srcset=\"https:\/\/revistakuvendi.org\/wp-content\/uploads\/2022\/08\/petite.jpg 692w, https:\/\/revistakuvendi.org\/wp-content\/uploads\/2022\/08\/petite-300x192.jpg 300w\" sizes=\"auto, (max-width: 692px) 100vw, 692px\" \/><\/figure>\n\n\n\n<figure class=\"wp-block-image\"><img loading=\"lazy\" decoding=\"async\" width=\"340\" height=\"203\" src=\"https:\/\/revistakuvendi.org\/wp-content\/uploads\/2022\/08\/platforma.jpg\" alt=\"\" class=\"wp-image-9744\" srcset=\"https:\/\/revistakuvendi.org\/wp-content\/uploads\/2022\/08\/platforma.jpg 340w, https:\/\/revistakuvendi.org\/wp-content\/uploads\/2022\/08\/platforma-300x179.jpg 300w\" sizes=\"auto, (max-width: 340px) 100vw, 340px\" \/><\/figure>\n\n\n\n<p><strong>Petite France &#8220;- nj\u00eb nga vendet m\u00eb t\u00eb bukura n\u00eb Strasburg, zona e\nk\u00ebmb\u00ebsor\u00ebve<\/strong><\/p>\n\n\n\n<p><strong>Diga e\nVaubanit<\/strong><\/p>\n\n\n\n<p>Diga, e quajtur\nsipas projektuesit t\u00eb saj, inxhinier Vauban, duhej t\u00eb mbronte pjes\u00ebn jugore t\u00eb\nqytetit. Dizajni i struktur\u00ebs b\u00ebri t\u00eb mundur, duke mbyllur harqet, ngritjen e\nshpejt\u00eb t\u00eb nivelit t\u00eb ujit n\u00eb lumin Ile. Sot, platforma panoramike e dig\u00ebs\nofron nj\u00eb pamje t\u00eb mrekullueshme t\u00eb qytetit.<\/p>\n\n\n\n<figure class=\"wp-block-image\"><img loading=\"lazy\" decoding=\"async\" width=\"340\" height=\"203\" src=\"https:\/\/revistakuvendi.org\/wp-content\/uploads\/2022\/08\/platforma-1.jpg\" alt=\"\" class=\"wp-image-9745\" srcset=\"https:\/\/revistakuvendi.org\/wp-content\/uploads\/2022\/08\/platforma-1.jpg 340w, https:\/\/revistakuvendi.org\/wp-content\/uploads\/2022\/08\/platforma-1-300x179.jpg 300w\" sizes=\"auto, (max-width: 340px) 100vw, 340px\" \/><\/figure>\n\n\n\n<p><strong>Platforma\npanoramike e dig\u00ebs ofron nj\u00eb pamje t\u00eb mrekullueshme t\u00eb Strasburgut<\/strong><\/p>\n\n\n\n<p><strong>Pallati Rogan<\/strong><\/p>\n\n\n\n<p><strong>Pamje e\nobjektit t\u00eb organizat\u00ebs&nbsp; t\u00eb Bashkimit\nEvropian<\/strong><\/p>\n\n\n\n<p>Qyteti \u00ebsht\u00eb\nzgjedhur si selin\u00eb e tij nga shum\u00eb <a>organizata t\u00eb\nBashkimit Evropian <\/a>&#8211; jan\u00eb m\u00eb shum\u00eb se 20, t\u00eb cilat t\u00eb gjitha ndodhen n\u00eb t\u00eb\nashtuquajtur\u00ebn Lagje Evropiane. Stili modern n\u00eb t\u00eb cilin jan\u00eb nd\u00ebrtuar t\u00eb\ngjitha nd\u00ebrtesat e rrethit \u00ebsht\u00eb n\u00eb kontrast t\u00eb plot\u00eb me pamjen historike t\u00eb\nqendr\u00ebs s\u00eb qytetit.<\/p>\n\n\n\n<figure class=\"wp-block-image\"><img loading=\"lazy\" decoding=\"async\" width=\"456\" height=\"304\" src=\"https:\/\/revistakuvendi.org\/wp-content\/uploads\/2022\/08\/lagjja-evropiane.jpg\" alt=\"\" class=\"wp-image-9746\" srcset=\"https:\/\/revistakuvendi.org\/wp-content\/uploads\/2022\/08\/lagjja-evropiane.jpg 456w, https:\/\/revistakuvendi.org\/wp-content\/uploads\/2022\/08\/lagjja-evropiane-300x200.jpg 300w\" sizes=\"auto, (max-width: 456px) 100vw, 456px\" \/><\/figure>\n\n\n\n<p><strong>Lagjja\nEvropiane p\u00ebrfshin disa qarqe &#8211; Robertsau, Wacken dhe Orangerie<\/strong><\/p>\n\n\n\n<p><strong>Muzet\u00eb n\u00eb\nStrasburg<\/strong><\/p>\n\n\n\n<p>P\u00ebrshkrimi i\nk\u00ebtij foto reportazhi mbetet shume&nbsp; i\nzbeht\u00eb nga pamund\u00ebsia dhe lejimi&nbsp; i\nrregullave&nbsp; botuese , prandaj me kaq e\np\u00ebrfundojm\u00eb duke iu uruar lexuesve , lexim te k\u00ebndsh\u00ebm.<\/p>\n\n\n\n<p><strong>Fotoreportazh\nnga Strasburgu Franc\u00eb 16.04.20202<\/strong><\/p>\n","protected":false},"excerpt":{"rendered":"<p>Nga Asllan Dibrani Vikendi i k\u00ebtyre dit\u00ebve&nbsp; ishte&nbsp; me nj\u00eb mot te mire&nbsp; ,me plot diell nga e cila u motivuam&nbsp; t\u00eb b\u00ebjm\u00eb nj\u00eb udh\u00ebtim dikund. E pik\u00ebrisht&nbsp;&nbsp; vendosem familjarisht te p\u00ebrqendrohemi ne&nbsp; qytetin francez Strasburgun e bukur me nj\u00eb kultur\u00eb t\u00eb bujshme dhe histori&nbsp; t\u00eb pasur. Shtutgardi na ndante vet\u00ebm nj\u00eb ore e&nbsp; gjysme&hellip;<\/p>\n","protected":false},"author":1,"featured_media":9742,"comment_status":"open","ping_status":"open","sticky":false,"template":"","format":"standard","meta":{"footnotes":""},"categories":[5],"tags":[],"class_list":["post-9735","post","type-post","status-publish","format-standard","has-post-thumbnail","hentry","category-letersi"],"_links":{"self":[{"href":"https:\/\/revistakuvendi.org\/index.php?rest_route=\/wp\/v2\/posts\/9735","targetHints":{"allow":["GET"]}}],"collection":[{"href":"https:\/\/revistakuvendi.org\/index.php?rest_route=\/wp\/v2\/posts"}],"about":[{"href":"https:\/\/revistakuvendi.org\/index.php?rest_route=\/wp\/v2\/types\/post"}],"author":[{"embeddable":true,"href":"https:\/\/revistakuvendi.org\/index.php?rest_route=\/wp\/v2\/users\/1"}],"replies":[{"embeddable":true,"href":"https:\/\/revistakuvendi.org\/index.php?rest_route=%2Fwp%2Fv2%2Fcomments&post=9735"}],"version-history":[{"count":1,"href":"https:\/\/revistakuvendi.org\/index.php?rest_route=\/wp\/v2\/posts\/9735\/revisions"}],"predecessor-version":[{"id":9748,"href":"https:\/\/revistakuvendi.org\/index.php?rest_route=\/wp\/v2\/posts\/9735\/revisions\/9748"}],"wp:featuredmedia":[{"embeddable":true,"href":"https:\/\/revistakuvendi.org\/index.php?rest_route=\/wp\/v2\/media\/9742"}],"wp:attachment":[{"href":"https:\/\/revistakuvendi.org\/index.php?rest_route=%2Fwp%2Fv2%2Fmedia&parent=9735"}],"wp:term":[{"taxonomy":"category","embeddable":true,"href":"https:\/\/revistakuvendi.org\/index.php?rest_route=%2Fwp%2Fv2%2Fcategories&post=9735"},{"taxonomy":"post_tag","embeddable":true,"href":"https:\/\/revistakuvendi.org\/index.php?rest_route=%2Fwp%2Fv2%2Ftags&post=9735"}],"curies":[{"name":"wp","href":"https:\/\/api.w.org\/{rel}","templated":true}]}}