{"id":9725,"date":"2022-07-24T01:34:00","date_gmt":"2022-07-24T01:34:00","guid":{"rendered":"http:\/\/revistakuvendi.org\/?p=9725"},"modified":"2022-07-24T11:16:20","modified_gmt":"2022-07-24T11:16:20","slug":"pse-hesht-gazeta-dielli","status":"publish","type":"post","link":"https:\/\/revistakuvendi.org\/?p=9725","title":{"rendered":"PSE HESHT GAZETA \u201cDIELLI\u201d?"},"content":{"rendered":"\n<figure class=\"wp-block-image\"><img loading=\"lazy\" decoding=\"async\" width=\"140\" height=\"180\" src=\"http:\/\/revistakuvendi.org\/wp-content\/uploads\/2022\/05\/UNE-kopertine.jpg\" alt=\"\" class=\"wp-image-9653\"\/><\/figure>\n\n\n\n<p>Nga Pjet\u00ebr\nJaku, Detroit<\/p>\n\n\n\n<p><strong>Problemet\nnuk mbyllen, n\u00ebse nuk happen!<\/strong><\/p>\n\n\n\n<p>Ka nj\u00eb\ndenoncim publik nga Dega e Vatres Manhatan dhe tri k\u00ebrkesa p\u00ebr Kryesin\u00eb\nQendrore t\u00eb Vatr\u00ebs. Po b\u00ebhet nj\u00eb jav\u00eb dhe asnj\u00eb rresht n\u00eb Gazet\u00ebn e Vatr\u00ebs. A duhej\nq\u00eb kjo gazet\u00eb, si pron\u00eb e vatran\u00ebve, pra edhe e Deg\u00ebs Manhatan, si nj\u00eb nga\ndeg\u00ebt kryesore t\u00eb saj, t\u00eb shkruante rreth debatit me fjal\u00eb fyese t\u00eb\nn\u00ebnkryetarit, t\u00eb zbardhej? Mendoj, se secili vatran, do ta k\u00ebrkonte k\u00ebt\u00eb dhe\nnuk do t\u00eb ishte aspak n\u00eb d\u00ebm t\u00eb Vatr\u00ebs. N\u00eb d\u00ebm t\u00eb nj\u00eb grupi shoq\u00ebror, partiak\nose shkencor, do t\u00eb ishte mbyllja e debateve q\u00eb, nj\u00ebsoj do t\u00eb m\u00ebsoheshin! Asnj\u00eb\nplag\u00eb nuk sh\u00ebrohet, duke e izoluar! Mjaft u izoluam p\u00ebr gjys\u00ebm shekulli! Edhe\npse shqiptar\u00ebt nuk jan\u00eb aty ku duhet t\u00eb ishin, dhe aty ku e meritojn\u00eb, n\u00eb\ntridhjet vitet pas komunizmit, gjith\u00ebsesi jan\u00eb m\u00eb mir\u00eb e m\u00eb&nbsp; t\u00eb lir\u00eb! <\/p>\n\n\n\n<p><strong>Po t\u00eb mos\nflisnim, asnj\u00ebri prej nesh nuk do t\u00eb njihej! <\/strong><\/p>\n\n\n\n<p>T\u00eb\nshprehurit t\u00eb njeh! Dhe, pik\u00ebrisht kjo ka ndodh prej vitesh n\u00eb Vat\u00ebr. Prej\nshtat\u00eb vitesh l\u00ebngon nga e nj\u00ebjta s\u00ebmundje, sharlatanizmi p\u00ebr t\u00eb ndikuar n\u00eb\ngjith\u00eb\u00e7ka t\u00eb k\u00ebsaj organizate e nj\u00eb p\u00ebrsoni, q\u00eb vet\u00ebm l\u00ebvdon veten, kur duhej\nt\u00eb ulte kok\u00ebn e t\u00eb d\u00ebgjonte t\u00eb tjer\u00ebt. Cili prej Jush i ka d\u00ebgjuar ndonj\u00ebher\u00eb,\nnga t\u00eb tjer\u00ebt, l\u00ebvdatat e tij hiperbolike e krejt t\u00eb pav\u00ebrteta? As prej Kolec\nNdojes, q\u00eb ai e p\u00ebrmend, kur i duhet! Ju duhet ta kishit kuptuar, q\u00eb kur u\nngrit si gjeli, n\u00eb Kuvendin e 2015-t\u00ebs. Ju duhet ta kishit kuptuar, q\u00eb kur b\u00ebri\nl\u00ebmsh Kuvendin e 2017-t\u00ebs dhe solli kryetar birin e Prokurorit Komunist, pa\nq\u00ebn\u00eb kurr\u00eb n\u00eb Vat\u00ebr. Ju duhet ta kishit kuptuar, kur fyu nacionalist\u00ebt patriot\u00eb,\nDr. Gjon Bu\u00e7aj dhe Zef P\u00ebrndocaj, nga m\u00eb kontribuesit n\u00eb Vat\u00ebr, prej gjys\u00ebm\nshekulli, e ju p\u00ebrs\u00ebri hesht\u00ebt! Ju po e kuptoni tani, si hidhet e p\u00ebrdridhet,\nkur i cenohen interesat, dhe kur sheh se po rreshqet n\u00eb humner\u00eb dita dit\u00ebs, nga\nvatran\u00eb q\u00eb jan\u00eb m\u00eb t\u00eb zot se ai e, sidomos Valentin Lumaj, \u00c7ezar Ndreu, Lek\u00eb\nMirakaj, Ervin Dine e shum\u00eb e shum\u00eb t\u00eb tjer\u00eb q\u00eb ngurrojn\u00eb t\u00eb dalin hapur. Cila\n\u00ebsht\u00eb ajo Vat\u00ebr q\u00eb e mban n\u00eb gjirin e saj nj\u00eb klloun t\u00eb till\u00eb, t\u00eb fyej antar\u00ebt\nq\u00eb jan\u00eb nderi i k\u00ebsaj organizate?<\/p>\n\n\n\n<p>\u201c N\u00eb qoft\u00eb\nse nuk mund t\u00eb kafshosh, mos i nxirr dh\u00ebmb\u00ebt!\u201d-thot\u00eb populli. Por, ky p\u00ebrson,\nq\u00eb kurr\u00eb nuk \u00ebsht\u00eb votuar, ve\u00e7 manipulimeve e prapaskenave, po e kafshon Vatr\u00ebn\nme dh\u00ebmb\u00eb infektues q\u00eb, po t\u00eb vazhdoi gjat\u00eb, do e rr\u00ebzoi n\u00eb l\u00ebngime t\u00eb gjata.\nDikush, me t\u00eb padrejt\u00eb mund t\u00eb thot\u00eb: \u00c7\u2019t\u00eb duhet ty me Vatr\u00ebn? Mua nuk m\u00eb \u00ebsht\u00eb\ndashur kurr\u00eb p\u00ebrsonalisht dhe nuk ka p\u00ebr t\u00eb mu dashur, por e kam njohur Vatr\u00ebn,\npa ardhur n\u00eb Amerik\u00eb, e njoh historin\u00eb e saj dhe m\u00eb vjen keq t\u00eb kaloi s\u00ebmundje\nt\u00eb r\u00ebnda. E, p\u00ebr m\u00eb tep\u00ebr, deri n\u00eb shtator t\u00eb k\u00ebtij viti jam an\u00ebtar i saj, edhe\npse nuk don kryesia! Sh\u00ebrojeni sa nuk \u00ebsht\u00eb von\u00eb!<\/p>\n\n\n\n<p><strong>Kur\nagresori b\u00ebn viktimen!<\/strong><\/p>\n\n\n\n<p>Pas\ndenoncimit dhe k\u00ebrkesave p\u00ebr Kryesin\u00eb, t\u00eb Deg\u00ebs s\u00eb Manhatan, q\u00eb mban dat\u00ebn 19\nkorrik 2022, sipas nj\u00eb mikut tim, m\u00ebsova reagimin e n\u00ebnkryetarit. Duke par\u00eb se\npo b\u00ebh\u00ebn shum\u00eb e po i prishen raportet, me nj\u00eb lloj megallomanie t\u00eb pashoqe,\nb\u00ebn viktimen, sikur ai ka gjith\u00ebmon\u00eb t\u00eb drejt\u00eb.<\/p>\n\n\n\n<p>K\u00ebt\u00eb nuk e shan askush, por s\u00ebmundja e tij, t\u00eb v\u00ebrteten ia kthen n\u00eb sharje. Ai nuk \u00ebsht\u00eb kurr\u00eb n\u00eb nivelin e atyre q\u00eb p\u00ebrmend, as af\u00ebr tyre. Ai kurr\u00eb nuk ka q\u00ebn\u00eb n\u00eb asnj\u00eb nivel drejtues, qoft\u00eb edhe kryetar seksioni, p\u00ebr asgj\u00eb nuk \u00ebsht\u00eb votuar asnj\u00ebher\u00eb. Ai nuk ka q\u00ebn\u00eb n\u00eb asnj\u00eb\u00a0 detyr\u00eb t\u00eb emruar, \u00a0n\u00eb nivel lokal e qendror. Nuk ka p\u00ebrfaq\u00ebsuar ask\u00ebnd dhe asgj\u00eb! Ju e besoni g\u00ebnjeshtren se ka q\u00ebn\u00eb p\u00ebrfaq\u00ebsues i opozites ne OSBE!? Nuk kishte Opozita p\u00ebrsonalitete t\u00eb nivelit evropian, po gjeti k\u00ebt\u00eb hajdut ta p\u00ebrfaq\u00ebsonte? Medaljen \u201c Pishtar i Demokracis\u00eb\u201d\u00a0 e kishte v\u00ebllai, e jo ky! N\u00eb webin e Presidences askund nuk figuron emri i tij! E shihni si shantazhon n\u00eb p\u00ebrgjigjen pa argument. \u201c Ai q\u00eb m\u00eb akuzoi u p\u00ebrjashtu me vota unanime\u201d. Cili ishte ai, p\u00ebrve\u00e7 imagjinates s\u00eb tij? E shihni si vet\u00ebmburret, si brumbulli q\u00eb e rrokullis nj\u00eb miz\u00eb. \u201c M\u00eb njeh gjith\u00eb Shqip\u00ebria\u201d! Ka rrezik se njeh as Lagjja e tij, ve\u00e7\u00ebse p\u00ebr hajdut profesionist e jo i d\u00ebnuar nj\u00ebher\u00eb, por dy! Gjith\u00e7ka mund t\u00eb shpifet, por hajnia n\u00eb \u00e7do regjim mb\u00ebshtetet n\u00eb \u00a0fakte! E kujt i b\u00ebnte d\u00ebm ky far gjeniu, q\u00eb donin ta fusnin n\u00eb burg?!! P\u00ebrse nuk mori pafaj\u00ebsin\u00eb, n\u00ebse nuk ishin t\u00eb v\u00ebrteta, dy d\u00ebnimet e tij? Si mbiu i pambishmi ne komunitetin ton\u00eb, fara e helm\u00ebt, qe kurr\u00ebn e kurr\u00ebs nuk ka q\u00ebn\u00eb far\u00eb?! E, pra le t\u00eb\u00a0 pretendoni, ta mbani n\u00eb ball\u00eb k\u00ebt\u00eb &#8221; rr\u00ebnj\u00ebdal\u00eb&#8221;?!<\/p>\n\n\n\n<p>Kryesia\nmbetet n\u00eb dilem\u00eb, k\u00eb t\u00eb heq, n\u00ebnkryetarin apo Deg\u00ebn e Manhatanit!? Dega \u00ebsht\u00eb\nnj\u00eb kock\u00eb shum\u00eb ma e fort\u00eb se n\u00ebnkryetari hajdut e kontrabandist!<\/p>\n\n\n\n<p>Tanim\u00eb,\nheshtja \u00ebsht\u00eb agonia para vdekjes!<\/p>\n\n\n\n<p><em>Michigan, 23 korrik 2022<\/em><\/p>\n","protected":false},"excerpt":{"rendered":"<p>Nga Pjet\u00ebr Jaku, Detroit Problemet nuk mbyllen, n\u00ebse nuk happen! Ka nj\u00eb denoncim publik nga Dega e Vatres Manhatan dhe tri k\u00ebrkesa p\u00ebr Kryesin\u00eb Qendrore t\u00eb Vatr\u00ebs. Po b\u00ebhet nj\u00eb jav\u00eb dhe asnj\u00eb rresht n\u00eb Gazet\u00ebn e Vatr\u00ebs. A duhej q\u00eb kjo gazet\u00eb, si pron\u00eb e vatran\u00ebve, pra edhe e Deg\u00ebs Manhatan, si nj\u00eb nga&hellip;<\/p>\n","protected":false},"author":1,"featured_media":9653,"comment_status":"open","ping_status":"open","sticky":false,"template":"","format":"standard","meta":{"footnotes":""},"categories":[12],"tags":[],"class_list":["post-9725","post","type-post","status-publish","format-standard","has-post-thumbnail","hentry","category-jete-komuniteti"],"_links":{"self":[{"href":"https:\/\/revistakuvendi.org\/index.php?rest_route=\/wp\/v2\/posts\/9725","targetHints":{"allow":["GET"]}}],"collection":[{"href":"https:\/\/revistakuvendi.org\/index.php?rest_route=\/wp\/v2\/posts"}],"about":[{"href":"https:\/\/revistakuvendi.org\/index.php?rest_route=\/wp\/v2\/types\/post"}],"author":[{"embeddable":true,"href":"https:\/\/revistakuvendi.org\/index.php?rest_route=\/wp\/v2\/users\/1"}],"replies":[{"embeddable":true,"href":"https:\/\/revistakuvendi.org\/index.php?rest_route=%2Fwp%2Fv2%2Fcomments&post=9725"}],"version-history":[{"count":2,"href":"https:\/\/revistakuvendi.org\/index.php?rest_route=\/wp\/v2\/posts\/9725\/revisions"}],"predecessor-version":[{"id":9727,"href":"https:\/\/revistakuvendi.org\/index.php?rest_route=\/wp\/v2\/posts\/9725\/revisions\/9727"}],"wp:featuredmedia":[{"embeddable":true,"href":"https:\/\/revistakuvendi.org\/index.php?rest_route=\/wp\/v2\/media\/9653"}],"wp:attachment":[{"href":"https:\/\/revistakuvendi.org\/index.php?rest_route=%2Fwp%2Fv2%2Fmedia&parent=9725"}],"wp:term":[{"taxonomy":"category","embeddable":true,"href":"https:\/\/revistakuvendi.org\/index.php?rest_route=%2Fwp%2Fv2%2Fcategories&post=9725"},{"taxonomy":"post_tag","embeddable":true,"href":"https:\/\/revistakuvendi.org\/index.php?rest_route=%2Fwp%2Fv2%2Ftags&post=9725"}],"curies":[{"name":"wp","href":"https:\/\/api.w.org\/{rel}","templated":true}]}}