{"id":9721,"date":"2022-07-11T19:39:30","date_gmt":"2022-07-11T19:39:30","guid":{"rendered":"http:\/\/revistakuvendi.org\/?p=9721"},"modified":"2022-07-11T19:39:30","modified_gmt":"2022-07-11T19:39:30","slug":"pse-si-mbajne-dekoratat-dekorataxhinjte","status":"publish","type":"post","link":"https:\/\/revistakuvendi.org\/?p=9721","title":{"rendered":"PSE S\u2019I MBAJNE DEKORATAT, DEKORATAXHINJTE!?"},"content":{"rendered":"\n<figure class=\"wp-block-image\"><img loading=\"lazy\" decoding=\"async\" width=\"180\" height=\"200\" src=\"https:\/\/revistakuvendi.org\/wp-content\/uploads\/2022\/07\/Dekorata-e-Flamurit-Kombetar.jpg\" alt=\"\" class=\"wp-image-9722\"\/><\/figure>\n\n\n\n<p>Nga Pjet\u00ebr Jaku<\/p>\n\n\n\n<p><em>\u201c Kur heronjt\u00eb largohen nga skena, at\u00ebher\u00eb hyjn\u00eb\nklloun\u00ebt.\u201d<\/em><\/p>\n\n\n\n<p><em>Hajnrih Hajne<\/em><\/p>\n\n\n\n<p>Komuniteti shqiptar i Amerikes, ka n\u00eb mesin e tij shum\u00eb\nshqiptar\u00eb t\u00eb dekoruar, nga dy shtetet shqiptare; Shqip\u00ebria dhe Kosova. Cilin\nnga k\u00ebta \u201c Kalor\u00ebs\u201d t\u00eb dekoruar i keni par\u00eb n\u00eb ndonj\u00eb fest\u00eb komb\u00ebtare t\u2019i ken\u00eb\nv\u00ebn\u00eb dekoratat n\u00eb xhaketat e tyre? Mua s\u2019m\u00eb ka rastis t\u00eb shoh ndonj\u00eb, ve\u00e7 Mjeshtrit\nPaul Palushi. E pra, kam pas\u00eb shum\u00eb raste t\u00eb marr\u00eb pjes\u00eb n\u00eb p\u00ebrkujtime t\u00eb Pavar\u00ebsis\u00eb\ne festa t\u00eb tjera m\u00eb r\u00ebnd\u00ebsi patriotike komb\u00ebtare, por kurr\u00eb nuk kam par\u00eb nj\u00eb\n\u201cpatriot t\u00eb shquar\u201d t\u00eb dekoruar, q\u00eb ta ket\u00eb&nbsp;\nshenj\u00ebn vler\u00ebsuese t\u00eb vepirimtaris\u00eb s\u00eb tij t\u00eb \u201cmadhore\u201d. Nuk e kuptoj,\npse lodhet Presidenti i Republikes t\u00eb mbaj\u00eb nj\u00eb thjes me dekorata, nga Shqip\u00ebria\nn\u00eb Amerik\u00eb, kur poseduesit e tyre nuk kan\u00eb p\u00ebr t\u2019i ekspozuar kurr\u00eb. N\u00eb komunitetin\nshqiptar t\u00eb Detroitit kemi \u201c kalor\u00ebs\u201d t\u00eb para 20 viteve, qe asnj\u00ebher\u00eb s\u2019i kane\nekspozuar simbolet e tyre! <\/p>\n\n\n\n<p><strong>Pse ndodh kjo?<\/strong><\/p>\n\n\n\n<p>Secilit do t\u2019i vinte turp ta mbante medaljen publikisht, n\u00eb\nnj\u00eb prani masive, ku ka shum\u00eb t\u00eb tjer\u00eb, q\u00eb do e meritonin para tyre. Cili prej \u201cpatriot\u00ebve\u201d\nt\u00eb dekoruar n\u00eb Detroit, ta z\u00ebm\u00eb, do ta mbante dekoraten n\u00eb gjoks n\u00eb nj\u00eb sall\u00eb,\nku t\u00eb pranish\u00ebm jan\u00eb Vasel Ujkaj, Julian Qefa, Pjet\u00ebr Ivezaj, Gjevalin Gegaj,\nGjeto Ivezaj, Kujtim Qafa, Gjergj Ivezaj, Ruzhdi Gjokaj, Historiani Sherif\nGjokaj, Mark Prel\u00eb Gjokaj, apo n\u00eb ato salla ku m\u00eb par\u00eb ishin pjes\u00ebmarr\u00ebs t\u00eb\nndjer\u00ebt Gjon Lulgjuraj, Bajram \u00c7unmulaj, Baba Rexhepi, Imam Vehbi Ismaili etj\u2026 <\/p>\n\n\n\n<p>Jepen dekorata, deri \u201c Mjeshter i Madh\u201d, qe ve\u00e7 duarve ose\nkembeve, nivelin intelektual e kan\u00eb n\u00eb shkall\u00ebn m\u00eb t\u00eb ult\u00eb. Prej mjeshtrit t\u00eb\nmadh , duhet t\u00eb m\u00ebsoi dikush. Mjeshtri duhet t\u00eb ket\u00eb nxjerr\u00eb, t\u00eb pakt\u00ebn nj\u00eb\nbrez mjeshtrish t\u00eb vegj\u00ebl, duhte t\u00eb ket\u00eb shkoll\u00ebn e tij t\u00eb profesionit, n\u00eb fush\u00ebn\np\u00ebr t\u00eb cil\u00ebn dekorohet. Mjeshtri t\u00eb Madh, duhet t\u2019i thot\u00eb dikush \u201c Profesor\u201d!<\/p>\n\n\n\n<p>&nbsp;Dekorohen nga Presidenti\nIlir Meta, n\u00eb Qershor t\u00eb k\u00ebtij viti, n\u00eb New York, afro 40 vet, ku te merituarit\nmga ta nuk mund t\u00eb jen\u00eb as 10 p\u00ebrsona. Po 30 t\u00eb tjer\u00eb, disa dekorohen p\u00ebrs\u00eb\ndyti, disa nuk kan\u00eb as meriten minimale p\u00ebr nj\u00eb vler\u00ebsim t\u00eb till\u00eb. Ka nga ata,\nq\u00eb mburren me veprimet e tyre negative, si fjala vjen, djeg\u2019jen e Kanunit t\u00eb\nLek\u00eb Dukagjinit, publikisht n\u00eb nj\u00eb nga rrug\u00ebt e Tiran\u00ebs, ose ushtarak e sigurimsa\nme t\u00eb kaluar t\u00eb panjohur, t\u00eb propozuar nga niveli i tyre, ku ndoshta edhe\nfshihet listimit ndonj\u00eb shp\u00ebrblim \u201c I merituar\u201d p\u00ebr propozuesit, ose dekorat\u00ebdh\u00ebn\u00ebsit,\nsidomos ndonj\u00eb k\u00ebshilltar i Presidentit! E, n\u00eb fund t\u00eb fundit, kujt po i sh\u00ebrb\u00ebjn\u00eb\nk\u00ebto lloj vler\u00ebsimesh pa asnj\u00eb vler\u00eb!<\/p>\n\n\n\n<p>Dekoratat nuk jepen p\u00ebr veprimtari t\u00eb pab\u00ebra, si\u00e7 mund t\u00eb\nflitet, p\u00ebr stimul t\u00eb veprimtaris\u00eb n\u00eb t\u00eb arthmen, por vler\u00ebsim i aktivitetit t\u00eb\nb\u00ebr\u00eb. Dekoratat nuk mund t\u00eb jen\u00eb nxitje p\u00ebr t\u00eb arthmen, por vler\u00ebsim p\u00ebr t\u00eb\nshkuaren!<\/p>\n\n\n\n<p>Komuniteti shqiptar, sidomos n\u00eb Detroit e New York, do t\u00eb\nbjer\u00eb n\u00eb v\u00ebshtir\u00ebsi t\u00eb gj\u00ebj tribun\u00eb p\u00ebr t\u2019i vendosur gjith\u00eb k\u00ebta \u201c Kalor\u00ebs\u201d t\u00eb\nSkenderbeut e Flamurit, n\u00eb raste festash komb\u00ebtare e p\u00ebrkujtimesh, jo t\u00eb\nrralla!<\/p>\n","protected":false},"excerpt":{"rendered":"<p>Nga Pjet\u00ebr Jaku \u201c Kur heronjt\u00eb largohen nga skena, at\u00ebher\u00eb hyjn\u00eb klloun\u00ebt.\u201d Hajnrih Hajne Komuniteti shqiptar i Amerikes, ka n\u00eb mesin e tij shum\u00eb shqiptar\u00eb t\u00eb dekoruar, nga dy shtetet shqiptare; Shqip\u00ebria dhe Kosova. Cilin nga k\u00ebta \u201c Kalor\u00ebs\u201d t\u00eb dekoruar i keni par\u00eb n\u00eb ndonj\u00eb fest\u00eb komb\u00ebtare t\u2019i ken\u00eb v\u00ebn\u00eb dekoratat n\u00eb xhaketat e&hellip;<\/p>\n","protected":false},"author":1,"featured_media":9722,"comment_status":"open","ping_status":"open","sticky":false,"template":"","format":"standard","meta":{"footnotes":""},"categories":[12],"tags":[],"class_list":["post-9721","post","type-post","status-publish","format-standard","has-post-thumbnail","hentry","category-jete-komuniteti"],"_links":{"self":[{"href":"https:\/\/revistakuvendi.org\/index.php?rest_route=\/wp\/v2\/posts\/9721","targetHints":{"allow":["GET"]}}],"collection":[{"href":"https:\/\/revistakuvendi.org\/index.php?rest_route=\/wp\/v2\/posts"}],"about":[{"href":"https:\/\/revistakuvendi.org\/index.php?rest_route=\/wp\/v2\/types\/post"}],"author":[{"embeddable":true,"href":"https:\/\/revistakuvendi.org\/index.php?rest_route=\/wp\/v2\/users\/1"}],"replies":[{"embeddable":true,"href":"https:\/\/revistakuvendi.org\/index.php?rest_route=%2Fwp%2Fv2%2Fcomments&post=9721"}],"version-history":[{"count":1,"href":"https:\/\/revistakuvendi.org\/index.php?rest_route=\/wp\/v2\/posts\/9721\/revisions"}],"predecessor-version":[{"id":9723,"href":"https:\/\/revistakuvendi.org\/index.php?rest_route=\/wp\/v2\/posts\/9721\/revisions\/9723"}],"wp:featuredmedia":[{"embeddable":true,"href":"https:\/\/revistakuvendi.org\/index.php?rest_route=\/wp\/v2\/media\/9722"}],"wp:attachment":[{"href":"https:\/\/revistakuvendi.org\/index.php?rest_route=%2Fwp%2Fv2%2Fmedia&parent=9721"}],"wp:term":[{"taxonomy":"category","embeddable":true,"href":"https:\/\/revistakuvendi.org\/index.php?rest_route=%2Fwp%2Fv2%2Fcategories&post=9721"},{"taxonomy":"post_tag","embeddable":true,"href":"https:\/\/revistakuvendi.org\/index.php?rest_route=%2Fwp%2Fv2%2Ftags&post=9721"}],"curies":[{"name":"wp","href":"https:\/\/api.w.org\/{rel}","templated":true}]}}