{"id":9712,"date":"2022-06-29T13:43:03","date_gmt":"2022-06-29T13:43:03","guid":{"rendered":"http:\/\/revistakuvendi.org\/?p=9712"},"modified":"2022-06-29T13:43:03","modified_gmt":"2022-06-29T13:43:03","slug":"flluska-e-ajrit","status":"publish","type":"post","link":"https:\/\/revistakuvendi.org\/?p=9712","title":{"rendered":"Flluska e ajrit"},"content":{"rendered":"\n<figure class=\"wp-block-image\"><img loading=\"lazy\" decoding=\"async\" width=\"167\" height=\"172\" src=\"http:\/\/revistakuvendi.org\/wp-content\/uploads\/2021\/07\/Muc-Xhepa.png\" alt=\"\" class=\"wp-image-9157\" srcset=\"https:\/\/revistakuvendi.org\/wp-content\/uploads\/2021\/07\/Muc-Xhepa.png 167w, https:\/\/revistakuvendi.org\/wp-content\/uploads\/2021\/07\/Muc-Xhepa-50x50.png 50w\" sizes=\"auto, (max-width: 167px) 100vw, 167px\" \/><\/figure>\n\n\n\n<p>Nga Mu\u00e7 Xhepa<\/p>\n\n\n\n<p>&#8211; Injektuan aj\u00ebr, fllusk\u00eb ajri, n\u00eb gjak. I shkaktuan atak\nn\u00eb zem\u00ebr. <\/p>\n\n\n\n<p>M\u00eb tregon n\u00eb mesinxher miku im Demir Pojani. Familjet\ntona ruajn\u00eb nj\u00eb miq\u00ebsi t\u00eb hershme. Halla e Demirit dhe babai im kan\u00eb qen\u00eb n\u00eb t\u00eb\nnj\u00ebjt\u00ebn klas\u00eb gjat\u00eb viteve t\u00eb shkoll\u00ebs. Heroin\u00eb e v\u00ebrtet\u00eb thot\u00eb babai. P\u00ebr\ndekada t\u00eb t\u00ebra, kur t\u00eb tre v\u00ebllez\u00ebrit Pojani diktatura e proletariatit i mbylli\nn\u00eb burgjet e kampet e shfarosjes, Gulagun shqiptar, pjes\u00ebtar\u00ebt e tjer\u00eb t\u00eb\nfamiljes i q\u00ebndruan dhun\u00ebs n\u00eb k\u00ebmb\u00eb. Krenar\u00eb. U rridhte gjak i past\u00ebr nd\u00ebr\ndeje. Antikomunist. <\/p>\n\n\n\n<p>&#8211; Ne e dinim mir\u00eb se pak dit\u00eb para lirimit, komanda e\nburgut t\u00eb Burrelit p\u00ebrdorte mjetin e antinjeriut p\u00ebr t\u00eb shfarosur kund\u00ebrshtar\u00ebt\ne rreziksh\u00ebm: gjilp\u00ebr\u00ebn.<\/p>\n\n\n\n<p>&#8211; E kan\u00eb m\u00ebsuar nga v\u00ebllai i madh, Stalini. Pas\n\u201cShkrirjes\u201d, t\u00eb burgosurit e Kolimas k\u00ebrkuan t\u00eb silleshin p\u00ebrpara drejt\u00ebsis\u00eb\nmjek\u00ebt q\u00eb p\u00ebrdor\u00ebn gjilp\u00ebr\u00ebn&#8230; futjen e flluskave t\u00eb vogla t\u00eb ajrit n\u00eb en\u00ebt e\ngjakut&#8230; ato shkonin n\u00eb tru, zem\u00ebr apo mushk\u00ebri dhe shkaktonin atak t\u00eb zemr\u00ebs,\ngoditje n\u00eb tru ose bllokim t\u00eb frym\u00ebmarrjes.<\/p>\n\n\n\n<p>&#8211; U d\u00ebnuan?<\/p>\n\n\n\n<p>&#8211; Jo, sepse ardhja e Krushovit n\u00eb krye t\u00eb BRSS-s\u00eb ishte\nvet\u00ebm nd\u00ebrrim l\u00ebkure.<\/p>\n\n\n\n<p>&#8211; Si k\u00ebtu. Pa Nuremberg.<\/p>\n\n\n\n<p>&#8211; Ke t\u00eb drejt\u00eb. Vet\u00ebm pas Luft\u00ebs s\u00eb Dyt\u00eb Bot\u00ebrore, mjek\u00ebt\nkryesor\u00eb nazist\u00eb u soll\u00ebn p\u00ebrpara drejt\u00ebsis\u00eb. Gjykata Ushtarake Nd\u00ebrkomb\u00ebtare\nn\u00eb Nuremberg. Nj\u00ebzet mjek\u00eb u akuzuan p\u00ebr krime kund\u00ebr njer\u00ebzimit&#8230;<\/p>\n\n\n\n<p>&#8211; Atje gjyqin e b\u00ebn\u00eb fituesit e lyft\u00ebs. K\u00ebtu&#8230; Eh, tani\nthon\u00eb me mburrje se jan\u00eb me Amerik\u00ebn. Pra, cil\u00ebt fituan? Cil\u00ebt do t\u2019ua b\u00ebjn\u00eb\ngjyqin?<\/p>\n\n\n\n<p>&#8211; Prisja radh\u00ebn ta takoja. Njeriun e shquar t\u00eb letrave\nshqipe.<\/p>\n\n\n\n<p>Jam me Uran Kostrecin te ballkoni i sht\u00ebpis\u00eb sime.\nVjesht\u00eb. Pasdite. Urani s\u2019e ndan cigaren nga buz\u00ebt. Ballkoni \u00ebsht\u00eb vendi i\nparap\u00eblqyer. \u201cE t\u00ebr\u00eb sht\u00ebpia jote, p\u00ebr mua, \u00ebsht\u00eb ky ballkon i vog\u00ebl\u201d, m\u00eb tha\nkur erdhi her\u00ebn e par\u00eb n\u00eb Uashington.<\/p>\n\n\n\n<p>&#8211; N\u00eb burg radh\u00eb?<\/p>\n\n\n\n<p>&#8211; Et\u2019hem Haxhiademi ishte autoritet. Takimi me t\u00eb ishte\nngjarje e madhe p\u00ebr nj\u00eb bashk\u00ebvuajt\u00ebs.<\/p>\n\n\n\n<p>Rrufit kafen\u00eb dhe v\u00ebshtrimi i tretet t\u00eb gjethet e ahut,\nq\u00eb i rr\u00ebzon era e leht\u00eb e mbr\u00ebmjes, nj\u00eb e nga nj\u00eb.<\/p>\n\n\n\n<p>&#8211; Na nxorr\u00ebn nga qelia p\u00ebr ajrosje. Po m\u00eb priste. I\nshk\u00eblqenin syt\u00eb e lagur. Mall, dhimbje. Takonte dik\u00eb q\u00eb kishte punuar pran\u00eb\ngruas tij. Un\u00eb ndihmoja maman\u00eb. Grat\u00eb e dyerve t\u00eb m\u00ebdha t\u00eb qytetit i kishin\nv\u00ebn\u00eb t\u00eb hapnin me lopat\u00eb kanal t\u00eb thell\u00eb vadit\u00ebs. M\u00eb p\u00ebrqafoi. Dridhej, trupit\nt\u00eb dob\u00ebsuar dukej se do t\u2019i shp\u00ebrthente kraharori. Zemra e gjakosur t\u00eb\nfluturonte te \u00e7erdhja, ku zogjt\u00eb dhe p\u00ebllumbesha e prisnin. M\u00eb shtr\u00ebngoi fort.<\/p>\n\n\n\n<p>&#8211; M\u00eb thuaj se jan\u00eb gjall\u00eb.<\/p>\n\n\n\n<p>Mbeta.<\/p>\n\n\n\n<p>&#8211; Vitet shkojn\u00eb dhe ato b\u00ebhen m\u00eb t\u00eb fort\u00eb me ndihm\u00ebn e\natyre q\u00eb duhet&#8230; Kancelari austriak tha se ata e mor\u00ebn p\u00ebrgjegj\u00ebsin\u00eb e asaj q\u00eb\nshkaktuan&#8230; dhe nuk duan m\u00eb t\u00eb p\u00ebrs\u00ebritet&#8230; Por, kujt po i drejtohej, kujt po\ni rrihte krah\u00ebt. Atij q\u00eb thot\u00eb se ka qen\u00eb dhe \u00ebsht\u00eb n\u00eb nan\u00ebn e drejt t\u00eb\nhistoris\u00eb. Cil\u00ebs histori? T\u00eb babait q\u00eb firmosi t\u00eb varej nj\u00eb poet i liris\u00eb n\u00eb\nvitin 1988.<\/p>\n\n\n\n<p>Demiri ngrihet nga vendi, kthen karrigen n\u00eb an\u00ebn e\nkund\u00ebrt dhe ulet duke vendosur duart n\u00eb mb\u00ebshtet\u00ebse.<\/p>\n\n\n\n<p>&#8211; Kamer Ybeshari, infermieri inkuizitor, p\u00ebrbind\u00ebsh, i b\u00ebri gjilp\u00ebr\u00ebn dramaturgut t\u00eb madh, shkrimtarit q\u00eb mund t\u00eb mburrej \u00e7do vend i qytet\u00ebruar ta kishte birin e tij. Et\u2019hem Haxhiademi mbylli syt\u00eb. Me t\u00eb edhe arti i v\u00ebrtet\u00eb. <\/p>\n\n\n\n<figure class=\"wp-block-image\"><img loading=\"lazy\" decoding=\"async\" width=\"217\" height=\"287\" src=\"https:\/\/revistakuvendi.org\/wp-content\/uploads\/2022\/06\/muci-1.jpg\" alt=\"\" class=\"wp-image-9714\"\/><\/figure>\n\n\n\n<figure class=\"wp-block-image\"><img loading=\"lazy\" decoding=\"async\" width=\"380\" height=\"464\" src=\"https:\/\/revistakuvendi.org\/wp-content\/uploads\/2022\/06\/muci.jpg\" alt=\"\" class=\"wp-image-9713\" srcset=\"https:\/\/revistakuvendi.org\/wp-content\/uploads\/2022\/06\/muci.jpg 380w, https:\/\/revistakuvendi.org\/wp-content\/uploads\/2022\/06\/muci-246x300.jpg 246w\" sizes=\"auto, (max-width: 380px) 100vw, 380px\" \/><\/figure>\n\n\n\n<p>Ne foto: Et&#8217;hem Haxhiademi ( lart )<\/p>\n\n\n\n<p>Demir Pojani<\/p>\n","protected":false},"excerpt":{"rendered":"<p>Nga Mu\u00e7 Xhepa &#8211; Injektuan aj\u00ebr, fllusk\u00eb ajri, n\u00eb gjak. I shkaktuan atak n\u00eb zem\u00ebr. M\u00eb tregon n\u00eb mesinxher miku im Demir Pojani. Familjet tona ruajn\u00eb nj\u00eb miq\u00ebsi t\u00eb hershme. Halla e Demirit dhe babai im kan\u00eb qen\u00eb n\u00eb t\u00eb nj\u00ebjt\u00ebn klas\u00eb gjat\u00eb viteve t\u00eb shkoll\u00ebs. Heroin\u00eb e v\u00ebrtet\u00eb thot\u00eb babai. P\u00ebr dekada t\u00eb t\u00ebra,&hellip;<\/p>\n","protected":false},"author":1,"featured_media":9157,"comment_status":"open","ping_status":"open","sticky":false,"template":"","format":"standard","meta":{"footnotes":""},"categories":[5],"tags":[],"class_list":["post-9712","post","type-post","status-publish","format-standard","has-post-thumbnail","hentry","category-letersi"],"_links":{"self":[{"href":"https:\/\/revistakuvendi.org\/index.php?rest_route=\/wp\/v2\/posts\/9712","targetHints":{"allow":["GET"]}}],"collection":[{"href":"https:\/\/revistakuvendi.org\/index.php?rest_route=\/wp\/v2\/posts"}],"about":[{"href":"https:\/\/revistakuvendi.org\/index.php?rest_route=\/wp\/v2\/types\/post"}],"author":[{"embeddable":true,"href":"https:\/\/revistakuvendi.org\/index.php?rest_route=\/wp\/v2\/users\/1"}],"replies":[{"embeddable":true,"href":"https:\/\/revistakuvendi.org\/index.php?rest_route=%2Fwp%2Fv2%2Fcomments&post=9712"}],"version-history":[{"count":1,"href":"https:\/\/revistakuvendi.org\/index.php?rest_route=\/wp\/v2\/posts\/9712\/revisions"}],"predecessor-version":[{"id":9715,"href":"https:\/\/revistakuvendi.org\/index.php?rest_route=\/wp\/v2\/posts\/9712\/revisions\/9715"}],"wp:featuredmedia":[{"embeddable":true,"href":"https:\/\/revistakuvendi.org\/index.php?rest_route=\/wp\/v2\/media\/9157"}],"wp:attachment":[{"href":"https:\/\/revistakuvendi.org\/index.php?rest_route=%2Fwp%2Fv2%2Fmedia&parent=9712"}],"wp:term":[{"taxonomy":"category","embeddable":true,"href":"https:\/\/revistakuvendi.org\/index.php?rest_route=%2Fwp%2Fv2%2Fcategories&post=9712"},{"taxonomy":"post_tag","embeddable":true,"href":"https:\/\/revistakuvendi.org\/index.php?rest_route=%2Fwp%2Fv2%2Ftags&post=9712"}],"curies":[{"name":"wp","href":"https:\/\/api.w.org\/{rel}","templated":true}]}}