{"id":9697,"date":"2022-06-09T10:48:32","date_gmt":"2022-06-09T10:48:32","guid":{"rendered":"http:\/\/revistakuvendi.org\/?p=9697"},"modified":"2022-06-09T10:48:32","modified_gmt":"2022-06-09T10:48:32","slug":"poezi-nga-elinda-marku-6","status":"publish","type":"post","link":"https:\/\/revistakuvendi.org\/?p=9697","title":{"rendered":"Poezi nga Elinda Marku"},"content":{"rendered":"\n<figure class=\"wp-block-image\"><img loading=\"lazy\" decoding=\"async\" width=\"146\" height=\"160\" src=\"http:\/\/revistakuvendi.org\/wp-content\/uploads\/2021\/02\/elinda-marku1.jpg\" alt=\"\" class=\"wp-image-8860\"\/><\/figure>\n\n\n<p>ELINDA MARKU 22<\/p>\n<p>TREND\u2026    <\/p>\n<p>Grat\u00eb pijn\u00eb Red Bull<br \/>\nme shpres\u00ebn<br \/>\nse do mbarsen,<br \/>\nburrat me shpres\u00ebn<br \/>\nse do t\u00eb b\u00ebhen buaj!<br \/>\n\u2026<br \/>\nMbas nant\u00eb muajsh<br \/>\nGrave u dalin mustaqet<br \/>\nburrat veshin<br \/>\nFustanet<br \/>\n!<br \/>\n\u2026<\/p>\n<p>NDRYSHIM!<br \/>\n&#8230;<br \/>\nKur shpifnit ju<br \/>\np\u00ebr mu<br \/>\nun\u00eb qeshja<br \/>\nme t&#8217;madhe<br \/>\nHa-Ha-Ha!<br \/>\n&#8230;.<br \/>\nKur tregova un\u00eb<br \/>\nt\u00eb v\u00ebrtet\u00ebn tuj<br \/>\nju kapet avokat,<br \/>\ngjykats,<br \/>\nfare e fis<br \/>\npushk\u00eb,<br \/>\ntanke,<br \/>\nrraketa!<br \/>\n&#8230;<br \/>\nKaq e tmerrshme<br \/>\nasht e v\u00ebrteta!!<\/p>\n<p>GJITH\u00cbH\u00cbR\u00cb E SOTME\u2026  <\/p>\n<p>krejt jeta<br \/>\ns&#8217;asht tjet\u00ebr<br \/>\nve\u00e7se nj\u00eb e sotme<br \/>\nq\u00eb na p\u00ebrs\u00ebrit<br \/>\nedhe ne<br \/>\nsi veten!<br \/>\nJa shife&#8230;!<br \/>\nSot jam zgju<br \/>\nme sy nga dritarja,<br \/>\nme sy n\u00eb gjith\u00ebkund,<br \/>\nme sy p\u00ebrdhe.<br \/>\nJam zgju pra<br \/>\nedhe sot<br \/>\nsi dje!<br \/>\nSot kam fol\u00eb<br \/>\np\u00ebr burgun<br \/>\nsi dje<br \/>\nn\u00eb burg<br \/>\nvdisja<br \/>\np\u00ebr lirin\u00eb!<br \/>\nSot kam duru<br \/>\nnj\u00eb rren\u00eb t\u00eb bardh\u00eb,<br \/>\nsi dje q\u00eb e kam vujt rren\u00ebn,<br \/>\nq\u00eb t\u00eb nxin\u00eb jet\u00ebn.<br \/>\nKam ni sot<br \/>\np\u00ebr nj\u00eb vjedhje q\u00eb t\u00eb fik,<br \/>\nsi dje q\u00eb e vujt\u00ebm jet\u00ebn<br \/>\nton\u00eb t\u00eb vjedhun<br \/>\nkrejt!<\/p>\n<p>POEZIA<\/p>\n<p>Poezia asht udh\u00eb<br \/>\nP\u00ebrher\u00eb e re,<br \/>\nE pafillueme<br \/>\nas e shkurt\u00eb, as e gjat\u00eb<br \/>\nAsht thjesht nj\u00eb termale<br \/>\nE kanshme,<br \/>\nQ\u00eb t\u00eb \u00e7on tek parajsa<br \/>\nE fjal\u00ebve:<br \/>\nShpirti!!!<\/p>\n<p>KUR NUK MUNDEN ME T\u2019POSHTNU!<\/p>\n<p>Ato q\u00eb s\u2019munden me u dasht!<br \/>\nBajn\u00eb gjith\u00eb\u00e7ka me zotnu!<br \/>\nMor, t\u2019 japin lek\u00ebt, pa i pas\u00eb<br \/>\nE pa ua k\u00ebrku\u2026<br \/>\nUlen tuj t\u00eb lidh k\u00ebpuc\u00ebt,<br \/>\nEdhe n\u00ebse ke mbath\u00eb pantofla,<br \/>\nT\u00eb blejn\u00eb dorashka t\u00eb shtrejta l\u00ebkure,<br \/>\nQ\u00eb ma fort t\u2019i ngrijn\u00eb duart<br \/>\nSe t\u2019i mbajn\u2019 ngroht\u2019!<br \/>\nT\u00eb imitojn\u00eb \u00e7do xhest<br \/>\nMe bind vedin se jan\u00eb si ti!<br \/>\nT\u00eb vjedhin edhe vujtjet,<br \/>\nSe ma teshat n\u00eb tel,<br \/>\nfjal\u00ebn n\u00eb buz\u00eb;<br \/>\nU duket se u ke dhan\u00eb leje!<br \/>\nDalin ne foto me ndoj milioner<br \/>\nQ\u00eb t\u00eb ken\u00eb t\u00eb drejt\u00eb<br \/>\nMe than\u00eb<br \/>\nse kan\u00eb pushtetin e pares<br \/>\nmbi ty!<br \/>\nBahen shok\u00eb t\u00eb ngusht\u00eb me ndoj prift<br \/>\nProvince, q\u00eb as ungjillin s\u2019ka mujt me lexu!<br \/>\nMandej shpallin njani-tjetrin profet\u00ebn!<br \/>\nBaben e vet q\u00eb paditi t\u00eb v\u00ebllan\u00eb<br \/>\nMe u pranu n\u2019 parti<br \/>\nTa shpall Skenderbe a Gjergj Elez Ali!<br \/>\nI k\u00ebrkon falje xhelatit qe i la fajin<br \/>\nE kok\u00ebs s\u00eb preme t\u00eb gjyshit!<br \/>\nHidhet si plesht me e dekoru p\u00ebr torturat<br \/>\nKund\u00ebr atyre q\u00eb nuk i vran\u00eb vet<br \/>\nRobt e tyre \u201creaksionar\u201d!<br \/>\n&#8230;<br \/>\nN\u00ebse zgjohet nj\u00eb mjes e sheh<br \/>\nSe, mbas gjith\u00eb k\u00ebtyne<br \/>\nE t\u00eb tjerash q\u00eb nuk i p\u00ebrmendem<br \/>\nNuk je si ai,<br \/>\nT\u00eb padit!<br \/>\nT\u00eb shpif,<br \/>\nT\u00eb k\u00ebrcenon<br \/>\nMe thik\u00eb e me plumb,<br \/>\nJo se t\u00eb ka dasht,<br \/>\nPo se nuk paska mujt<br \/>\nMe t\u2019 zotnu!<\/p>\n<p>PADITUNI<\/p>\n<p>Asht e v\u00ebrtet\u00eb;<br \/>\nNuk di me i kreh flok\u00ebt!<br \/>\nN\u00eb vend t\u00eb krahnave<br \/>\nKam ble k\u2019sula!<br \/>\nAs mendimet<br \/>\nNuk di me i stilu!<br \/>\nAma ndjenjat m\u00eb krehin<br \/>\nm\u00eb bajn\u00eb nja\u00e7 t&#8217;bukur,<br \/>\nSa t\u00eb gjitha pem\u00ebt kthejn\u00eb kryet,<br \/>\nKur u kaloj njat!<br \/>\nNja\u00e7 t&#8217;bukur m&#8217;bajn<br \/>\nSa t\u00eb gjitha ret\u00eb mblidhen<br \/>\nkry p\u00ebr kry me shoshoqen<br \/>\nMbi kryet tem.<br \/>\nM\u00eb prekin njom\u00eb<br \/>\nme maj\u00eb t&#8217;gishtave,<br \/>\nShiun!!!<\/p>\n<p>MBRETI IM I VET\u00cbM!<\/p>\n<p>Jam nj\u00eb gur i vog\u00ebl<br \/>\nkrejt i paduksh\u00ebm<br \/>\ni kish\u00ebs teme t\u00eb madhe<br \/>\nEdhe po t\u00eb m\u00eb hiqni<br \/>\nprej murit t\u00eb saj<br \/>\na prej oborrit<br \/>\nt\u00eb m\u00eb gjuani me kamb\u00eb<br \/>\nkudo q\u00eb kam me ra<br \/>\nkam me ken\u00eb<br \/>\ngur i kishes teme<br \/>\nt\u00eb madhe,<br \/>\ngur q\u00eb marr frym\u00eb<br \/>\ngur q\u00eb shoh&#8230;<br \/>\ngur q\u00eb ni e ndjej<br \/>\nfjal\u00ebt e vujtjet<br \/>\ne mbretit tim t\u00eb vet\u00ebm<br \/>\nKRISHTIT!<\/p>\n<p>NAN\u00cbS!<\/p>\n<p>Nan\u00eb,<br \/>\nAs dje nuk t\u00eb erdha<br \/>\nKe vorri<br \/>\nMe t\u2019i pru lulet<br \/>\nQ\u00eb thahen<br \/>\n!<br \/>\nNan\u00eb,<br \/>\nQysh s&#8217;e jam ba ti<br \/>\nTi nuk ke ma vorr<br \/>\njam un vorri yt!<br \/>\nTi qielli im Je !<br \/>\n&#8230;<br \/>\nNan\u00eb,<br \/>\nVjet Mara i ka vizatu dy lule<br \/>\nNjan\u00ebn p\u00ebr mu<br \/>\nTjetr\u00ebn p\u00ebr ty!<br \/>\n&#8230;<br \/>\nSivjet i ka mbjell!<\/p>\n<p>NGANJ\u00cbHER\u00cb<\/p>\n<p>Nganj\u00ebher\u00eb m\u00eb duket<br \/>\nsikur jetoj<br \/>\nn\u00eb \u00ebnd\u00ebrren e dikujt<br \/>\nQ\u00eb as m\u00eb njeh ,<br \/>\nDikujt q\u00eb ende s&#8217;ka lindur.<br \/>\nNdonj\u00ebher\u00eb m\u00eb duket<br \/>\nsikur lindem<br \/>\nprej ndonj\u00eb libri<br \/>\nq\u00eb ku ta dish<br \/>\nkur do t\u00eb shkruhet,<br \/>\nkur do t\u00eb digjet.<br \/>\nNdonj\u00ebher\u00eb m\u00eb duket<br \/>\nsikur shpirti im<br \/>\nka form\u00ebn e duarve<br \/>\nduarve q\u00eb kane form\u00ebn<br \/>\ne pem\u00ebve.<br \/>\n&#8230;.<br \/>\nShpesh shoh \u00ebnd\u00ebrra me shi<br \/>\ne me varre!!<\/p>\n<p>ORA E QYTETIT TIM<\/p>\n<p>Ora e qytetit i kryq\u00ebzoi<br \/>\nAkrepat mbi gjoks<br \/>\nI mbylli syt\u00eb<br \/>\nBash para syve tan\u00eb<br \/>\nDhe ra e vdiq!<br \/>\nMbasi tha:<br \/>\nS&#8217;ka \u00e7ka m&#8217;duhet t&#8217;gjallt<br \/>\nNd\u00ebr k\u2019to njerz!<br \/>\n&#8230;<br \/>\nQytetar\u00ebt si t\u00eb gjall\u00eb duken<br \/>\nTeksa i bien qytetit kryq e t\u00ebrthor<br \/>\nSi pik\u00eb\u00e7udit\u00ebse<br \/>\nQ\u00eb u ka ra pika n&#8217;krye!<br \/>\niiiiiiiiiiiiiiiiiiiiiiiiiiiiii!<\/p>\n<p>M I U<br \/>\nMiu, atje n\u00eb podrum<br \/>\nKa fillu me pa andrra<br \/>\nT\u00eb tmerrshme<br \/>\nMe elefant\u00eb!<br \/>\nI tregon n\u00eb gazet\u00eb<br \/>\nMe iu duk miut tjet\u00ebr<br \/>\nTrim!<br \/>\n&#8230;<br \/>\nMos o Zot me dal miu<br \/>\nPrej podrumit<br \/>\nMe pa macen<br \/>\nSi e pret<br \/>\nMe kthetra<br \/>\nMe iu sul<br \/>\nN\u00eb sy!<br \/>\n&#8230;<br \/>\nT\u00eb tmerrshme<br \/>\nPo i ka andrrat<br \/>\nT\u00eb err\u00ebt podrumin<br \/>\nRealitetin t\u00eb mjer\u00eb;<br \/>\nMiauuuu!<\/p>\n","protected":false},"excerpt":{"rendered":"","protected":false},"author":1,"featured_media":8860,"comment_status":"open","ping_status":"open","sticky":false,"template":"","format":"standard","meta":{"footnotes":""},"categories":[7],"tags":[],"class_list":["post-9697","post","type-post","status-publish","format-standard","has-post-thumbnail","hentry","category-poezi"],"_links":{"self":[{"href":"https:\/\/revistakuvendi.org\/index.php?rest_route=\/wp\/v2\/posts\/9697","targetHints":{"allow":["GET"]}}],"collection":[{"href":"https:\/\/revistakuvendi.org\/index.php?rest_route=\/wp\/v2\/posts"}],"about":[{"href":"https:\/\/revistakuvendi.org\/index.php?rest_route=\/wp\/v2\/types\/post"}],"author":[{"embeddable":true,"href":"https:\/\/revistakuvendi.org\/index.php?rest_route=\/wp\/v2\/users\/1"}],"replies":[{"embeddable":true,"href":"https:\/\/revistakuvendi.org\/index.php?rest_route=%2Fwp%2Fv2%2Fcomments&post=9697"}],"version-history":[{"count":1,"href":"https:\/\/revistakuvendi.org\/index.php?rest_route=\/wp\/v2\/posts\/9697\/revisions"}],"predecessor-version":[{"id":9698,"href":"https:\/\/revistakuvendi.org\/index.php?rest_route=\/wp\/v2\/posts\/9697\/revisions\/9698"}],"wp:featuredmedia":[{"embeddable":true,"href":"https:\/\/revistakuvendi.org\/index.php?rest_route=\/wp\/v2\/media\/8860"}],"wp:attachment":[{"href":"https:\/\/revistakuvendi.org\/index.php?rest_route=%2Fwp%2Fv2%2Fmedia&parent=9697"}],"wp:term":[{"taxonomy":"category","embeddable":true,"href":"https:\/\/revistakuvendi.org\/index.php?rest_route=%2Fwp%2Fv2%2Fcategories&post=9697"},{"taxonomy":"post_tag","embeddable":true,"href":"https:\/\/revistakuvendi.org\/index.php?rest_route=%2Fwp%2Fv2%2Ftags&post=9697"}],"curies":[{"name":"wp","href":"https:\/\/api.w.org\/{rel}","templated":true}]}}