{"id":9682,"date":"2022-05-29T21:00:28","date_gmt":"2022-05-29T21:00:28","guid":{"rendered":"http:\/\/revistakuvendi.org\/?p=9682"},"modified":"2022-05-29T21:01:58","modified_gmt":"2022-05-29T21:01:58","slug":"poezi-nga-teuta-beqari-osmani-2","status":"publish","type":"post","link":"https:\/\/revistakuvendi.org\/?p=9682","title":{"rendered":"Poezi nga Teuta Osmani"},"content":{"rendered":"\n<figure class=\"wp-block-image\"><img loading=\"lazy\" decoding=\"async\" width=\"140\" height=\"198\" src=\"https:\/\/revistakuvendi.org\/wp-content\/uploads\/2022\/05\/teuta-kopertine.jpg\" alt=\"\" class=\"wp-image-9683\"\/><\/figure>\n\n\n<p>Sekondi! <\/p>\n<p>T\u00eb gjith\u00eb interesohen p\u00ebr t\u00eb ditur<br \/>\nhi\u00e7gj\u00ebn\u00eb e sekond\u00ebs<br \/>\nKu prej nj\u00eb hedhje t\u00eb gurit n\u00eb aj\u00ebr<br \/>\nvriten nj\u00eb milion vesh\u00eb<br \/>\nP\u00ebr t\u00eb d\u00ebgjuar asgj\u00ebn\u00eb n\u00eb mes nj\u00eb tabuje<br \/>\nku ka z\u00ebn\u00eb nj\u00eb re! <\/p>\n<p>N\u00eb nj\u00eb sekond\u00eb u tha n\u00eb nj\u00eb poezi<br \/>\nse u sh\u00ebmb bota nd\u00ebrk\u00ebmb\u00eb<br \/>\nDhe p\u00ebr k\u00ebt\u00eb, kjo bot\u00eb po rtokulliset<br \/>\ne tera sin je shkemb<br \/>\nN\u00ebp\u00ebrmjet mesazheve, e poezive<br \/>\nt\u00eb shkruara ane-k\u00ebnd<br \/>\nQ\u00eb nga m\u00eb i vogli e deri tek 86 &#8211; vje\u00e7ari<br \/>\np\u00ebr t\u00eb marr vesh se qysh e si e sak\u00ebnd! <\/p>\n<p>Nj\u00eb sekond alarmoi bot\u00ebn tej oqeanit<br \/>\ne deri n\u00eb lumin \u00e7erkez<br \/>\nE mbi t\u00eb gjitha sekondi i h\u00ebngri veshin gomarit<br \/>\ne s\u2019u gj\u00ebnd<br \/>\nE nd\u00ebrsa qarkullojn\u00eb llafet si pa qeder<br \/>\ne nder nuk gjejn\u00eb,as derman jo e jo, p\u00ebr dreq! <\/p>\n<p>E le t\u00eb themi se kjo sekond\u00eb<br \/>\nerdhi nga nj\u00eb fjal\u00eb e imja e q\u00eb askush<br \/>\nnuk e merr vesh se si e thash<br \/>\ne se si e bitisa<br \/>\nE nd\u00ebrsa shkruaja poezin\u00eb<br \/>\n isha e frym\u00ebzuar nga nj\u00eb tjet\u00ebr poezi<br \/>\nsa dhe emrin do e thesha, por s\u2019ka r\u00ebnd\u00ebsi! <\/p>\n<p>E nuk e di se si ta v\u00ebrtis\u00eb vargun<br \/>\nk\u00ebtej e tutje p\u00ebr t\u2019i gjetur fundin e sekondit ,<br \/>\nsekondi nuk i dilet, pa nj\u00eb dy, tre t\u00eb tjera kurdisje<br \/>\nP\u00ebr t\u2019u b\u00ebr\u00eb prap\u00eb nj\u00eb poezi e dhimbshme a ku di un\u00eb<br \/>\nQ\u00eb nj\u00eb milion vesh t\u00eb b\u00ebhen dy!<br \/>\nE mos m\u00eb shum\u00eb e as me dhun\u00eb! <\/p>\n<p>Teuta Osmani, Amerik\u00eb. 2022<\/p>\n","protected":false},"excerpt":{"rendered":"","protected":false},"author":1,"featured_media":9683,"comment_status":"open","ping_status":"open","sticky":false,"template":"","format":"standard","meta":{"footnotes":""},"categories":[7],"tags":[],"class_list":["post-9682","post","type-post","status-publish","format-standard","has-post-thumbnail","hentry","category-poezi"],"_links":{"self":[{"href":"https:\/\/revistakuvendi.org\/index.php?rest_route=\/wp\/v2\/posts\/9682","targetHints":{"allow":["GET"]}}],"collection":[{"href":"https:\/\/revistakuvendi.org\/index.php?rest_route=\/wp\/v2\/posts"}],"about":[{"href":"https:\/\/revistakuvendi.org\/index.php?rest_route=\/wp\/v2\/types\/post"}],"author":[{"embeddable":true,"href":"https:\/\/revistakuvendi.org\/index.php?rest_route=\/wp\/v2\/users\/1"}],"replies":[{"embeddable":true,"href":"https:\/\/revistakuvendi.org\/index.php?rest_route=%2Fwp%2Fv2%2Fcomments&post=9682"}],"version-history":[{"count":2,"href":"https:\/\/revistakuvendi.org\/index.php?rest_route=\/wp\/v2\/posts\/9682\/revisions"}],"predecessor-version":[{"id":9685,"href":"https:\/\/revistakuvendi.org\/index.php?rest_route=\/wp\/v2\/posts\/9682\/revisions\/9685"}],"wp:featuredmedia":[{"embeddable":true,"href":"https:\/\/revistakuvendi.org\/index.php?rest_route=\/wp\/v2\/media\/9683"}],"wp:attachment":[{"href":"https:\/\/revistakuvendi.org\/index.php?rest_route=%2Fwp%2Fv2%2Fmedia&parent=9682"}],"wp:term":[{"taxonomy":"category","embeddable":true,"href":"https:\/\/revistakuvendi.org\/index.php?rest_route=%2Fwp%2Fv2%2Fcategories&post=9682"},{"taxonomy":"post_tag","embeddable":true,"href":"https:\/\/revistakuvendi.org\/index.php?rest_route=%2Fwp%2Fv2%2Ftags&post=9682"}],"curies":[{"name":"wp","href":"https:\/\/api.w.org\/{rel}","templated":true}]}}