{"id":9671,"date":"2022-05-23T21:49:26","date_gmt":"2022-05-23T21:49:26","guid":{"rendered":"http:\/\/revistakuvendi.org\/?p=9671"},"modified":"2022-05-23T21:49:26","modified_gmt":"2022-05-23T21:49:26","slug":"nisma-rron-tradita-ne-malesi-te-madhe","status":"publish","type":"post","link":"https:\/\/revistakuvendi.org\/?p=9671","title":{"rendered":"Nisma &#8220;Rron tradita n\u00eb Mal\u00ebsi t\u00eb Madhe&#8221;"},"content":{"rendered":"\n<figure class=\"wp-block-image\"><img loading=\"lazy\" decoding=\"async\" width=\"130\" height=\"195\" src=\"https:\/\/revistakuvendi.org\/wp-content\/uploads\/2022\/05\/rita-E-ZVOG.jpg\" alt=\"\" class=\"wp-image-9672\"\/><\/figure>\n\n\n\n<p>Nga\nRita Kalaj Shkurtaj <\/p>\n\n\n\n<figure class=\"wp-block-image\"><img loading=\"lazy\" decoding=\"async\" width=\"100\" height=\"100\" src=\"https:\/\/revistakuvendi.org\/wp-content\/uploads\/2022\/05\/rita-kopertine.jpg\" alt=\"\" class=\"wp-image-9673\" srcset=\"https:\/\/revistakuvendi.org\/wp-content\/uploads\/2022\/05\/rita-kopertine.jpg 100w, https:\/\/revistakuvendi.org\/wp-content\/uploads\/2022\/05\/rita-kopertine-50x50.jpg 50w\" sizes=\"auto, (max-width: 100px) 100vw, 100px\" \/><\/figure>\n\n\n\n<p>Nisma\n&#8220;Rron tradita n\u00eb Mal\u00ebsi t\u00eb Madhe&#8221; i bashkoi s\u00ebrish bijt\u00eb dhe bijat e\nk\u00ebsaj ane. <\/p>\n\n\n\n<p>Koncerti &#8220;Folklori, pasuri q\u00eb duhet mbajtur gjall\u00eb&#8221; dhe panairi &#8220;Art dhe Zej&#8221; p\u00ebr t\u00eb par\u00ebn her\u00eb vesh\u00ebn Koplikun me petkun e tradit\u00ebs. Pas disa jav\u00eb p\u00ebrgatitjesh, provash, diskutimesh e mbi t\u00eb gjitha emocionesh q\u00eb injektojn\u00eb shpirti i gar\u00ebs, n\u00ebn moton &#8220;Rron tradita n\u00eb Mal\u00ebsi t\u00eb Madhe&#8221; u finalizua projekti &#8220;Folklori, pasuri q\u00eb duhet mbajtur gjall\u00eb&#8221;, i ideuar nga Klubi Letrar i Gjimnazit &#8220;Sherif Hoxha&#8221; Koplik dhe i realizuar me nj\u00eb p\u00ebrkushtim t\u00ebp\u00ebr t\u00eb ve\u00e7ant\u00eb nga m\u00ebsuesja udh\u00ebheq\u00ebse e k\u00ebtij klubi znj. Merita Curri. <\/p>\n\n\n\n<figure class=\"wp-block-image\"><img loading=\"lazy\" decoding=\"async\" width=\"275\" height=\"206\" src=\"https:\/\/revistakuvendi.org\/wp-content\/uploads\/2022\/05\/rita.jpg\" alt=\"\" class=\"wp-image-9674\"\/><\/figure>\n\n\n\n<p>Me iniciativ\u00ebn e k\u00ebtij klubi u b\u00eb e mundur q\u00eb sheshi i qytetit t\u00eb Koplikut si kurr\u00eb m\u00eb par\u00eb t\u00eb shpaloste bindsh\u00ebm p\u00ebr publikun kostumografi, tradit\u00eb, folklor, kultur\u00eb e mbi t\u00eb gjitha rijet\u00ebsim t\u00eb trash\u00ebgimis\u00eb kulturore nd\u00ebr breza. P\u00ebrkushtimi i tyre b\u00ebri t\u00eb mundur mbarvajtjen e k\u00ebsaj veprimtarie si dhe nxiti frym\u00ebn e bashk\u00ebpunimit me Zyren Arsimore Mal\u00ebsi e Madhe dhe kordinimin me projektin gjith\u00ebp\u00ebrfshir\u00ebs t\u00eb panairit &#8220;ART&#8221; dhe &#8220;ZEJE&#8221; t\u00eb nd\u00ebrmarr\u00eb me shkollat dhe gjimnazet e qarkut t\u00eb Mal\u00ebsis\u00eb s\u00eb Madhe. <\/p>\n\n\n\n<figure class=\"wp-block-image\"><img loading=\"lazy\" decoding=\"async\" width=\"275\" height=\"206\" src=\"https:\/\/revistakuvendi.org\/wp-content\/uploads\/2022\/05\/rita2.jpg\" alt=\"\" class=\"wp-image-9675\"\/><\/figure>\n\n\n\n<p>Fal\u00eb k\u00ebtij &#8220;Klubi&#8221;, ve\u00e7an\u00ebrisht m\u00ebsuese Merit\u00ebs u b\u00eb e mundur t\u00eb ishin t\u00eb pranish\u00ebm edhe mjaft k\u00ebng\u00ebtar\u00eb e rapsod\u00eb si Jonuz Delaj e Pretash Nilaj, t\u00eb cil\u00ebt p\u00ebrformuan p\u00ebr gjeneratat e reja pjes\u00eb nga repertori i tyre i pasur folklorik, t\u00eb shoq\u00ebruar edhe me tingujt e lahut\u00ebs, instrumentit t\u00eb identitetit ton\u00eb me gen malsor. T\u00eb dy k\u00ebto veprimtari t\u00eb sinkronizuara me nj\u00ebra-tjetren soll\u00ebn n\u00eb ato pak or\u00eb shum\u00eb \u00e7ka nga vlerat m\u00eb t\u00eb larta t\u00eb trash\u00ebgimis\u00eb kulturore t\u00eb Mal\u00ebsisis\u00eb s\u00eb Madhe, ku ve\u00e7 publikut t\u00eb gj\u00ebr\u00eb mor\u00ebn pjes\u00eb edhe mjaft autoritete dhe drejtues institucionesh vendore, si dhe p\u00ebrfaq\u00ebsues nga mediat lokale e komb\u00ebtare, t\u00eb cilat i dhan\u00eb v\u00ebm\u00ebndjen e merituar k\u00ebsaj ngjarje. <\/p>\n\n\n\n<figure class=\"wp-block-image\"><img loading=\"lazy\" decoding=\"async\" width=\"155\" height=\"206\" src=\"https:\/\/revistakuvendi.org\/wp-content\/uploads\/2022\/05\/rita3.jpg\" alt=\"\" class=\"wp-image-9676\"\/><\/figure>\n\n\n\n<p>Ajo q\u00eb vlen t\u00eb theksohet si mjaft e arrir\u00eb ishte materiali skenik, hartimi i t\u00eb cilit ishte ilustruar me shprehi e magji fjal\u00ebsh nga m\u00ebsuese Merita Curri, e t\u00eb interpretuara me mjaft profesionaliz\u00ebm nga prezantuesi i mir\u00ebnjohur nga Shkreli, Silvest\u00ebr Durgaj dhe dy shoq\u00ebrueset e tij, nx\u00ebn\u00ebset Rigersa Hasmujaj dhe Ankita Delaj, t\u00eb cil\u00ebt me dhuntin\u00eb e z\u00ebrit brilant dhe paraqitjen skenike, zgjuan emocione tep\u00ebr t\u00eb ve\u00e7anta n\u00eb zemrat e t\u00eb pranishm\u00ebve. Nj\u00eb koncert i v\u00ebrtet\u00eb i realizuar me nuancat e nj\u00eb festivali folklorik ku dominuan veshjet e krahin\u00ebs \u00c7AK\u00c7IR e XHUBLETA, n\u00eb t\u00eb cilin, secila nga shkollat pati mund\u00ebsi t\u00eb performonte nj\u00eb material skenik folklorik, q\u00eb nga k\u00ebnga maj\u00eb krahu e deri tek instrumentalet, ku spikati djali 10 vje\u00e7ar\u00eb nga Thethi, Emanuel Suka, i cili interpretoi mjaft bukur me lahut\u00ebn e tij p\u00ebr t\u00eb pranishmit. K\u00ebng\u00eb, valle, elegji, ninulla, vaje, legjenda e log mejdani u pa t\u00eb interpretohej nga nx\u00ebn\u00ebsit e Mal\u00ebsis\u00eb, \u00e7ka b\u00ebri t\u00eb frymonin edhe nj\u00ebher\u00eb plot gjallnim rr\u00ebnj\u00ebt dhe deg\u00ebt e Mal\u00ebsis\u00eb p\u00ebr identitet. <\/p>\n\n\n\n<figure class=\"wp-block-image\"><img loading=\"lazy\" decoding=\"async\" width=\"309\" height=\"206\" src=\"https:\/\/revistakuvendi.org\/wp-content\/uploads\/2022\/05\/rita4.jpg\" alt=\"\" class=\"wp-image-9677\" srcset=\"https:\/\/revistakuvendi.org\/wp-content\/uploads\/2022\/05\/rita4.jpg 309w, https:\/\/revistakuvendi.org\/wp-content\/uploads\/2022\/05\/rita4-300x200.jpg 300w\" sizes=\"auto, (max-width: 309px) 100vw, 309px\" \/><\/figure>\n\n\n\n<p>N\u00eb k\u00ebt\u00eb koncert spikat\u00ebn Gjimnazi i Koplikut me k\u00ebng\u00ebn e bes\u00ebs, elegjin\u00eb p\u00ebr rapsod\u00ebt dhe dueli me shpata. Gjmnazi i Bajz\u00ebs me legjend\u00ebn e Shpell\u00ebs s\u00eb Frashnit. Shkolla e Gruemir\u00ebs me legjenden e &#8220;Gruas s&#8217;mir\u00eb&#8221;, por nuk mbet\u00ebn pas as shkollat e Hotit, Pjetroshanit, Tamar\u00ebs etj, me paraqitjen e tyre dinjitoze. I g\u00ebrshetuar edhe me projektin arsimor &#8220;Art&#8221; dhe &#8220;Zeje&#8221; nj\u00eb nism\u00eb e nd\u00ebrmarr\u00eb nga Drejtoria Rajonale Arsimore e Veriut me q\u00ebnd\u00ebr n\u00eb Lezh\u00eb dhe e shtrir\u00eb si nj\u00eb thirrje gjith\u00ebp\u00ebrfshir\u00ebse n\u00eb t\u00eb gjith\u00eb juridiksionin e saj, b\u00ebri q\u00eb t\u00eb angazhohej edhe Zyra Arsimore Mal\u00ebsi e Madhe, e cila pati efekt mjaft frytdh\u00ebn\u00ebs n\u00eb angazhimin e m\u00ebsuesve dhe nx\u00ebn\u00ebsve t\u00eb shkollave t\u00eb Mal\u00ebsis\u00eb, t\u00eb cil\u00ebt n\u00eb shenj\u00eb solidariteti p\u00ebr f\u00ebmij\u00ebt e Ukrain\u00ebs soll\u00ebn p\u00ebr panairin e hapur produkte nga m\u00eb t\u00eb ndryshmet, t\u00eb punuara me art e dashuri, q\u00eb nga ushqimet me gatime tradicionale e deri tek punimet e zejtaris\u00eb, si nj\u00eb nga deg\u00ebt m\u00eb t\u00eb vjetra t\u00eb ekonomis\u00eb n\u00eb Mal\u00ebsi t\u00eb Madhe.<\/p>\n\n\n\n<p> <\/p>\n\n\n\n<figure class=\"wp-block-image\"><img loading=\"lazy\" decoding=\"async\" width=\"275\" height=\"206\" src=\"https:\/\/revistakuvendi.org\/wp-content\/uploads\/2022\/05\/rita5.jpg\" alt=\"\" class=\"wp-image-9678\"\/><\/figure>\n\n\n\n<p>Punime\ndruri, guri, metali, p\u00eblhure, q\u00ebndistarie, l\u00ebkure etj, me q\u00ebllim shitjen dhe\nmbledhjen e fondeve t\u00eb luft\u00ebs n\u00eb ndihm\u00eb t\u00eb f\u00ebmij\u00ebve t\u00eb Ukrain\u00ebs. Ky panair i\nrealizuar me kushte optimale u mund\u00ebsua nga kujdesi i ve\u00e7ant\u00eb i p\u00ebrgjegj\u00ebsit t\u00eb\nmonitorimit t\u00eb kurrikul\u00ebs pran\u00eb Zyr\u00ebs Arsimore z. \u00cbngj\u00ebll Kalaj, i cili n\u00eb k\u00ebt\u00eb\naktivitet kishte edhe rolin e kordinatorit mes k\u00ebtij institucioni dhe\nshkollave, \u00e7ka mund\u00ebsoi edhe promovimin e k\u00ebtyre produkteve n\u00eb m\u00ebnyr\u00ebn m\u00eb t\u00eb\nmir\u00eb t\u00eb mundshme me kushte bashkkohore. Fal\u00eb k\u00ebtyre organizator\u00ebve gati modest,\npor pasionant p\u00ebr pun\u00ebn, si kurr\u00eb m\u00eb par\u00eb Koplikun e pam\u00eb t\u00eb pushtuar nga\nngjyrat dhe veshjet tradicionale, t\u00eb zbukuruar dhe shtruar me prodhimtari\nartizanale dhe t\u00eb tejmbushur me mal\u00ebsor\u00eb t\u00eb g\u00ebzuar q\u00eb shijonin me \u00ebndje\ngjith\u00e7ka ofrohej n\u00eb at\u00eb shesh t\u00eb transformuar nga Rilindja Urbane, e cili mori\nform\u00ebn e sofr\u00ebs bujare q\u00eb priti e p\u00ebcolli bijt e saj, me buk\u00eb e me zem\u00ebr t\u00eb\nbardh\u00eb. <\/p>\n\n\n\n<p>N\u00eb\nk\u00ebt\u00eb aktivitet nuk mund t\u00eb mungonte prezenca dhe bashk\u00ebpunimi me Shoqat\u00ebn\nKulturore &#8220;Xhubleta e Alpeve Shqiptare&#8221; e cila mund\u00ebsoi nj\u00eb pjes\u00eb t\u00eb\nmadhe t\u00eb fondit t\u00eb veshjeve origjinale t\u00eb Mal\u00ebsis\u00eb s\u00eb Madhe, p\u00ebr t\u00eb cil\u00ebn si\ngjithmon\u00eb nuk munguan as falenderimet. Me urimet dhe g\u00ebzimin e mbarvajtjes s\u00eb\nk\u00ebsaj veprimtarie, organizator\u00ebt vullnetmir\u00eb m\u00ebsuese Merita Curri dhe\nkordinatori \u00cbngj\u00ebll Kalaj, u kujdesen edhe p\u00ebr sistemimin e baz\u00ebs materiale \u00e7ka\nla t\u00eb kuptohej se qytetaria dhe p\u00ebrgjegjsia \u00ebsht\u00eb etik\u00eb dhe jo thjesht\u00eb nj\u00eb\ndetyr\u00eb. Populli thot\u00eb: &#8220;Kush punon mir\u00eb ka shum\u00eb p\u00ebr t&#8217;u mburrur&#8221;\nndaj edhe puna e tyre foli me z\u00eb t\u00eb lart\u00eb p\u00ebr k\u00ebta njer\u00ebz modest e t\u00eb pa\nlodhur. <\/p>\n\n\n\n<p>Maj\n2022<\/p>\n","protected":false},"excerpt":{"rendered":"<p>Nga Rita Kalaj Shkurtaj Nisma &#8220;Rron tradita n\u00eb Mal\u00ebsi t\u00eb Madhe&#8221; i bashkoi s\u00ebrish bijt\u00eb dhe bijat e k\u00ebsaj ane. Koncerti &#8220;Folklori, pasuri q\u00eb duhet mbajtur gjall\u00eb&#8221; dhe panairi &#8220;Art dhe Zej&#8221; p\u00ebr t\u00eb par\u00ebn her\u00eb vesh\u00ebn Koplikun me petkun e tradit\u00ebs. Pas disa jav\u00eb p\u00ebrgatitjesh, provash, diskutimesh e mbi t\u00eb gjitha emocionesh q\u00eb injektojn\u00eb&hellip;<\/p>\n","protected":false},"author":1,"featured_media":9672,"comment_status":"open","ping_status":"open","sticky":false,"template":"","format":"standard","meta":{"footnotes":""},"categories":[12],"tags":[],"class_list":["post-9671","post","type-post","status-publish","format-standard","has-post-thumbnail","hentry","category-jete-komuniteti"],"_links":{"self":[{"href":"https:\/\/revistakuvendi.org\/index.php?rest_route=\/wp\/v2\/posts\/9671","targetHints":{"allow":["GET"]}}],"collection":[{"href":"https:\/\/revistakuvendi.org\/index.php?rest_route=\/wp\/v2\/posts"}],"about":[{"href":"https:\/\/revistakuvendi.org\/index.php?rest_route=\/wp\/v2\/types\/post"}],"author":[{"embeddable":true,"href":"https:\/\/revistakuvendi.org\/index.php?rest_route=\/wp\/v2\/users\/1"}],"replies":[{"embeddable":true,"href":"https:\/\/revistakuvendi.org\/index.php?rest_route=%2Fwp%2Fv2%2Fcomments&post=9671"}],"version-history":[{"count":1,"href":"https:\/\/revistakuvendi.org\/index.php?rest_route=\/wp\/v2\/posts\/9671\/revisions"}],"predecessor-version":[{"id":9679,"href":"https:\/\/revistakuvendi.org\/index.php?rest_route=\/wp\/v2\/posts\/9671\/revisions\/9679"}],"wp:featuredmedia":[{"embeddable":true,"href":"https:\/\/revistakuvendi.org\/index.php?rest_route=\/wp\/v2\/media\/9672"}],"wp:attachment":[{"href":"https:\/\/revistakuvendi.org\/index.php?rest_route=%2Fwp%2Fv2%2Fmedia&parent=9671"}],"wp:term":[{"taxonomy":"category","embeddable":true,"href":"https:\/\/revistakuvendi.org\/index.php?rest_route=%2Fwp%2Fv2%2Fcategories&post=9671"},{"taxonomy":"post_tag","embeddable":true,"href":"https:\/\/revistakuvendi.org\/index.php?rest_route=%2Fwp%2Fv2%2Ftags&post=9671"}],"curies":[{"name":"wp","href":"https:\/\/api.w.org\/{rel}","templated":true}]}}