{"id":9668,"date":"2022-05-14T20:28:32","date_gmt":"2022-05-14T20:28:32","guid":{"rendered":"http:\/\/revistakuvendi.org\/?p=9668"},"modified":"2022-05-14T20:28:32","modified_gmt":"2022-05-14T20:28:32","slug":"fryma-tregim","status":"publish","type":"post","link":"https:\/\/revistakuvendi.org\/?p=9668","title":{"rendered":"FRYMA &#8211; tregim"},"content":{"rendered":"\n<figure class=\"wp-block-image\"><img loading=\"lazy\" decoding=\"async\" width=\"167\" height=\"172\" src=\"http:\/\/revistakuvendi.org\/wp-content\/uploads\/2021\/07\/Muc-Xhepa.png\" alt=\"\" class=\"wp-image-9157\" srcset=\"https:\/\/revistakuvendi.org\/wp-content\/uploads\/2021\/07\/Muc-Xhepa.png 167w, https:\/\/revistakuvendi.org\/wp-content\/uploads\/2021\/07\/Muc-Xhepa-50x50.png 50w\" sizes=\"auto, (max-width: 167px) 100vw, 167px\" \/><\/figure>\n\n\n\n<p>Nga Mu\u00e7 Xhepa<\/p>\n\n\n\n<p>\u201c&#8230;Ata e p\u00ebrmbysin\nrendin e vjet\u00ebr n\u00eb pak or\u00eb ose dit\u00eb, i gjith\u00eb rr\u00ebzimi p\u00ebrtok\u00eb me forc\u00eb zgjat\ndisa jav\u00eb ose m\u00eb s\u00eb shumti vite, por fryma, fryma fanatike q\u00eb frym\u00ebzoi trazirat\nadhurohet p\u00ebr dekada m\u00eb pas, me shekuj&#8230;\u201d<\/p>\n\n\n\n<p>\u2015 Boris Pasternak,\nDoktor Zhivago.<\/p>\n\n\n\n<p>Veli Xhepa la dyqanin\ndykat\u00ebsh, nd\u00ebrtes\u00eb moderne p\u00ebr koh\u00ebn, n\u00eb krye t\u00eb lagjes \u201cBodurre\u201d dhe mori\nrrug\u00ebn p\u00ebr n\u00eb sht\u00ebpi. Djaloshi me flok\u00eb val\u00eb-val\u00eb g\u00ebshtenj\u00eb t\u00eb \u00e7elur, fytyr\u00eb t\u00eb\nhijshme, mashkullore e trup mesatar t\u00eb lidhur, kishte filluar t\u00eb \u00ebnd\u00ebrronte t\u00eb\nndiqte shkoll\u00ebn tregtare n\u00eb Itali. \u00cbndrra do t\u00eb mbetej ve\u00e7 \u00ebnd\u00ebrr: pushtimit\nkomunist i ishte shtuar edhe sh\u00ebndeti i lig \u2013 artriti i shtyll\u00ebs kurrizore i\nshkaktonte dhimbje t\u00eb forta dhe ngurt\u00ebsim t\u00eb zonave t\u00eb tjera t\u00eb trupit. <\/p>\n\n\n\n<p>&#8211; Mbylla port\u00ebn e\nmadhe duke e siguruar me dy krah\u00ebt e hekurta. Per\u00ebndimi kuq\u00ebrrem ulej ngadal\u00eb\nn\u00eb katin e dyt\u00eb dhe dukej se do t\u2019i vinte flak\u00ebn nd\u00ebrtes\u00ebs me korniz\u00eb muri prej\ndruri &#8211; trar\u00ebve kryq dhe mbajt\u00ebs, gjysm\u00eb dekorativ\u00eb, t\u00eb mbushur me suva e\ntulla, arkitektur\u00eb e nj\u00eb shekulli tjet\u00ebr, t\u00eb art\u00eb, nd\u00ebrtuar nga t\u00eb par\u00ebt tan\u00eb.\nNdalova n\u00eb mesin e oborrit. I madh, i bukur, shtruar me gur\u00eb t\u00eb l\u00ebmuar. M\u00eb zuri\ntirshtimi. Nj\u00eb jav\u00eb m\u00eb par\u00eb na kishin sekuestruar mallin e nj\u00ebrit prej\ndyqaneve. Pasuri e v\u00ebn\u00eb nd\u00ebr breza. Filluan t\u00eb godasin fort port\u00ebn. <\/p>\n\n\n\n<p>&#8211; Hapeni der\u00ebn\ngjakpir\u00ebs!<\/p>\n\n\n\n<p>Dialekt jugor. Hapa\nnj\u00ebr\u00ebn an\u00eb.<\/p>\n\n\n\n<p>&#8211; H\u00eb ti kurrizo!\nGjall\u00eb je?<\/p>\n\n\n\n<p>Ishin kat\u00ebr. Tre\nushtarak\u00eb, veshur me uniforma t\u00eb l\u00ebrosura, t\u00eb dal\u00ebboje dhe nj\u00eb civil. E njoha.\nIshte ai q\u00eb kishte regjistruar mallin e nj\u00ebrit prej dyqaneve, kur na e\nsekuestruan. Kishte ardhur me tefter n\u00eb dor\u00eb edhe k\u00ebtu. Q\u00ebndronte prapa tyre.\nElbasanas, Shefqet Peni. Ujku q\u00eb ul\u00ebriti te porta, me kapele, yllin t\u00eb qepur\nkok\u00ebposht\u00eb, m\u00eb goditi me kondakun e pushk\u00ebs n\u00eb shpin\u00eb. U shemba n\u00eb kalldr\u00ebm.\n\u00c7do pjes\u00eb e trupit mori hor\u00eb, si t\u2019m\u00eb kishte flakur mbi prush.<\/p>\n\n\n\n<p>&#8211; Ku i keni fshehur\ntopat e stofit? Mallin&#8230;<\/p>\n\n\n\n<p>M\u00eb vinte si thik\u00eb\nz\u00ebri i tij mes dhimbjes. M\u00eb drejtohej mua, apo pjes\u00ebtar\u00ebve t\u00eb tjer\u00eb t\u00eb\nfamiljes, q\u00eb i kishin nxjerr\u00eb me forc\u00eb n\u00eb hajat. B\u00ebra t\u00eb ngrihem. K\u00ebmb\u00ebt s\u2019m\u00eb mbajt\u00ebn.\nAta kontrolluan \u00e7do dhom\u00eb t\u00eb katit t\u00eb par\u00eb. Pastaj u ngjit\u00ebn n\u00eb t\u00eb dytin. Atje\nq\u00ebndruan pak. Nd\u00ebrsa zbrisnin shkall\u00ebt, shanin me fjalor t\u00eb ndyr\u00eb.<\/p>\n\n\n\n<p>&#8211; Do t\u2019i gjejm\u00eb edhe\nn\u00eb brim\u00ebn e miut t\u2019i fusni! Pasurit\u00eb e grabitura.<\/p>\n\n\n\n<p>\u00c7\u2019ishte ajo\n&#8220;frym\u00eb&#8221; e re: vjedhjeje, grabitjeje&#8230; Cil\u00ebs force i referohej.\nGjykimi. Vullnetit, q\u00ebllimit t\u00eb kujt. T\u00eb t\u00eb parit t\u00eb tyre. I njohur q\u00eb n\u00eb\nbankat e shkoll\u00ebs si vjedh\u00ebs ordiner. Apo babait shpirt\u00ebror, \u201cbijt\u00eb e Stalinit\njemi\u201d, Kob\u00ebs, q\u00eb fare i ri, kishte grabitur me arm\u00eb banka&#8230; T\u00eb nes\u00ebrmen nj\u00eb\np\u00ebrfaq\u00ebsuese e pushtetit popullor, edhe ajo veshur me uniform\u00eb ushtarake, pasi\nregjistroi numrin e dhomave, plot kompetenc\u00eb tha se n\u00eb sht\u00ebpin\u00eb ton\u00eb do t\u00eb\nstrehoeshin disa familje t\u00eb tjera, t\u00eb \u201c\u00e7lirimtar\u00ebve\u201d. Nd\u00ebrsa ne duhej t\u00eb dilnim\njasht\u00eb, duke l\u00ebn\u00eb gjith\u00e7ka aty, t\u00eb paprekur. N\u00eb mbr\u00ebmje u gjend\u00ebm n\u00eb rrug\u00eb. T\u00eb\nhuaj n\u00eb lagjen ton\u00eb. Kadri Mitarja hapi dyert e sht\u00ebpis\u00eb. Nuk duhet t\u2019ia\nharroni, kurr\u00eb.<\/p>\n\n\n\n<p>Fundmuaji. Gusht\n1972. Trokita leht\u00eb n\u00eb der\u00eb.<\/p>\n\n\n\n<p>&#8211; Hyr.<\/p>\n\n\n\n<p>Z\u00eb i mekur. Kishte\ndit\u00eb q\u00eb l\u00ebngonte n\u00eb shtrat. Puna e r\u00ebnd\u00eb, nj\u00eb jet\u00eb t\u00eb t\u00ebr\u00eb me kazm\u00eb e lopat\u00eb n\u00eb\ndor\u00eb, e kishte v\u00ebn\u00eb p\u00ebrposht\u00eb njeriun e hekurt. Karakteri i tij i fort\u00eb,\nndershm\u00ebria deri n\u00eb kock\u00eb, urrejtja e pakufishme ndaj komunizmit kishin qen\u00eb\nshtyllat kryesore q\u00eb e kishin mbajtur gjall\u00eb.<\/p>\n\n\n\n<p>&#8211; Daj Vela po nisem\np\u00ebr Tiran\u00eb. Shkoll\u00eb.<\/p>\n\n\n\n<p>Ngriti kok\u00ebn me mund\nnga jasteku. Syt\u00eb i qesh\u00ebn. Vezulluan.<\/p>\n\n\n\n<p>&#8211; Shkoll\u00ebn e Mesme t\u00eb\nGjuh\u00ebve t\u00eb Huaja.<\/p>\n\n\n\n<p>Vuri gishtin n\u00eb buz\u00eb.\nT\u00eb mos e p\u00ebrs\u00ebrisja.<\/p>\n\n\n\n<p>&#8211; Hap sepeten. Merrni\nnga nj\u00eb kok\u00ebrr shefteli.<\/p>\n\n\n\n<p>Babait iu mbush\u00ebn\nsyt\u00eb me lot. E p\u00ebrqafoi. Ashtu b\u00ebra edhe un\u00eb.<\/p>\n\n\n\n<p>&#8211; Ruaju bir nga\n\u201cfryma\u201d e keqe&#8230; Po futesh n\u00eb folen\u00eb e grethave.<\/p>\n","protected":false},"excerpt":{"rendered":"<p>Nga Mu\u00e7 Xhepa \u201c&#8230;Ata e p\u00ebrmbysin rendin e vjet\u00ebr n\u00eb pak or\u00eb ose dit\u00eb, i gjith\u00eb rr\u00ebzimi p\u00ebrtok\u00eb me forc\u00eb zgjat disa jav\u00eb ose m\u00eb s\u00eb shumti vite, por fryma, fryma fanatike q\u00eb frym\u00ebzoi trazirat adhurohet p\u00ebr dekada m\u00eb pas, me shekuj&#8230;\u201d \u2015 Boris Pasternak, Doktor Zhivago. Veli Xhepa la dyqanin dykat\u00ebsh, nd\u00ebrtes\u00eb moderne p\u00ebr&hellip;<\/p>\n","protected":false},"author":1,"featured_media":9157,"comment_status":"open","ping_status":"open","sticky":false,"template":"","format":"standard","meta":{"footnotes":""},"categories":[5],"tags":[],"class_list":["post-9668","post","type-post","status-publish","format-standard","has-post-thumbnail","hentry","category-letersi"],"_links":{"self":[{"href":"https:\/\/revistakuvendi.org\/index.php?rest_route=\/wp\/v2\/posts\/9668","targetHints":{"allow":["GET"]}}],"collection":[{"href":"https:\/\/revistakuvendi.org\/index.php?rest_route=\/wp\/v2\/posts"}],"about":[{"href":"https:\/\/revistakuvendi.org\/index.php?rest_route=\/wp\/v2\/types\/post"}],"author":[{"embeddable":true,"href":"https:\/\/revistakuvendi.org\/index.php?rest_route=\/wp\/v2\/users\/1"}],"replies":[{"embeddable":true,"href":"https:\/\/revistakuvendi.org\/index.php?rest_route=%2Fwp%2Fv2%2Fcomments&post=9668"}],"version-history":[{"count":1,"href":"https:\/\/revistakuvendi.org\/index.php?rest_route=\/wp\/v2\/posts\/9668\/revisions"}],"predecessor-version":[{"id":9669,"href":"https:\/\/revistakuvendi.org\/index.php?rest_route=\/wp\/v2\/posts\/9668\/revisions\/9669"}],"wp:featuredmedia":[{"embeddable":true,"href":"https:\/\/revistakuvendi.org\/index.php?rest_route=\/wp\/v2\/media\/9157"}],"wp:attachment":[{"href":"https:\/\/revistakuvendi.org\/index.php?rest_route=%2Fwp%2Fv2%2Fmedia&parent=9668"}],"wp:term":[{"taxonomy":"category","embeddable":true,"href":"https:\/\/revistakuvendi.org\/index.php?rest_route=%2Fwp%2Fv2%2Fcategories&post=9668"},{"taxonomy":"post_tag","embeddable":true,"href":"https:\/\/revistakuvendi.org\/index.php?rest_route=%2Fwp%2Fv2%2Ftags&post=9668"}],"curies":[{"name":"wp","href":"https:\/\/api.w.org\/{rel}","templated":true}]}}