{"id":9663,"date":"2022-05-12T13:32:36","date_gmt":"2022-05-12T13:32:36","guid":{"rendered":"http:\/\/revistakuvendi.org\/?p=9663"},"modified":"2022-05-12T13:32:36","modified_gmt":"2022-05-12T13:32:36","slug":"nis-restaurimi-i-kishes-se-kuvendit-te-arbrit-ne-merqi","status":"publish","type":"post","link":"https:\/\/revistakuvendi.org\/?p=9663","title":{"rendered":"Nis restaurimi i Kish\u00ebs s\u00eb Kuvendit t\u00eb Arbrit n\u00eb M\u00ebrqi."},"content":{"rendered":"\n<figure class=\"wp-block-image\"><img loading=\"lazy\" decoding=\"async\" width=\"180\" height=\"147\" src=\"https:\/\/revistakuvendi.org\/wp-content\/uploads\/2022\/05\/merqi-per-kopertine.jpg\" alt=\"\" class=\"wp-image-9664\"\/><\/figure>\n\n\n\n<p>\u00a0Kan\u00eb nisur prej diaa ditesh punimet p\u00ebr restaurimin e Kish\u00ebs s\u00eb Sh\u00ebn Gjon Kryepremit, apo si\u00e7 njihet ndryshe Kisha e Kuvendit t\u00eb Arbrit. Pik\u00ebrisht n\u00eb 14 janar 1703 Papa Klementi XI mblodhi n\u00eb M\u00ebrqi t\u00eb Lezh\u00ebs Kuvendin e Arbrit. <\/p>\n\n\n\n<figure class=\"wp-block-image\"><img loading=\"lazy\" decoding=\"async\" width=\"919\" height=\"551\" src=\"https:\/\/revistakuvendi.org\/wp-content\/uploads\/2022\/05\/meri1.jpg\" alt=\"\" class=\"wp-image-9665\" srcset=\"https:\/\/revistakuvendi.org\/wp-content\/uploads\/2022\/05\/meri1.jpg 919w, https:\/\/revistakuvendi.org\/wp-content\/uploads\/2022\/05\/meri1-300x180.jpg 300w, https:\/\/revistakuvendi.org\/wp-content\/uploads\/2022\/05\/meri1-768x460.jpg 768w\" sizes=\"auto, (max-width: 919px) 100vw, 919px\" \/><\/figure>\n\n\n\n<p>B\u00ebhet e ditur se punimet p\u00ebr krijimin e Qendres s\u00eb Kuvendit t\u00eb Arbrit n\u00eb M\u00ebrqi t\u00eb Lezh\u00ebs, po zhvillohen n\u00eb bashkpunim me Dioqezen e Lezh\u00ebs, rektorin Dom Martin Jakut, famullitarin e zon\u00ebs, At\u00eb Karlos Kalero dhe studiuesit dom Nik\u00eb Ukgjinit. <\/p>\n\n\n\n<figure class=\"wp-block-image\"><img loading=\"lazy\" decoding=\"async\" width=\"450\" height=\"338\" src=\"https:\/\/revistakuvendi.org\/wp-content\/uploads\/2022\/05\/kisha-merci-.jpg\" alt=\"\" class=\"wp-image-9666\" srcset=\"https:\/\/revistakuvendi.org\/wp-content\/uploads\/2022\/05\/kisha-merci-.jpg 450w, https:\/\/revistakuvendi.org\/wp-content\/uploads\/2022\/05\/kisha-merci--300x225.jpg 300w\" sizes=\"auto, (max-width: 450px) 100vw, 450px\" \/><\/figure>\n\n\n\n<p>Sipas studiuesit Dom Nik\u00eb Ukgjini, projekti \u00ebsht\u00eb afishuar\nedhe n\u00eb ambjentet e kish\u00ebs dhe do t\u00eb realizohet sipas fotove 3D. Ukgjini\ntheksoi se punimet do t\u00eb zhvillohen n\u00eb tre faza nd\u00ebrtimi: <\/p>\n\n\n\n<p>1. Rehabilitimi i Kish\u00ebs mesjetare t\u00eb Kuvendit t\u00eb Arbrit\nduke e kthyer n\u00eb identitetin e saj t\u00eb m\u00ebparsh\u00ebm. 2. Meremetimi i qel\u00ebs e\nndertuar ne vitin 1668. <\/p>\n\n\n\n<p>3.Krijimi i nj\u00eb parku artistik n\u00eb oborrin e Kish\u00ebs si simbol\ni Kuvendit t\u00eb Arbrit. Punimet p\u00ebr momentin jan\u00eb duke u zhvilluar me ndihmen e\nsip\u00ebrmarr\u00ebsit, Gjergj Lejeqeza, banor\u00ebve, q\u00eb jetojn\u00eb n\u00eb M\u00ebrqi dhe atyre jasht\u00eb\nvendit. <\/p>\n\n\n\n<p>Ukgjini pohoi gjithashtu se pritet ndihma e Bashkis\u00eb s\u00eb\nLezh\u00ebs si dhe disa m\u00ebrgimtareve shqiptare, q\u00eb jetojn\u00eb n\u00eb Evrope dhe Amerike,\np\u00ebr shkak te r\u00ebnd\u00ebsis\u00eb historike mbar\u00ebkomb\u00ebtare q\u00eb mbart ky projekt. <\/p>\n\n\n\n<p>Lindita Kokaj<\/p>\n","protected":false},"excerpt":{"rendered":"<p>\u00a0Kan\u00eb nisur prej diaa ditesh punimet p\u00ebr restaurimin e Kish\u00ebs s\u00eb Sh\u00ebn Gjon Kryepremit, apo si\u00e7 njihet ndryshe Kisha e Kuvendit t\u00eb Arbrit. Pik\u00ebrisht n\u00eb 14 janar 1703 Papa Klementi XI mblodhi n\u00eb M\u00ebrqi t\u00eb Lezh\u00ebs Kuvendin e Arbrit. B\u00ebhet e ditur se punimet p\u00ebr krijimin e Qendres s\u00eb Kuvendit t\u00eb Arbrit n\u00eb M\u00ebrqi t\u00eb&hellip;<\/p>\n","protected":false},"author":1,"featured_media":9664,"comment_status":"open","ping_status":"open","sticky":false,"template":"","format":"standard","meta":{"footnotes":""},"categories":[11],"tags":[],"class_list":["post-9663","post","type-post","status-publish","format-standard","has-post-thumbnail","hentry","category-publicistike"],"_links":{"self":[{"href":"https:\/\/revistakuvendi.org\/index.php?rest_route=\/wp\/v2\/posts\/9663","targetHints":{"allow":["GET"]}}],"collection":[{"href":"https:\/\/revistakuvendi.org\/index.php?rest_route=\/wp\/v2\/posts"}],"about":[{"href":"https:\/\/revistakuvendi.org\/index.php?rest_route=\/wp\/v2\/types\/post"}],"author":[{"embeddable":true,"href":"https:\/\/revistakuvendi.org\/index.php?rest_route=\/wp\/v2\/users\/1"}],"replies":[{"embeddable":true,"href":"https:\/\/revistakuvendi.org\/index.php?rest_route=%2Fwp%2Fv2%2Fcomments&post=9663"}],"version-history":[{"count":1,"href":"https:\/\/revistakuvendi.org\/index.php?rest_route=\/wp\/v2\/posts\/9663\/revisions"}],"predecessor-version":[{"id":9667,"href":"https:\/\/revistakuvendi.org\/index.php?rest_route=\/wp\/v2\/posts\/9663\/revisions\/9667"}],"wp:featuredmedia":[{"embeddable":true,"href":"https:\/\/revistakuvendi.org\/index.php?rest_route=\/wp\/v2\/media\/9664"}],"wp:attachment":[{"href":"https:\/\/revistakuvendi.org\/index.php?rest_route=%2Fwp%2Fv2%2Fmedia&parent=9663"}],"wp:term":[{"taxonomy":"category","embeddable":true,"href":"https:\/\/revistakuvendi.org\/index.php?rest_route=%2Fwp%2Fv2%2Fcategories&post=9663"},{"taxonomy":"post_tag","embeddable":true,"href":"https:\/\/revistakuvendi.org\/index.php?rest_route=%2Fwp%2Fv2%2Ftags&post=9663"}],"curies":[{"name":"wp","href":"https:\/\/api.w.org\/{rel}","templated":true}]}}