{"id":9655,"date":"2022-05-10T17:14:16","date_gmt":"2022-05-10T17:14:16","guid":{"rendered":"http:\/\/revistakuvendi.org\/?p=9655"},"modified":"2022-05-10T20:50:49","modified_gmt":"2022-05-10T20:50:49","slug":"shoqata-atdhetare-miredita-zhvilloi-zgjedhjet-e-reja","status":"publish","type":"post","link":"https:\/\/revistakuvendi.org\/?p=9655","title":{"rendered":"SHOQATA ATDHETARE \u201cMIRDITA\u201d ZHVILLOI ZGJEDHJET E REJA"},"content":{"rendered":"\n<figure class=\"wp-block-image\"><img loading=\"lazy\" decoding=\"async\" width=\"180\" height=\"191\" src=\"https:\/\/revistakuvendi.org\/wp-content\/uploads\/2022\/05\/shoq-per-kopertine.jpg\" alt=\"\" class=\"wp-image-9656\"\/><figcaption> <br> <br>  Pas disa takimeve t\u00eb ve\u00e7anta lidhur me mbar\u00ebvajtjen dhe funskionimin e Shoqat\u00ebs \u201c Mirdita\u201d, nisur nga fakti i gjendjes pandemike dhe disa parregullsive ne funksionimin e saj, u vendos nga an\u00ebtar\u00eb t\u00eb kryesis\u00eb, mbajtja e zgjedhjeve t\u00eb reja dhe miratimi i disa ndryshiumeve n\u00eb Statutin e k\u00ebsaj shoqata. <br> Me daten 8 maj 2022 u mbajten zgjedhjet e reja n\u00ebn drejtimin e n\u00ebnkryetarit t\u00eb saj,z. Fran Vokrri, p\u00ebr arsye, q\u00eb sipas portokollit, ish kryetari i saj, kishte dh\u00ebn\u00eb dor\u00ebheqje t\u00eb parevokushme, dhe p\u00ebr nj\u00eb koh\u00eb t\u00eb gjat\u00eb, veprimtaria e shoqat\u00ebs ishte zbehur. P\u00ebr k\u00ebt\u00eb qellim, nj\u00eb komision prej tre vetash, pasi u votua n\u00eb takim, n\u00ebn drejtimin e shkrimtarit t\u00eb njohur Zef Pergega, u zhvillua procesi i zgjedhjeve t\u00eb lira e demokratike, duke u mb\u00ebshtetur pik\u00eb p\u00ebr pik\u00eb nga Statuti i miratuar m\u00eb par\u00eb. <\/figcaption><\/figure>\n\n\n\n<figure class=\"wp-block-image\"><img loading=\"lazy\" decoding=\"async\" width=\"401\" height=\"443\" src=\"https:\/\/revistakuvendi.org\/wp-content\/uploads\/2022\/05\/mirdita-.jpg\" alt=\"\" class=\"wp-image-9657\" srcset=\"https:\/\/revistakuvendi.org\/wp-content\/uploads\/2022\/05\/mirdita-.jpg 401w, https:\/\/revistakuvendi.org\/wp-content\/uploads\/2022\/05\/mirdita--272x300.jpg 272w\" sizes=\"auto, (max-width: 401px) 100vw, 401px\" \/><\/figure>\n\n\n\n<p><\/p>\n\n\n\n<p>N\u00eb k\u00ebt\u00eb takim, raportuan p\u00ebr veprimtarin\u00eb e Shoqat\u00ebs, n\u00ebnkryetari\nFran Vokrri, Sekretari Ermal Picaku dhe ark\u00ebtari Pjet\u00ebr Gega.<\/p>\n\n\n\n<p>Mor\u00ebn pjes\u00eb n\u00eb procesin e votimeve 53 an\u00ebtar\u00eb, nga t\u00eb cil\u00ebt\nvotuan p\u00ebr zgjedhjen e kryetarit dhe kryesise 46 prej tyre.<\/p>\n\n\n\n<p>Kryetar u zgjodh aktivisti i njohur i diaspores Albert Arapi<\/p>\n\n\n\n<p>N\u00ebnkryetar Fran Vokrri<\/p>\n\n\n\n<p>Sekretar dhe ark\u00ebtar, Ing. Gjeulan Marku<\/p>\n\n\n\n<p>Kryesia:<\/p>\n\n\n\n<p>Zef P\u00ebrgega<\/p>\n\n\n\n<p>Dode Qafa<\/p>\n\n\n\n<p>Paulim Marku<\/p>\n\n\n\n<p>Pjet\u00ebr Gega<\/p>\n\n\n\n<p>Z\u00ebdh\u00ebn\u00ebsi i Shoqat\u00eb \u201c MIRDITA\u201d,\u00a0 me k\u00ebt\u00eb rast njofton opinionin, institucionet e Kultit dhe shoqatat analoge t\u00eb komunitetit shqiptar t\u00eb Detroitit.<\/p>\n","protected":false},"excerpt":{"rendered":"<p>N\u00eb k\u00ebt\u00eb takim, raportuan p\u00ebr veprimtarin\u00eb e Shoqat\u00ebs, n\u00ebnkryetari Fran Vokrri, Sekretari Ermal Picaku dhe ark\u00ebtari Pjet\u00ebr Gega. Mor\u00ebn pjes\u00eb n\u00eb procesin e votimeve 53 an\u00ebtar\u00eb, nga t\u00eb cil\u00ebt votuan p\u00ebr zgjedhjen e kryetarit dhe kryesise 46 prej tyre. Kryetar u zgjodh aktivisti i njohur i diaspores Albert Arapi N\u00ebnkryetar Fran Vokrri Sekretar dhe ark\u00ebtar,&hellip;<\/p>\n","protected":false},"author":1,"featured_media":9656,"comment_status":"open","ping_status":"open","sticky":false,"template":"","format":"standard","meta":{"footnotes":""},"categories":[12],"tags":[],"class_list":["post-9655","post","type-post","status-publish","format-standard","has-post-thumbnail","hentry","category-jete-komuniteti"],"_links":{"self":[{"href":"https:\/\/revistakuvendi.org\/index.php?rest_route=\/wp\/v2\/posts\/9655","targetHints":{"allow":["GET"]}}],"collection":[{"href":"https:\/\/revistakuvendi.org\/index.php?rest_route=\/wp\/v2\/posts"}],"about":[{"href":"https:\/\/revistakuvendi.org\/index.php?rest_route=\/wp\/v2\/types\/post"}],"author":[{"embeddable":true,"href":"https:\/\/revistakuvendi.org\/index.php?rest_route=\/wp\/v2\/users\/1"}],"replies":[{"embeddable":true,"href":"https:\/\/revistakuvendi.org\/index.php?rest_route=%2Fwp%2Fv2%2Fcomments&post=9655"}],"version-history":[{"count":4,"href":"https:\/\/revistakuvendi.org\/index.php?rest_route=\/wp\/v2\/posts\/9655\/revisions"}],"predecessor-version":[{"id":9661,"href":"https:\/\/revistakuvendi.org\/index.php?rest_route=\/wp\/v2\/posts\/9655\/revisions\/9661"}],"wp:featuredmedia":[{"embeddable":true,"href":"https:\/\/revistakuvendi.org\/index.php?rest_route=\/wp\/v2\/media\/9656"}],"wp:attachment":[{"href":"https:\/\/revistakuvendi.org\/index.php?rest_route=%2Fwp%2Fv2%2Fmedia&parent=9655"}],"wp:term":[{"taxonomy":"category","embeddable":true,"href":"https:\/\/revistakuvendi.org\/index.php?rest_route=%2Fwp%2Fv2%2Fcategories&post=9655"},{"taxonomy":"post_tag","embeddable":true,"href":"https:\/\/revistakuvendi.org\/index.php?rest_route=%2Fwp%2Fv2%2Ftags&post=9655"}],"curies":[{"name":"wp","href":"https:\/\/api.w.org\/{rel}","templated":true}]}}