{"id":9650,"date":"2022-05-04T19:24:12","date_gmt":"2022-05-04T19:24:12","guid":{"rendered":"http:\/\/revistakuvendi.org\/?p=9650"},"modified":"2022-05-04T19:24:12","modified_gmt":"2022-05-04T19:24:12","slug":"ku-po-shkon-vatra-2","status":"publish","type":"post","link":"https:\/\/revistakuvendi.org\/?p=9650","title":{"rendered":"Ku po shkon Vatra?"},"content":{"rendered":"\n<figure class=\"wp-block-image\"><img loading=\"lazy\" decoding=\"async\" width=\"140\" height=\"180\" src=\"https:\/\/revistakuvendi.org\/wp-content\/uploads\/2022\/05\/UNE-kopertine.jpg\" alt=\"\" class=\"wp-image-9653\"\/><\/figure>\n\n\n\n<p>Po u sjell\nnje shkrim te shkruar ne Prill 2015 e publikuar ne Revisten Kuvendi, Qershor\n2015, pasi qenkan te njejtat probleme, si para 7 vjetesh. Biles, dua te\ntheksoj, se po nuk u be nje analize e hollesishme e aktivitetit te Vatres, qe\nnga Kuvendi i 2013 deri me sot, nuk mund te riparohet asgje.<\/p>\n\n\n\n<p>Dua t&#8217;u\nnjoftoj, se ne shtator te vitit 2021 jam pranuar ne Vatren 5 tetori, e cila me\n15 tetor eshte bashkuar me Vatren e sotme, me vendim te Gjykates Federale te\nNY.<\/p>\n\n\n\n<p>&#8212;&#8211;Original Message&#8212;&#8211;<\/p>\n\n\n\n<p>From: Edward Bucaj\n&lt;ebucaj@hotmail.com&gt;<\/p>\n\n\n\n<p>To: Pjeter Jaku\n&lt;pjeterj@aol.com&gt;<\/p>\n\n\n\n<p>Cc: Babi &#8211; Gjon Leka Bucaj\n&lt;drgjlb2000@yahoo.com&gt;<\/p>\n\n\n\n<p>Sent: Tue, Sep 7, 2021\n8:36 pm<\/p>\n\n\n\n<p>Subject: VATRA Membership\nPjeter Jaku<\/p>\n\n\n\n<p>Tungjatjeta Zoti Pjeter\nJaku,<\/p>\n\n\n\n<p>Te falenderoj per\nantarsimin e VATRES, sa e mora posten. Mire se erdhe.<\/p>\n\n\n\n<p>Me respekt,<\/p>\n\n\n\n<p>Eduard Bucaj<\/p>\n\n\n\n<p><strong>Ku po shkon Vatra?<\/strong><\/p>\n\n\n\n<p><strong>Pjet\u00ebr Jaku<\/strong><\/p>\n\n\n\n<p>Nj\u00eb&nbsp; organizate&nbsp; q\u00eb i njihet&nbsp;\nfillimi dhe q\u00eb b\u00ebri em\u00ebr n\u00eb historin\u00eb e nj\u00eb kombi, arsyesh\u00ebm nuk&nbsp; duhet\nt\u2019i &nbsp;dihet fundi. Nj\u00eb organizate q\u00eb n\u00eb fillim&nbsp; kishte bashkimin , sot\ni &nbsp;prin\u00eb ndarja,p\u00ebrjashtimi,censurimi, mashtrimi. Nj\u00eb vatran q\u00eb don ta\ndoj\u00eb Vatr\u00ebn n\u00eb sh\u00ebrbim t\u00eb kombit,&nbsp; thot\u00eb se po ngjitet, kur n\u00eb fakt po b\u00ebn\nve\u00e7 hapa mbrapa. Po t\u00eb ishte p\u00ebr shifra, k\u00ebto shifra i ka shum\u00eb here m\u00eb t\u00eb\nvogla se n\u00eb vitin 1970. Po t\u00eb ishte p\u00ebr b\u00ebma, k\u00ebto b\u00ebma nuk ngjajn\u00eb aspak me\nb\u00ebmat e Vatres n\u00eb vitin 1920. Nuk ka m\u00eb 50 deg\u00eb! Numri i deg\u00ebve &nbsp;\u00ebsht\u00eb\nzvog\u00ebluar, thua se u&nbsp; pak\u00ebsuan shqiptar\u00ebt! Pse&nbsp; ikin&nbsp;\nnacionalist\u00ebt, intelektual\u00ebt,&nbsp; shqiptar\u00ebt , dhe ata q\u00eb&nbsp; nuk ikin, p\u00ebrjashtohen\nprej Vatr\u00ebs sot? &nbsp;&nbsp;A&nbsp; duhet t\u00eb&nbsp; k\u00ebt\u00eb&nbsp; ndonj\u00eb&nbsp;\nkriter p\u00ebr t\u00eb&nbsp; zgjedhurit? N\u00eb&nbsp; kryesit\u00eb e Vatr\u00ebs&nbsp; hyn kush\nt\u00eb&nbsp; doj\u00eb, pa&nbsp; dashur&nbsp; t\u2019ia&nbsp; dij\u00eb&nbsp; askush, qoft\u00eb&nbsp;\nedhe&nbsp; p\u00ebr&nbsp; kureshtje,&nbsp;&nbsp; CV-n\u00eb&nbsp; e sotme. \u00c7\u2019kan\u00eb b\u00ebr\u00eb\nk\u00ebta&nbsp; t\u00eb zgjedhur q\u00eb t\u00eb vihen n\u00eb krye t\u00eb bashk\u00ebsis\u00eb s\u00eb tyre? \u00c7\u2019pritet prej\nk\u00ebtyre, &nbsp;q\u00eb kurr\u00eb&nbsp; nuk jan\u00eb&nbsp; prezantuar&nbsp; me nj\u00eb&nbsp; vep\u00ebr\nn\u00eb&nbsp; sh\u00ebrbim&nbsp; t\u00eb dikujt, a&nbsp; te&nbsp; dickaje (ve\u00e7&nbsp; n\u00eb&nbsp;\npa\u00e7in ndonj\u00eb rreng&nbsp; q\u00eb&nbsp; ua&nbsp; kan\u00eb&nbsp; punuar&nbsp; shqiptar\u00ebve\nt\u00eb vet. Ve\u00e7&nbsp; n\u00eb&nbsp; pa\u00e7in ndonj\u00eb&nbsp;&nbsp; dosje,&nbsp; ende&nbsp;\nt\u00eb&nbsp; pahapur,&nbsp; a&nbsp; ndonj\u00eb \u00e7\u00ebshtje&nbsp; ende&nbsp; t\u00eb&nbsp; pambyllur&nbsp;\nkund\u00ebr&nbsp; shqiptar\u00ebve ). E&nbsp; v\u00ebrteta&nbsp; e&nbsp; secilit&nbsp;&nbsp;\ndihet&nbsp; e&nbsp; m\u00ebsohet pa&nbsp; patur&nbsp; nevoj\u00eb&nbsp; t\u00eb&nbsp; hapen\ndosjet, apo&nbsp; sido&nbsp; q\u00eb&nbsp; t\u00eb&nbsp; mbyllen&nbsp; \u00e7\u00ebshtjet.&nbsp;\nHapja e dosjeve , do&nbsp; t\u2019i &nbsp;sh\u00ebrbej\u00eb pasardh\u00ebsve tan\u00eb, nd\u00ebrsa&nbsp;\nne, ende na&nbsp; kryen pun\u00eb kujtesa dhe d\u00ebshmia e t\u00eb gjall\u00ebve! Na&nbsp;\nd\u00ebshmojn\u00eb plag\u00ebt q\u00eb ende nuk&nbsp; jan\u00eb mbyllur, ende nuk jan\u00eb sh\u00ebruar!<\/p>\n\n\n\n<p>Perdit\u00eb e m\u00eb pak e njohin shqiptar\u00ebt\nVatren.&nbsp; Dhe ata&nbsp; q\u00eb e njohin, e&nbsp; njohin prej se kujtojn\u00eb Vatren\npara 90. Vatra i &nbsp;godet&nbsp; dhe&nbsp; injoron&nbsp; intelektual\u00ebt\nn\u00eb&nbsp; radh\u00ebt&nbsp; e&nbsp; saj,&nbsp; i &nbsp;eliminon&nbsp; e&nbsp; i\n&nbsp;shpall&nbsp; armiq, edhe&nbsp; pse&nbsp; fillimisht&nbsp; i\n&nbsp;ka&nbsp; mashtruar&nbsp; e&nbsp; pranuar&nbsp; n\u00eb&nbsp; gjirin e\nvet,&nbsp; gati&nbsp; gati&nbsp;&nbsp; dhunsh\u00ebm,&nbsp; sa p\u00ebr&nbsp; t\u2019i&nbsp;\np\u00ebrdorur,&nbsp; e&nbsp; pastaj&nbsp; prap\u00eb &nbsp;ajo &nbsp;vet,&nbsp; e&nbsp;\nprap\u00eb&nbsp; me dhun\u00eb,&nbsp; n\u00eb&nbsp; menyren&nbsp; m\u00eb t\u00eb&nbsp; ul\u00ebt\n\u00e7njer\u00ebzore&nbsp; i &nbsp;eliminon,&nbsp; pa&nbsp; dashur&nbsp; t\u2019ia&nbsp;\ndij\u00eb,&nbsp; &nbsp;t\u00eb&nbsp; pakt\u00ebn p\u00ebr &nbsp;d\u00ebmin q\u00eb po i b\u00ebn&nbsp;\nVatra-Vatres&nbsp; me&nbsp; k\u00ebto&nbsp; veprime, aksione &nbsp;e&nbsp; taktika\nkomuniste. Kujt&nbsp; i &nbsp;jep&nbsp; llogari&nbsp; Vatra&nbsp; dhe n\u00eb&nbsp;\nem\u00ebr&nbsp; t\u00eb&nbsp; kujt&nbsp; e&nbsp; b\u00ebn&nbsp; Vatra k\u00ebt\u00eb&nbsp; \u201cluft\u00eb\u201d\nkund\u00ebr&nbsp; shqiptarit? \u00c7\u2019\u00ebsht\u00eb&nbsp; Vatra, organizat\u00eb apo&nbsp; gjykat\u00eb?\nKush qenka&nbsp; ky&nbsp; gjykat\u00ebs kaq makab\u00ebr? &nbsp;K\u00eb&nbsp; po&nbsp;\nmb\u00ebshtet dhe k\u00eb &nbsp;mish\u00ebron &nbsp;Vatra me&nbsp; k\u00ebsi&nbsp; sulmesh,&nbsp;\nm\u00eb&nbsp; k\u00ebsi censurimesh?&nbsp; Kush&nbsp; \u00ebsht\u00eb&nbsp; q\u00ebllimi&nbsp;\nfinal&nbsp; i Vatres?&nbsp; Kujt&nbsp; i &nbsp;sh\u00ebrben mb\u00ebshtetja&nbsp;\nq\u00eb&nbsp; i &nbsp;b\u00ebn&nbsp; Vatra ish strukturave&nbsp; t\u00eb&nbsp; shtetit komunist?<\/p>\n\n\n\n<p>N\u00ebse&nbsp; nuk&nbsp; q\u00ebnka&nbsp; Virgjil\nKule&nbsp; nj\u00eb ishbllokmen,&nbsp; q\u00eb&nbsp; e&nbsp; mb\u00ebshtet&nbsp; Vatra me\nmburrje biles, p\u00ebr&nbsp; t\u00eb&nbsp; cilin&nbsp; kjo Vat\u00ebr&nbsp; mbledh&nbsp;\ndollar\u00eb&nbsp; emigrant\u00ebsh t\u2019ia shes\u00eb librat e t\u00eb p\u00ebrpiqet&nbsp; &nbsp;t\u2019i\nsponsorizoj\u00eb&nbsp; p\u00ebrkthimin dhe&nbsp; botimin &nbsp;e librit tij edhe&nbsp;\nk\u00ebtu&nbsp; n\u00eb&nbsp; Amerike, (nj\u00eb&nbsp; lib\u00ebr q\u00eb&nbsp; nuk&nbsp; sjell&nbsp;\nasnj\u00eb&nbsp; risi&nbsp; t\u00eb&nbsp; re,&nbsp; asnj\u00eb&nbsp; zbulim&nbsp; t\u00eb&nbsp; ri,\nasnj\u00eb&nbsp; sekret t\u00eb panjohur&nbsp; rreth&nbsp; Skenderbeut , p\u00ebrve\u00e7&nbsp;\np\u00ebrfitimit&nbsp; p\u00ebrsonal&nbsp; p\u00ebr&nbsp; veten e tij?! Kush&nbsp;\nat\u00ebher\u00eb&nbsp; q\u00ebnka&nbsp; bllokmen, n\u00ebse nuk \u00ebsht\u00eb&nbsp; ky&nbsp; q\u00eb&nbsp;\nmb\u00ebshtet Vatra.<\/p>\n\n\n\n<p>Edhe&nbsp; n\u00eb&nbsp; past\u00eb&nbsp; mbetur&nbsp;\nende&nbsp; n\u00eb&nbsp; Vat\u00ebr, ndonj\u00eb&nbsp; antikomunist i &nbsp;v\u00ebrtet\u00eb,\nndonj\u00eb&nbsp; intelektual&nbsp; i denj\u00eb, ndonj\u00eb&nbsp; vatran,&nbsp; q\u00eb&nbsp;\nende&nbsp; beson n\u00eb&nbsp; idealet&nbsp; e&nbsp; demokracise, vatran\u00ebt&nbsp;\ne&nbsp; sot\u00ebm&nbsp; i&nbsp; t\u00ebrheqin&nbsp; mbas&nbsp; vetes, t\u2019a\n&nbsp;p\u00ebrlyejn\u00eb&nbsp; n\u00eb&nbsp; bashkepunimin&nbsp; e&nbsp; tyre me&nbsp;\nishbllokmen\u00ebt, &nbsp;&nbsp;t\u00eb&nbsp; cil\u00ebt&nbsp; as&nbsp; nuk&nbsp; heqin&nbsp;\ndor\u00eb&nbsp; prej&nbsp; kauz\u00ebs&nbsp; s\u00eb&nbsp; tyre t\u00eb p\u00ebrndjekjes, t\u00eb&nbsp; cil\u00ebt\nas&nbsp; nuk&nbsp; pendohen&nbsp; p\u00ebr&nbsp; \u00e7far\u00eb&nbsp; ata&nbsp; kan\u00eb&nbsp;\nb\u00ebr\u00eb&nbsp;&nbsp; edhe&nbsp; kund\u00ebr&nbsp; Vatres. P\u00ebrkundrazi,&nbsp; nuk&nbsp;\nna&nbsp; l\u00ebn\u00eb&nbsp; as&nbsp; t\u2019i &nbsp;harrojm\u00eb! Madje&nbsp; p\u00ebr&nbsp; m\u00eb&nbsp;\nkeq, i &nbsp;kan\u00eb&nbsp; v\u00ebn\u00eb&nbsp; syrin&nbsp; e&nbsp; tyre&nbsp; t\u00eb&nbsp; madh\ne&nbsp; kthetrat&nbsp; e&nbsp; tyre&nbsp; t\u00eb&nbsp; p\u00ebrlyera&nbsp; edhe&nbsp;\nVatres!<\/p>\n\n\n\n<p>Historikisht, Vatra&nbsp; ka&nbsp; pas\u00eb&nbsp;\nn\u00eb&nbsp; krye&nbsp; t\u00eb&nbsp; saj p\u00ebrsonalitete&nbsp; q\u00eb&nbsp; kan\u00eb&nbsp;\nb\u00ebr\u00eb&nbsp; em\u00ebr , qoft\u00eb&nbsp; edhe&nbsp; n\u00eb&nbsp; nj\u00eb&nbsp; fush\u00eb&nbsp;\nt\u00eb&nbsp; vetme.&nbsp; Shqiptar\u00ebt&nbsp; e&nbsp; Amerikes&nbsp; ishin\n&nbsp;ata&nbsp; q\u00eb&nbsp; krijuan&nbsp; Vatr\u00ebn. Shqiptar\u00ebt&nbsp; e&nbsp;\nAmerikes&nbsp; kan\u00eb&nbsp; prekur&nbsp; planete, prej&nbsp; se&nbsp; ky&nbsp;\nvend i &nbsp;takon&nbsp; demokracis\u00eb, prej&nbsp; se&nbsp; ky&nbsp; vend nuk ia\n&nbsp;&nbsp;mohon lirit\u00eb, mund\u00ebsit\u00eb dhe&nbsp; t\u00eb&nbsp; drejtat, &nbsp;t\u00eb&nbsp;\naftit, t\u00eb&nbsp; diturit, t\u00eb&nbsp; urtit,&nbsp; t\u00eb&nbsp; drejtit, t\u00eb guximshmit!<\/p>\n\n\n\n<p>Kujt&nbsp; i &nbsp;intereson&nbsp; dhe&nbsp;\npse&nbsp; t\u00eb&nbsp; jet\u00eb&nbsp; ende n\u00eb&nbsp; fuqi &nbsp;Nyja 9 dhe\n&nbsp;59&nbsp; i &nbsp;Kanunores s\u00eb Vatres,&nbsp; shkruar n\u00eb&nbsp; vitin 1926?\n&nbsp;Pas&nbsp; 90-t\u00ebs&nbsp; edhe&nbsp; n\u00eb&nbsp; Shqiperi u&nbsp; hoq neni 55 i\nKushtetut\u00ebs Komuniste, p\u00ebr&nbsp; agjitacion e&nbsp; propagand\u00eb, q\u00eb\n&nbsp;u&nbsp; ksuhtoi&nbsp; shtrenjte shqiptar\u00ebve q\u00eb&nbsp; mendonin&nbsp; ndryshe,\ne&nbsp; k\u00ebrkonin&nbsp; ndryshim, nga&nbsp; viti 1945 deri ne 1991, duke\n&nbsp;d\u00ebnuar&nbsp; pa&nbsp; meshir\u00eb, nga&nbsp; 6&nbsp; muaj (prov\u00eb n\u00ebse&nbsp;\nmund&nbsp; t\u00eb&nbsp; t\u00eb&nbsp; b\u00ebnte&nbsp; spiun e&nbsp; bashk\u00ebpun\u00ebtor\u00eb),\np\u00ebrndryshe&nbsp; t\u00eb&nbsp; d\u00ebnonte&nbsp; me&nbsp; vdekje!&nbsp; K\u00eb&nbsp;\nk\u00ebrkon&nbsp; t\u00eb&nbsp; k\u00ebrc\u00ebnoj\u00eb&nbsp; e&nbsp; t\u00eb&nbsp; tremb\u00eb&nbsp; Vatra&nbsp;\nme&nbsp; k\u00ebto nene,&nbsp; n\u00eb&nbsp; k\u00ebt\u00eb&nbsp; shekull?<\/p>\n\n\n\n<p>P\u00ebrse&nbsp; Vatra e&nbsp; fsheh&nbsp;\nlist\u00ebn&nbsp; e&nbsp; delegat\u00ebve p\u00ebr&nbsp; n\u00eb&nbsp; Kuvendin Zgjedhor? E&nbsp;\npra,&nbsp; Vatra&nbsp; ka&nbsp; nj\u00eb&nbsp; gazet\u00eb mujore (Diellin), ku&nbsp;\nmund e duhet&nbsp; t\u00eb&nbsp; pasqyroj\u00eb me&nbsp; realitet veprimtarit\u00eb&nbsp;\ne&nbsp; saj.<\/p>\n\n\n\n<p>Edhe \u201cZ\u00ebri i Popullit\u201d&nbsp; i\n&nbsp;para&nbsp; 90-t\u00ebs,&nbsp; do&nbsp; ta&nbsp; kishte&nbsp;&nbsp; zili\n\u201cDiellin\u201d&nbsp; e&nbsp; Vatres, censur\u00ebn&nbsp; q\u00eb&nbsp; ushtron&nbsp;\nsot&nbsp;&nbsp; kund\u00ebr&nbsp; liris\u00eb&nbsp; s\u00eb&nbsp; fjal\u00ebs,&nbsp; kund\u00ebr&nbsp;\nmendimit&nbsp; ndryshe, teksa&nbsp; mbush&nbsp; deng&nbsp; faqet&nbsp; e\nsaj&nbsp; me&nbsp; mashtrime&nbsp; hiperbolike t\u00eb&nbsp; \u201csukseseve\u201d.&nbsp;\nKush&nbsp; \u00ebsht\u00eb&nbsp; editori&nbsp; i gazet\u00ebs &nbsp;s\u00eb&nbsp; Vatres, e&nbsp;\ncila&nbsp; historikisht&nbsp; ka&nbsp; patur editor, nj\u00eb p\u00ebrsonalitet t\u00eb&nbsp;\nnjohur&nbsp; t\u00eb&nbsp; letrave shqipe? \u201cNjeri i mir\u00eb\u201d,- thon\u00eb p\u00ebr&nbsp; editorin\n, dhe&nbsp; kaq! E&nbsp; pra, nuk&nbsp; mjafton&nbsp; t\u00eb&nbsp; jesh&nbsp;\nvet\u00ebm&nbsp; i &nbsp;mir\u00eb dhe i&nbsp; bindur, &nbsp;p\u00ebr&nbsp; t\u00eb&nbsp; q\u00ebn\u00eb\neditor&nbsp; i &nbsp;nj\u00eb&nbsp; gazete&nbsp; si \u201cDielli\u201d ! Aq&nbsp; m\u00eb&nbsp;\ntep\u00ebr&nbsp; kur&nbsp; asnj\u00ebri&nbsp; nga&nbsp; epror\u00ebt&nbsp; e&nbsp; editorit\nnuk&nbsp; e&nbsp; njohin gazetarin\u00eb! T\u00eb&nbsp; jesh\u00eb gazetar, sidomos&nbsp;\neditor,&nbsp; s\u00eb&nbsp; pari&nbsp; duhet&nbsp; t\u00eb&nbsp; jesh\u00eb\nprofesionalisht&nbsp; i &nbsp;aft\u00eb, kurajoz dhe&nbsp; i &nbsp;drejte!<\/p>\n\n\n\n<p>Dielli \u00ebsht\u00eb&nbsp; v\u00ebrtet\u00eb&nbsp; Gazet\u00eb&nbsp;\ne&nbsp; Vatres, por &nbsp;kurr\u00eb&nbsp; nuk&nbsp; mund&nbsp; t\u00eb&nbsp; jet\u00eb&nbsp;\nas&nbsp; nuk mund&nbsp; t\u00eb&nbsp; b\u00ebhet, qoft\u00eb edhe me nj\u00eb shkrim t\u00eb vet\u00ebm\nmb\u00ebshtet\u00ebse e strukturave q\u00eb e d\u00ebnuan shtypin\u00eb e lir\u00eb, lirin\u00eb e fjal\u00ebs!\nN\u00eb&nbsp; Diellin&nbsp; e&nbsp; sot\u00ebm&nbsp; mungon hapsira p\u00ebr&nbsp; debat,\nhapsira&nbsp; p\u00ebr&nbsp; replik\u00eb (e&nbsp; drejta&nbsp; e&nbsp; replik\u00ebs&nbsp; \u00ebsht\u00eb&nbsp;\ne&nbsp; drejt\u00eb&nbsp; demokratike&nbsp; dhe&nbsp; mbrohet&nbsp; me&nbsp;\nligj&nbsp; n\u00eb&nbsp; t\u00eb&nbsp; dyja&nbsp; shtetet, Amerik\u00eb-Shqiperi)!\nDielli&nbsp; nuk ngurron &nbsp;t\u00eb&nbsp; publikoj\u00eb mbeshtetjen&nbsp;&nbsp;\ndhe&nbsp; promovimet&nbsp; q\u00eb&nbsp; i b\u00ebn&nbsp; Vatra vlerave pa&nbsp;\nvler\u00eb&nbsp; t\u00eb&nbsp; \u201cveprave\u201d&nbsp; t\u00eb&nbsp; vonuara, t\u00eb&nbsp; ish\u00ebve.&nbsp;\nNd\u00ebrkoh\u00eb,&nbsp; n\u00eb&nbsp; Dielli&nbsp; nuk pasqyrohet, qoft\u00eb&nbsp; edhe&nbsp;\nnj\u00eb pjes\u00eb&nbsp; e&nbsp; atij&nbsp; realiteti&nbsp; makab\u00ebr,&nbsp; q\u00eb&nbsp;\np\u00ebrjetojn\u00eb&nbsp; shqiptar\u00ebt&nbsp; sot&nbsp; n\u00eb&nbsp; Shqiperi, t\u00eb&nbsp; cil\u00ebt\nikin prej ish\u00ebve, q\u00eb&nbsp; mb\u00ebshtet Vatra, teksa&nbsp; k\u00ebrkojn\u00eb prap\u00eb&nbsp;\nazil politik,&nbsp; si&nbsp; n\u00eb&nbsp; koh\u00ebn kur&nbsp; \u00e7ensuronin Konicen!&nbsp;\n&nbsp;Ata&nbsp; q\u00eb&nbsp; m\u00eb&nbsp; z\u00ebrin&nbsp; dhe&nbsp; figuren\n&nbsp;&nbsp;e&nbsp; tyre i &nbsp;shpallnin&nbsp; n\u00eb ekranet&nbsp; e&nbsp;\ndiktatur\u00ebs&nbsp; Vatren&nbsp; dhe&nbsp; vatran\u00ebt armiq&nbsp; t\u00eb&nbsp;\nrreziksh\u00ebm&nbsp; t\u00eb&nbsp; komunizmit. K\u00ebta&nbsp; njer\u00ebz&nbsp; me&nbsp;\nfytyr\u00eb&nbsp; e&nbsp; z\u00eb, madje&nbsp; edhe&nbsp; me&nbsp; \u201clibra\u201d kan\u00eb&nbsp;\nhyr\u00eb&nbsp; deri n\u00eb&nbsp; zem\u00ebr&nbsp; t\u00eb&nbsp; Vatres dhe po&nbsp; synojne\nt\u00eb&nbsp; marrin n\u00eb&nbsp; dor\u00eb&nbsp; fatet&nbsp; e&nbsp; saj.<\/p>\n\n\n\n<p>Cila&nbsp; organizat\u00eb&nbsp; shqiptare&nbsp;\nn\u00eb&nbsp; Amerik\u00eb m\u00eb&nbsp; fort&nbsp; se&nbsp; Vatra&nbsp; \u00ebsht\u00eb&nbsp; blinduar\nn\u00eb&nbsp; t\u00eb&nbsp; zgjedhurit si&nbsp; n\u00eb&nbsp; byron\u00eb&nbsp; politike&nbsp;\nt\u00eb&nbsp; PPSH-s\u00eb, ku krejt&nbsp; mir\u00eb&nbsp; mund&nbsp; ta dish, se&nbsp;\nkush&nbsp; do&nbsp; t\u00eb&nbsp; zgjidhet n\u00eb krye t\u00eb&nbsp; Vatres dhe deg\u00ebve\nedhe&nbsp; pas&nbsp; 10&nbsp; vjet\u00ebesh.<\/p>\n\n\n\n<p>Vatra,&nbsp; tashm\u00eb&nbsp; \u00ebsht\u00eb&nbsp;\nshnd\u00ebrruar&nbsp; n\u00eb&nbsp; nj\u00eb&nbsp; Vat\u00ebr&nbsp; q\u00eb &nbsp;grumbullon&nbsp; para\ndhe&nbsp; supurton &nbsp;t\u00eb&nbsp; \u201cvuajturit\u201d q\u00eb&nbsp; vijn\u00eb&nbsp; t\u00eb&nbsp;\nna&nbsp; vizitojn\u00eb&nbsp; e&nbsp; t\u00eb&nbsp; na&nbsp; rrjepin direkt\n&nbsp;nga&nbsp; ishblloku,&nbsp; duke&nbsp; dashur&nbsp; t\u00eb&nbsp; na&nbsp;\nbind\u00eb se ish t\u00eb p\u00ebrsekutuarit u&nbsp; rehatuan, u&nbsp; sh\u00ebruan, u&nbsp;\nshp\u00ebtuan, nuk&nbsp; ka&nbsp; me&nbsp; azilant&nbsp; politik\u00eb. &nbsp;&nbsp;E\npra,&nbsp; sot&nbsp; kur&nbsp; ish bllokmenet&nbsp; kan\u00eb&nbsp; marr\u00eb&nbsp; peng\nShqip\u00ebrin\u00eb,&nbsp; k\u00ebta&nbsp; t\u00eb&nbsp; \u201cvarf\u00ebrit\u201d&nbsp; q\u00eb&nbsp; mb\u00ebshtet&nbsp;\nVatra&nbsp; i &nbsp;\u201cgjet\u00ebn\u201d&nbsp; lek\u00ebt&nbsp; ta&nbsp; blinin voten, teksa\nshqiptar\u00ebt sot&nbsp; ikin&nbsp; ne k\u00ebrkim&nbsp; t\u00eb&nbsp; nj\u00eb&nbsp; azili&nbsp;\npolitik,&nbsp; si&nbsp; dikur&nbsp; para 90-t\u00ebs.&nbsp;<strong>P\u00ebr&nbsp;\nVatr\u00ebn,&nbsp; ikja&nbsp; e&nbsp; shqiptar\u00ebve,&nbsp; varf\u00ebria&nbsp; e&nbsp;\nshqiptar\u00ebve,&nbsp; dhe&nbsp; rreziku&nbsp;&nbsp; qe&nbsp; i &nbsp;kanoset\ndemokracis\u00eb shqiptare&nbsp; nuk&nbsp; \u00ebsht\u00eb asgj\u00eb.<\/strong>&nbsp;<strong>Asnj\u00eb deklarat\u00eb\np\u00ebr eksodin m\u00eb tr\u00eb ri, asnj\u00eb qendrim p\u00ebr gjendjen ekonimike t\u00eb mjeruar.&nbsp;<\/strong>P\u00ebr&nbsp;\nVatr\u00ebn, e&nbsp; vetmja \u201cajk\u00eb\u201d e&nbsp; intiligjences komb\u00ebtare, t\u00eb&nbsp;\nvetmit&nbsp; historian\u00eb &nbsp;q\u00eb&nbsp; i &nbsp;paskan&nbsp; mbetur&nbsp;\nkombit, qenkan&nbsp; vet\u00ebm&nbsp; ishdrejtor\u00ebt&nbsp; e p\u00ebrgjith\u2019sh\u00ebm&nbsp;\nt\u00eb&nbsp; informacionit&nbsp; t\u00eb&nbsp; dikursh\u00ebm.<\/p>\n\n\n\n<p>Vatra&nbsp; nuk&nbsp; i &nbsp;referohet&nbsp;\nm\u00eb&nbsp; Konices dhe&nbsp; krijuesve&nbsp; t\u00eb&nbsp; saj, por&nbsp; \u00ebsht\u00eb&nbsp;\nkthyer&nbsp; t\u2019i&nbsp; referohet&nbsp; fletoreve te&nbsp; komunizmit, prej ku\nnxjerr&nbsp; citate&nbsp; pafund per&nbsp; artikujt&nbsp; \u201cbrilant\u00eb\u201d dhe&nbsp;\nfjalimet pompoze&nbsp; q\u00eb&nbsp; boton&nbsp; n\u00eb&nbsp; Dielli.<\/p>\n\n\n\n<p>Dhe,&nbsp; s\u00eb&nbsp; fundi,&nbsp; nuk&nbsp;\nm\u00eb&nbsp; ka&nbsp; mbetur&nbsp; tjet\u00ebr&nbsp; ve\u00e7\u00ebse:<\/p>\n\n\n\n<p>T\u2019u k\u00ebrkoj&nbsp; ndjes\u00eb&nbsp; kolosve t\u00eb\nm\u00ebdhenj&nbsp; q\u00eb&nbsp; krijuan&nbsp; Vatr\u00ebn, t\u2019u&nbsp; k\u00ebrkoj&nbsp;\nndjes\u00eb&nbsp; t\u00eb&nbsp; gjith\u00eb&nbsp; atyre nacionalist\u00ebve q\u00eb Vatra i\n&nbsp;ka&nbsp; b\u00ebr\u00eb&nbsp; delete&nbsp; prej&nbsp; listes&nbsp; s\u00eb&nbsp;\nsaj&nbsp; t\u00eb&nbsp; publikuar&nbsp; s\u00eb&nbsp; fundmi n\u00eb Dielli,&nbsp;&nbsp;\nt\u00eb&nbsp; gjith\u00eb&nbsp; shqiptar\u00ebve&nbsp; e&nbsp; vatran\u00ebve,&nbsp; q\u00eb&nbsp;\nende&nbsp; besojn\u00eb si\u00e7&nbsp; edhe&nbsp; un\u00eb&nbsp; besoj&nbsp; e&nbsp; kam&nbsp;\nshpres\u00eb&nbsp; e&nbsp; do t\u00eb&nbsp; punoj\u00eb&nbsp; p\u00ebr idealet&nbsp; dhe&nbsp;\nvlerat&nbsp; e&nbsp; demokracis\u00eb shqiptare, miq\u00ebve&nbsp; t\u00eb&nbsp;\nsinqert\u00eb,&nbsp; f\u00ebmij\u00ebve&nbsp; t\u00eb&nbsp; mi,&nbsp; gruas&nbsp; time Elinda&nbsp;\nMarku,&nbsp; secilit demokrat &nbsp;t\u00eb v\u00ebrtet\u00eb&nbsp; n\u00eb&nbsp; Amrrik\u00eb,\nAtdhe&nbsp; e&nbsp; kudo&nbsp; qoft\u00eb, secilit&nbsp; antikomunist t\u00eb&nbsp;\ndenj\u00eb, secilit&nbsp; shqiptar&nbsp; q\u00eb&nbsp; beson n\u00eb&nbsp; t\u00eb&nbsp;\ndrejtat&nbsp; e&nbsp; barabarta,&nbsp; q\u00eb i&nbsp; siguron&nbsp; vet\u00ebm&nbsp;\ndemokratizimi&nbsp; i &nbsp;plot\u00eb.&nbsp; Secilit&nbsp; vatran&nbsp; t\u00eb&nbsp;\nndersh\u00ebm, q\u00eb&nbsp; ende&nbsp; nuk&nbsp; e&nbsp; di, ashtu&nbsp; si\u00e7&nbsp;\nun\u00eb&nbsp;&nbsp; nuk&nbsp; e&nbsp; kam&nbsp; ditur&nbsp; deri&nbsp; dje,\nse&nbsp; n\u00eb&nbsp; Vat\u00ebr&nbsp; po&nbsp; luhet&nbsp; nj\u00eb&nbsp; loj\u00eb e papranueshme.<\/p>\n\n\n\n<p>K\u00ebrkoj&nbsp; ndjes\u00eb&nbsp;&nbsp; q\u00eb&nbsp;\nu&nbsp; tregova&nbsp; naiv&nbsp; dhe shum\u00eb&nbsp; m\u00eb&nbsp; i &nbsp;duruar&nbsp;\nse&nbsp; duhej, teksa&nbsp; iu&nbsp; besova&nbsp; gjoja&nbsp; miq\u00ebve, gjoja\n\u201cpishtar\u00ebve\u201d q\u00eb &nbsp;&nbsp;hyn\u00eb n\u00eb&nbsp; Vat\u00ebr, &nbsp;duke&nbsp; shkelur&nbsp;\nmbi&nbsp; besimin&nbsp; dhe&nbsp; ndershm\u00ebrin\u00eb&nbsp; time,&nbsp; q\u00eb&nbsp;\ngjoja&nbsp; m\u00eb&nbsp; desh\u00ebn&nbsp; me&nbsp; vete.&nbsp; Thank&nbsp; God&nbsp; q\u00eb&nbsp;\nnuk&nbsp; m\u00eb&nbsp; b\u00ebn\u00eb&nbsp; dot&nbsp; si&nbsp; veten,&nbsp; as&nbsp;\nnuk&nbsp; do&nbsp; t\u00eb&nbsp; mundin kurr\u00eb! E&nbsp; pra,&nbsp; me&nbsp;&nbsp;\ngjith\u00eb&nbsp; shpirt mendova,&nbsp; se&nbsp; do&nbsp; t\u00eb&nbsp; mund&nbsp;\nt\u00eb&nbsp; b\u00ebja&nbsp;&nbsp; di\u00e7ka p\u00ebr&nbsp; t\u00eb&nbsp; mir\u00ebn&nbsp; e&nbsp;\nshqiptar\u00ebve q\u00eb vuajten&nbsp; nj\u00eb&nbsp; gjys\u00ebm&nbsp; shekulli.&nbsp; T\u00eb&nbsp;\nmund&nbsp; t\u00eb&nbsp; jepja&nbsp; ndihmesen&nbsp; time,&nbsp; sado&nbsp; modeste&nbsp;\npro demokracis\u00eb s\u00eb re&nbsp; shqiptare.&nbsp; P\u00ebr&nbsp; \u00ebnd\u00ebrren jo&nbsp;\nt\u00eb&nbsp; re, por&nbsp; shekullore&nbsp; t\u00eb&nbsp; shqiptar\u00ebve ,&nbsp; at\u00eb&nbsp;\nte&nbsp; bashkimit&nbsp; t\u00eb&nbsp; trojeve.&nbsp; Un\u00eb,&nbsp; kurr\u00eb&nbsp; nuk\npranova&nbsp; as&nbsp; nuk&nbsp; pranoj,&nbsp; me&nbsp; mend&nbsp; n\u00eb&nbsp;\nkok\u00eb&nbsp; e&nbsp; me&nbsp; sy&nbsp; n\u00eb&nbsp; ball\u00eb ,&nbsp; t\u00eb&nbsp;\nbashk\u00ebpunoj&nbsp; me&nbsp; at\u00eb&nbsp; q\u00eb cop\u00ebtuan&nbsp; Shqip\u00ebrin\u00eb,\nburgosen&nbsp; Shqip\u00ebrin\u00eb, ndaluan&nbsp; demokracin\u00eb&nbsp; dhe,&nbsp; n\u00eb&nbsp;\nvend&nbsp; t\u00eb&nbsp; saj&nbsp; instaluan&nbsp; p\u00ebr&nbsp; gjys\u00ebm shekulli&nbsp;\ndiktaturen.<\/p>\n\n\n\n<p><a href=\"http:\/\/revistakuvendi.org\/?author=1\"><strong><em>Redaksia<\/em><\/strong><\/a><em>&nbsp;\/&nbsp;<\/em><a href=\"http:\/\/revistakuvendi.org\/?p=5106\"><em>April 30, 2015<\/em><\/a><em><\/em><\/p>\n\n\n\n<p><em>www.revistakuvendi.org<\/em><\/p>\n\n\n\n<p>Botuar ne Revisten Kuvendi, Qershor 2015<\/p>\n","protected":false},"excerpt":{"rendered":"<p>Po u sjell nje shkrim te shkruar ne Prill 2015 e publikuar ne Revisten Kuvendi, Qershor 2015, pasi qenkan te njejtat probleme, si para 7 vjetesh. Biles, dua te theksoj, se po nuk u be nje analize e hollesishme e aktivitetit te Vatres, qe nga Kuvendi i 2013 deri me sot, nuk mund te riparohet&hellip;<\/p>\n","protected":false},"author":1,"featured_media":9653,"comment_status":"open","ping_status":"open","sticky":false,"template":"","format":"standard","meta":{"footnotes":""},"categories":[3],"tags":[],"class_list":["post-9650","post","type-post","status-publish","format-standard","has-post-thumbnail","hentry","category-politike"],"_links":{"self":[{"href":"https:\/\/revistakuvendi.org\/index.php?rest_route=\/wp\/v2\/posts\/9650","targetHints":{"allow":["GET"]}}],"collection":[{"href":"https:\/\/revistakuvendi.org\/index.php?rest_route=\/wp\/v2\/posts"}],"about":[{"href":"https:\/\/revistakuvendi.org\/index.php?rest_route=\/wp\/v2\/types\/post"}],"author":[{"embeddable":true,"href":"https:\/\/revistakuvendi.org\/index.php?rest_route=\/wp\/v2\/users\/1"}],"replies":[{"embeddable":true,"href":"https:\/\/revistakuvendi.org\/index.php?rest_route=%2Fwp%2Fv2%2Fcomments&post=9650"}],"version-history":[{"count":1,"href":"https:\/\/revistakuvendi.org\/index.php?rest_route=\/wp\/v2\/posts\/9650\/revisions"}],"predecessor-version":[{"id":9654,"href":"https:\/\/revistakuvendi.org\/index.php?rest_route=\/wp\/v2\/posts\/9650\/revisions\/9654"}],"wp:featuredmedia":[{"embeddable":true,"href":"https:\/\/revistakuvendi.org\/index.php?rest_route=\/wp\/v2\/media\/9653"}],"wp:attachment":[{"href":"https:\/\/revistakuvendi.org\/index.php?rest_route=%2Fwp%2Fv2%2Fmedia&parent=9650"}],"wp:term":[{"taxonomy":"category","embeddable":true,"href":"https:\/\/revistakuvendi.org\/index.php?rest_route=%2Fwp%2Fv2%2Fcategories&post=9650"},{"taxonomy":"post_tag","embeddable":true,"href":"https:\/\/revistakuvendi.org\/index.php?rest_route=%2Fwp%2Fv2%2Ftags&post=9650"}],"curies":[{"name":"wp","href":"https:\/\/api.w.org\/{rel}","templated":true}]}}