{"id":9644,"date":"2022-04-26T22:34:25","date_gmt":"2022-04-26T22:34:25","guid":{"rendered":"http:\/\/revistakuvendi.org\/?p=9644"},"modified":"2022-04-26T22:34:25","modified_gmt":"2022-04-26T22:34:25","slug":"gjekmarkaj-deshtoi-bashke-me-vatren","status":"publish","type":"post","link":"https:\/\/revistakuvendi.org\/?p=9644","title":{"rendered":"GJEKMARKAJ DESHTOI BASHK\u00cb ME VATREN!"},"content":{"rendered":"\n<figure class=\"wp-block-image\"><img loading=\"lazy\" decoding=\"async\" width=\"160\" height=\"160\" src=\"http:\/\/revistakuvendi.org\/wp-content\/uploads\/2021\/05\/VATRA.png\" alt=\"\" class=\"wp-image-9076\" srcset=\"https:\/\/revistakuvendi.org\/wp-content\/uploads\/2021\/05\/VATRA.png 160w, https:\/\/revistakuvendi.org\/wp-content\/uploads\/2021\/05\/VATRA-150x150.png 150w, https:\/\/revistakuvendi.org\/wp-content\/uploads\/2021\/05\/VATRA-50x50.png 50w\" sizes=\"auto, (max-width: 160px) 100vw, 160px\" \/><\/figure>\n\n\n\n<p><strong>Nga Pjet\u00ebr Jaku<\/strong><\/p>\n\n\n\n<p>Takimi i deputetit Agron Gjekmarkaj n\u00eb Vat\u00ebr, me dat\u00ebn 25\nprill 2022, i njoftuar m\u00eb par\u00eb n\u00eb Gazet\u00ebn Dielli, dol inga skenari i menduar,\npara se t\u00eb b\u00ebh\u00ebj takimi. Takimin&nbsp; e\nmoderoi Pashk Camaj, k\u00ebshilltari politik i Kryetarit t\u00eb Vatr\u00ebs &nbsp;Elmi&nbsp;\nBerisha, i cili nuk u pa t\u00eb jet\u00eb i pranish\u00ebm, ashtu si\u00e7 nuk u pan\u00eb as\ndhe drejtor\u00eb t\u00eb tjer\u00eb, t\u00eb k\u00ebsaj Panfederate megallomane q\u00eb, n\u00eb p\u00ebrb\u00ebrjen e saj\nnuk ka&nbsp; asnj\u00eb shoqat\u00eb tjet\u00ebr, si\u00e7 kishte\nkur u krijua!<\/p>\n\n\n\n<p>Kryesia e Vatr\u00ebs angazhohet plot\u00ebsisht p\u00ebr t\u00eb propozuar\nPresidentin e&nbsp; Shqip\u00ebris\u00eb, pa e njohur\nKushtetuten. Nd\u00ebrsa, kur vjen puna p\u00ebr takimin e njoftuar dit\u00eb m\u00eb par\u00eb, me\nN\u00ebnkryetarin e Parlamentit Shqiptar, e abandonojn\u00eb, ndoshta pasi e dinin se si\ndo t\u00eb degradonte, duke dal\u00eb nga hullia e tyre. N\u00eb vend q\u00eb t\u00eb fokusoheshin n\u00eb\ntakimet e Gjekmarkajt me p\u00ebrsonalitetet amerikane, &nbsp;me t\u00eb drejt\u00eb kalon nga problemet q\u00eb, sot p\u00ebr\nsot, ka n\u00eb opozit\u00ebn shqiptare, konkretisht me Partin\u00eb Demokratike! Gjekmarkaj\nduhej t\u00eb theksonte q\u00eb n\u00eb fillim se, me \u00e7far\u00eb cil\u00ebsie kishte ardh\u00eb n\u00eb Amerik\u00eb.\nPyetjet q\u00eb erdhen nga t\u00eb pranishmit, t\u00eb cilat u publikuan nga \u201c SyriTV\u201d ( kur\nVatra dhe dielli nuk publikuan asgj\u00eb) tregojn\u00eb m\u00eb s\u00eb miri, se kishin t\u00eb b\u00ebnin\nme t\u00eb vetmin shqet\u00ebsim, forcimin dhe bashkimin e opozit\u00ebs. Duhet theksuar, se Vatra\ndhe Dielli, q\u00eb nga shtatori i vitit t\u00eb kaluar, nuk kan\u00eb shkruar e th\u00ebn\u00eb asnjw\nfjalw p\u00ebr Foltoren dhe Rithemelimin e Partis\u00eb Demokratike. Deshtimi i k\u00ebti\ntakimi shihet edhe n\u00eb reagimin e Gazet\u00ebs Dielli, q\u00eb ende nuk ka shkruar asgj\u00eb\np\u00ebr takimin me N\u00ebnkryetarin e Parlamentit Shqiptar. <\/p>\n\n\n\n<p>N\u00eb debatin e k\u00ebtij takimi, mikrofonin e mori i pari\nPresidenti i Nderit, Agim Rexha, i cili si nj\u00eb aktivist i njohur i s\u00eb djatht\u00ebs\nshqiptare n\u00eb Vat\u00ebr, hapi seanc\u00ebn e pyetjeve p\u00ebr deputetin Agron Gjekmarkaj. Pak\na shum\u00eb, do t\u00eb zbardhim debatin ( pyetje p\u00ebrgjigje, pa komentet), q\u00eb u muar nga\nvideo e publikuar n\u00eb profilin e facebook t\u00eb Vasel Gilaj. Zotni Rexha,\nkonretisht tha k\u00ebshtu: \u201c Kemi par\u00eb thirrje, nga Ju e shum\u00eb t\u00eb tjer\u00eb q\u00eb, meq\u00eb\niku Basha duhet t\u00eb ik edhe Sali Berisha, nd\u00ebrkoh\u00eb shohim se Sali Berisha\nmblodhi me 11 dhejtor 2022 afro 10 mij\u00eb vet\u00eb n\u00eb Kuvendin e b\u00ebr\u00eb n\u00eb stadium. A\nmund t\u00eb na thoni, sa vet\u00eb u mblidhen ju n\u00eb takimet elektorale?&nbsp; Kur ka q\u00ebn\u00eb takimi i fundit n\u00eb elektorat dhe\nsa vet\u00eb keni patur?<\/p>\n\n\n\n<p>Gjekmarkaj: Nuk jam politikan karriere, ve\u00e7 6 muaj n\u00eb\npolitik\u00eb. Jam i vog\u00ebl m\u00eb gjyku ambasadoren, ndarjen e saj nga Departamenti i\nShtetit dhe nga Presidenti Biden, por Berisha ka probleme me Ameriken.<\/p>\n\n\n\n<p>Dalip Greca: Ish Editor i Gazet\u00ebs Dielli. Me \u00e7far\u00eb cil\u00ebsie\nvini n\u00eb Vat\u00ebr, si N\u00ebnkryetar Parlamenti a si N\u00ebnkryetar Partie?<\/p>\n\n\n\n<p>Gjekmarkaj; Pas 6 marsit kam dh\u00ebn\u00eb dor\u00ebheqjen nga t\u00eb gjitha\nfunksionet politike, jo nga N\u00ebnkryetar Parlamenti.<\/p>\n\n\n\n<p>Asllan Bushati: Pasi b\u00ebri nj\u00eb koment p\u00ebr incerator\u00ebt,\nBeketin dhe borxhin e marr\u00eb disa muaj m\u00eb par\u00eb nga Qeveria Shqiptare, pyeti: Ju\nsi deputet a ishit dakort p\u00ebr marrjen e borxhit? Po p\u00ebr shtyrjen e&nbsp; reform\u00ebs n\u00eb drejt\u00ebsi, sidomos p\u00ebr rastin kur,\nnga 19 gjyqtar\u00eb nga veriu e kalon vet\u00ebm nj\u00eb vetingun? <\/p>\n\n\n\n<p>Gjekmarkaj: P\u00ebr borxhin nuk kam q\u00ebn\u00eb n\u00eb parlament, por po t\u00eb\nisha nuk do e kisha votuar. P\u00ebr vetingun kam q\u00ebn\u00eb pro, pasi nuk donim t\u2019ia\nlinim qeveris\u00eb k\u00ebt\u00eb problem!<\/p>\n\n\n\n<p>Marjana Bulku: A ishit Ju n\u00eb dijeni p\u00ebr blindimin e dyerve\nte&nbsp; Selis\u00eb s\u00eb PD dhe, n\u00ebse nuk ishit\n,cili ishte reagimi juaj? Si lihet jasht\u00eb Lideri i Partis\u00eb Demokratike? Ne i\nnderojm\u00eb gjith\u00eb Kryetar\u00ebt e Vatr\u00ebs, ( ve\u00e7 Dr. Gjon Bu\u00e7aj P.J.) <\/p>\n\n\n\n<p>Gjekmarkaj: P\u00ebr blindimin nuk kam q\u00ebn\u00eb n\u00eb dijeni. P\u00ebrballje\nt\u00eb tilla nuk i duhen PD. P\u00ebrsa i p\u00ebrket Liderit t\u00eb PD kam mir\u00ebnjohje p\u00ebr \u00e7do\npun\u00eb t\u00eb mir\u00eb q\u00eb ka b\u00ebr\u00eb.<\/p>\n\n\n\n<p>Nazo Veliu, Sekretare e Vatr\u00ebs prej disa vitesh, m\u00eb nj\u00eb\nlidhje familjare me Vatr\u00ebn q\u00eb n\u00eb&nbsp;\nkrijimin e saj. An\u00ebtare e PD-se q\u00eb n\u00eb krijim, kryetare e Bashkis\u00eb\nLushnje dhe gjyqtare n\u00eb Lushnje p\u00ebr 6 vjet e gjys\u00ebm. Prej 22 vjet\u00ebsh n\u00eb\nAmerik\u00eb.<\/p>\n\n\n\n<p>N\u00eb Partin\u00eb Demokratike jan\u00eb mbajtur dy Kuvende vitin q\u00eb\nshkoi, me 11 dhe 18 dhjetor, a keni q\u00ebn\u00eb n\u00eb Kuvendin e 18 dhjetorit&nbsp; dhe, a jeni t\u00eb bindur, se n\u00eb at\u00eb sall\u00eb ka\nvet\u00ebm 1850 ul\u00ebse, nd\u00ebrsa jan\u00eb ulur 5mij\u00eb delegat\u00eb? E dyta: me 8 janar a ishit\nbrenda&nbsp; Selis\u00eb s\u00eb PD-s\u00eb nga ku u hodh\u00ebn\nbomba gaz\u00eblotsjell\u00ebse dhe shkopinj\u00eb? Cili ka q\u00ebn\u00eb Qendrimi Juaj p\u00ebr masakrimin\ne atyre q\u00eb ishin jasht\u00eb selis\u00eb? <\/p>\n\n\n\n<p>Gjekmarkaj: Kam marr\u00eb pjes\u00eb n\u00eb Kuvendin e 18 dhjetorit, ku\njan\u00eb kritikuar t\u00eb dy pal\u00ebt, Lul\u00ebzim Basha dhe Sali Berisha. P\u00ebr pyetjen e dyt\u00eb:\nNuk dua t\u00eb komentoj dat\u00ebn 8! Le ta l\u00ebm\u00eb n\u00eb t\u00eb shkuar\u00ebn, n\u00ebse duan bashkim!<\/p>\n\n\n\n<p>Muamet Omari: A jeni an\u00ebtar i PD-s\u00eb?<\/p>\n\n\n\n<p>Gjekmarkaj: Q\u00eb nga 95-a n\u00eb Qytetin Studenti.<\/p>\n\n\n\n<p>Muamet Omari: A do vinit n\u00eb SHBA me Bash\u00ebn?<\/p>\n\n\n\n<p>Gjekmarkaj: Jo!<\/p>\n\n\n\n<p>Muamet Omari: A e dini se Basha ka nj\u00eb problem 500 mij\u00eb\ndoll\u00ebr\u00ebsh k\u00ebtu dhe se ka investu n\u00eb kompani ruse?<\/p>\n\n\n\n<p>Gjekmarkaj: Jo!S\u2019kam asnj\u00eb informacion. Po ka shkel ligjin,\nle t\u00eb investigohet.<\/p>\n\n\n\n<p>Shaqir Gjoka: Deri kur ju duhet me kuptu, se duhet me vu\nkombin para partis\u00eb.<\/p>\n\n\n\n<p>Gjekmarkaj: Aq sa mundem e di shkoj n\u00eb k\u00ebt\u00eb drejtim.<\/p>\n\n\n\n<p>Prend \u00c7eta: Si i shikoni marr\u00ebdheniet Shqip\u00ebri -Amerik\u00eb, kur\np\u00ebr 50 vjet nuk kishim?<\/p>\n\n\n\n<p>Gjekmarkaj: Gjat\u00eb k\u00ebtyre dit\u00ebve kam kuptuar vullnetin e\nQeveris\u00eb Amerikane p\u00ebr t\u00eb investuar n\u00eb demokratizimin e Shqip\u00ebris\u00eb.<\/p>\n\n\n\n<p>Lek\u00eb Mirakaj: A keni p\u00ebrgjegj\u00ebsi, q\u00eb vet\u00ebm 30 p\u00ebrqind e\nvotuesve shqiptar\u00eb e mb\u00ebshtesin Partin\u00eb Demokratike, kur n\u00eb vitin 92 e&nbsp; mb\u00ebshtesnin 62 p\u00ebrqind? E dyta: N\u00eb gjykat\u00ebn e\napelit \u00ebsht\u00eb nj\u00eb k\u00ebrkes\u00eb e PD-s\u00eb, \u00e7far\u00eb qendrimi do t\u00eb mbani Ju, po u hodh\nposht\u00eb vendimi i par\u00eb?<\/p>\n\n\n\n<p>Gjek\u00ebmarkaj:\nPartia Demokratike ka nevoj\u00eb t\u00eb bashkohet e jo t\u00eb krijohen situate kaotike.<\/p>\n","protected":false},"excerpt":{"rendered":"<p>Nga Pjet\u00ebr Jaku Takimi i deputetit Agron Gjekmarkaj n\u00eb Vat\u00ebr, me dat\u00ebn 25 prill 2022, i njoftuar m\u00eb par\u00eb n\u00eb Gazet\u00ebn Dielli, dol inga skenari i menduar, para se t\u00eb b\u00ebh\u00ebj takimi. Takimin&nbsp; e moderoi Pashk Camaj, k\u00ebshilltari politik i Kryetarit t\u00eb Vatr\u00ebs &nbsp;Elmi&nbsp; Berisha, i cili nuk u pa t\u00eb jet\u00eb i pranish\u00ebm, ashtu&hellip;<\/p>\n","protected":false},"author":1,"featured_media":9076,"comment_status":"open","ping_status":"open","sticky":false,"template":"","format":"standard","meta":{"footnotes":""},"categories":[3],"tags":[],"class_list":["post-9644","post","type-post","status-publish","format-standard","has-post-thumbnail","hentry","category-politike"],"_links":{"self":[{"href":"https:\/\/revistakuvendi.org\/index.php?rest_route=\/wp\/v2\/posts\/9644","targetHints":{"allow":["GET"]}}],"collection":[{"href":"https:\/\/revistakuvendi.org\/index.php?rest_route=\/wp\/v2\/posts"}],"about":[{"href":"https:\/\/revistakuvendi.org\/index.php?rest_route=\/wp\/v2\/types\/post"}],"author":[{"embeddable":true,"href":"https:\/\/revistakuvendi.org\/index.php?rest_route=\/wp\/v2\/users\/1"}],"replies":[{"embeddable":true,"href":"https:\/\/revistakuvendi.org\/index.php?rest_route=%2Fwp%2Fv2%2Fcomments&post=9644"}],"version-history":[{"count":1,"href":"https:\/\/revistakuvendi.org\/index.php?rest_route=\/wp\/v2\/posts\/9644\/revisions"}],"predecessor-version":[{"id":9645,"href":"https:\/\/revistakuvendi.org\/index.php?rest_route=\/wp\/v2\/posts\/9644\/revisions\/9645"}],"wp:featuredmedia":[{"embeddable":true,"href":"https:\/\/revistakuvendi.org\/index.php?rest_route=\/wp\/v2\/media\/9076"}],"wp:attachment":[{"href":"https:\/\/revistakuvendi.org\/index.php?rest_route=%2Fwp%2Fv2%2Fmedia&parent=9644"}],"wp:term":[{"taxonomy":"category","embeddable":true,"href":"https:\/\/revistakuvendi.org\/index.php?rest_route=%2Fwp%2Fv2%2Fcategories&post=9644"},{"taxonomy":"post_tag","embeddable":true,"href":"https:\/\/revistakuvendi.org\/index.php?rest_route=%2Fwp%2Fv2%2Ftags&post=9644"}],"curies":[{"name":"wp","href":"https:\/\/api.w.org\/{rel}","templated":true}]}}