{"id":9638,"date":"2022-04-22T21:42:17","date_gmt":"2022-04-22T21:42:17","guid":{"rendered":"http:\/\/revistakuvendi.org\/?p=9638"},"modified":"2022-04-22T21:42:17","modified_gmt":"2022-04-22T21:42:17","slug":"replike-ndaj-shkrimit-sakrilegji-i-kuq-te-alfons-grishaj","status":"publish","type":"post","link":"https:\/\/revistakuvendi.org\/?p=9638","title":{"rendered":"Replik\u00eb ndaj shkrimit \u201cSakrilegji i kuq\u201d t\u00eb Alfons Grishaj"},"content":{"rendered":"\n<figure class=\"wp-block-image\"><img loading=\"lazy\" decoding=\"async\" width=\"180\" height=\"161\" src=\"https:\/\/revistakuvendi.org\/wp-content\/uploads\/2022\/04\/Valentini-1.jpg\" alt=\"\" class=\"wp-image-9639\"\/><\/figure>\n\n\n\n<p> Nga Valentin Lumaj <\/p>\n\n\n\n<p>April 22, 2022, Marre nga VOAL.CH<\/p>\n\n\n\n<p>Letra e derguar Kryesise\nse Vatres tre dite n\u00eb pare, e cila \u201cxhindosi\u201d Alfons Grishajn, qe po kerkon\nperjashtimin tim nga Vatra:<\/p>\n\n\n\n<p>&nbsp;P\u00ebrsh\u00ebndetje\nVatran\u00eb,<\/p>\n\n\n\n<p>Uroj q\u00eb t\u00eb gjith\u00eb t\u00eb krishter\u00ebt katolik\u00eb t\u00eb ken\u00eb kaluar Pashk\u00eb t\u00eb\nbardha dhe t\u00eb bekuara!<\/p>\n\n\n\n<p>Jo pa dhimbje, k\u00ebto t\u00eb\nllojit t\u00eb keqardhjes dhe t\u00eb dekujarimit, po i p\u00ebrjetoj k\u00ebto zhvillimet e fundit\nn\u00eb Vatr\u00ebn ton\u00eb mbishekullore. Nuk besoj po ashtu, se n\u00eb Vat\u00ebr ka vatran\u00eb t\u00eb\nlumtur dhe t\u00eb g\u00ebzuar apo q\u00eb mendojn\u00eb se pun\u00ebt e Vatr\u00ebs po shkojn\u00eb mir\u00eb.<\/p>\n\n\n\n<p>Puna m\u00eb e fundit ishte\nnj\u00eb shkrim i z. Alfons Grishaj, \u201cSakrilegji i kuq\u201d, shkrim i cili vet\u00ebm nj\u00eb\npun\u00eb e mir\u00eb nuk mund t\u00eb quhej p\u00ebr nj\u00eb titullar n\u00ebnkryetar t\u00eb Vatr\u00ebs dhe aq m\u00eb\npak p\u00ebr nj\u00eb gazet\u00eb q\u00eb duhet t\u00eb jet\u00eb Diell p\u00ebr vatran\u00ebt dhe komunitetin, n\u00eb\nshkelje t\u00eb plot\u00eb t\u00eb nenit 72 t\u00eb Kanunores. Ky shkrim u publikua t\u00eb Premten e\nMadhe, tamam n\u00eb nj\u00eb dit\u00eb kur Judenjt\u00eb, gati 2000 vjet m\u00eb par\u00eb kryq\u00ebzuan t\u00eb\nPafajshmin, k\u00ebt\u00eb radh\u00eb p\u00ebr t\u00eb anatemuar dhe d\u00ebnuar disa vatran\u00eb t\u00eb pafajsh\u00ebm.\nMbasi e shtrydha shkrimin e Alfonsit pa u munduar shum\u00eb, esenca e k\u00ebtij shkrimi\ndoli nj\u00eb fjalor i pasur denigrues shqip q\u00eb i drejton nj\u00eb vatran disa vatran\u00ebve\nt\u00eb tjer\u00eb, t\u00eb gjitha k\u00ebto, si pikla t\u00eb nj\u00eb shpirti vullkan katran:<\/p>\n\n\n\n<p>\u201cAnti krisht\u00eb, spiun\u00eb t\u00eb\nPartis\u00eb s\u00eb Pun\u00ebs, sahan l\u00ebpir\u00ebs t\u00eb komunizmit, vjell\u00ebs, pisll\u00ebqe ordinere,\nfront neverit\u00ebs, per\u00e7udnime, g\u00ebnjeshtra, manipulime, Dylqinja e Topoz\u00ebs, shtrat\np\u00ebr\u00e7udnie, emra mjeran\u00eb, minj te shoq\u00ebsis\u00eb s\u00eb Hadit, ujk, k\u00eblysh i ujkut,\nballone artificiale q\u00eb fryhen me pordh\u00eb, uthull, fallsifikator\u00eb, pirat\u00eb,\nkrimba, fytyra t\u00eb vrerosura, Dylqinja plaka, fshijn\u00eb prapanic\u00ebn me gur\u00eb, list\u00eb\ne turpshme, paturp\u00ebsi, njer\u00ebz t\u00eb pand\u00ebrgjegjsh\u00ebm, trumcak, sakrilegj mortal,\nlukuni zullumb\u00ebr\u00ebse, budallall\u00ebk, i pa fe, mjeran, sh\u00ebmti, shoq\u00ebri hipokrite,\nskena turpi, krim, minj q\u00eb piqen n\u00eb hell, mjeran\u00ebt anti Krisht do t\u00eb murosen t\u00eb\ngjall\u00eb, minjt\u00eb e galerave, ateist\u00eb, gjarp\u00ebr, zvarranik, shpirtra t\u00eb ligj,\nfallsitet, hipokrizi, marr\u00ebzi, etj\u201d<\/p>\n\n\n\n<p>Pjesa tjet\u00ebr n\u00eb shkrim\n\u00ebsht\u00eb nj\u00eb gjuh\u00eb e koduar e stilit t\u00eb autorit, nga e cila dua t\u00eb ve\u00e7oj vet\u00ebm nj\u00eb\npjes\u00eb, q\u00eb mbasi pyeta disa vatran\u00eb, asnj\u00eb nuk ia nxirrte kuptimin: \u201cDuhet t\u00eb\nb\u00ebjm\u00eb deal q\u00eb t\u00eb mos b\u00ebjn\u00eb \u201cVetvrasjen e trumcakut\u201d. Un\u00eb po jua shpjegoj shkurt:<\/p>\n\n\n\n<p>N\u00eb Shkod\u00ebr dhe zonat\np\u00ebrreth \u00ebsht\u00eb nj\u00eb shprehje: \u201cvrau vedin si fiskja\u201d. Fiskja \u00ebsht\u00eb nj\u00eb zog mali,\nq\u00eb sa hapi goj\u00ebn t\u00eb k\u00ebndoj\u00eb, gjuetari e hetoi se ku ishte dhe e vrau me \u00e7ifte.\nMe fjal\u00eb t\u00eb tjera, Alfonsi thot\u00eb q\u00eb ne (ai dhe kryesia) duhet t\u00eb b\u00ebjn\u00eb nj\u00eb deal,\npra nj\u00eb marr\u00ebveshje, q\u00eb duhet t\u2019a p\u00ebrjashtojm\u00eb n\u00eb m\u00ebnyr\u00eb q\u00eb t\u00eb mos e vrasim me\npushk\u00eb kur ai (Valentini) flet apo shkruan. Ose, ose, Valentinit p\u00ebr ti mbyllur\ngoj\u00ebn duhet q\u00eb ta vrasim, prandaj m\u00eb mir\u00eb ta p\u00ebrjashtojm\u00eb.<\/p>\n\n\n\n<p>N\u00eb fakt, nuk jam i\nshokuar shum\u00eb nga kjo fabul e tipit ordiner mafjoz, mbasi shokun m\u00eb t\u00eb madh e\nkalova para disa dit\u00ebsh kur n\u00ebnkryetari i Federat\u00ebs Panshqiptare Vatra z.\nAlfons Grishaj, n\u00eb telefon m\u00eb k\u00ebrc\u00ebnoi me plumb n\u00eb kok\u00eb:&nbsp;<\/p>\n\n\n\n<p><strong>\u201cPO FOLE, DO T\u00cb VIJ TE SHPIJA JOTE DHE DO TA JAP NJI PLUMB N\u00cb\nKRY\u201d.<\/strong><\/p>\n\n\n\n<p>&nbsp;Duke e njohur mir\u00eb\npersonin dhe t\u00eb shkuar\u00ebn e tij, fill mbas k\u00ebtij k\u00ebrc\u00ebnimi, b\u00ebra detyr\u00ebn\nqytetare, lajm\u00ebrova policin\u00eb dhe t\u00eb af\u00ebrmit e mij, po ashtu lajm\u00ebrova n\u00eb koh\u00eb\nreale me shkrim Kryetarin e Vatr\u00ebs dhe Kryetarin e deg\u00ebs Michigan dhe ndonj\u00eb mik\ntimin t\u00eb besuar. Po ashtu mora masat e mija p\u00ebr t\u00eb mbrojtur veten dhe familjen,\ndetyr\u00eb kjo e nj\u00eb prindi t\u00eb gjasht\u00eb f\u00ebmij\u00ebve.<\/p>\n\n\n\n<p>Nga ana tjet\u00ebr, meq\u00eb jemi n\u00eb koh\u00eb Pashk\u00ebsh kur Kisha n\u00eb k\u00ebto dit\u00eb\nt\u00eb ringjalljes s\u00eb Krishtit na fton p\u00ebr paqe, dashuri dhe falje, un\u00eb kam pritur\ndhe pres nj\u00eb pendes\u00eb t\u00eb tij, prandaj n\u00ebse m\u00eb k\u00ebrkoh\u00ebt falja, un\u00eb do ta fal. Kjo\nn\u00eb rrafshin personal.<\/p>\n\n\n\n<p>Por a e d\u00ebmton ky akt i\ntij Vatr\u00ebn? Po. A e kriminalizon ky akt Vatr\u00ebn? Po. A njollos ky akt t\u00eb gjith\u00eb\nVatran\u00ebt? Po. A mund t\u00eb ndikoj\u00eb ky akt n\u00eb largimin e an\u00ebtar\u00ebsis\u00eb apo pranimeve\nt\u00eb reja? Po. Prandaj un\u00eb, i ndergjegjsh\u00ebm p\u00ebr k\u00ebto, nuk e kam shpallur\npublikisht apo n\u00eb media (akoma). M\u00eb dhimbset Vatra m\u00eb shum\u00eb se vetja ime.\nMegjithat\u00eb kurr\u00eb nuk kisha menduar se n\u00eb Vat\u00ebr edhe mund t\u00eb t\u00eb vrasin.<\/p>\n\n\n\n<p>Un\u00eb i jam mir\u00ebnjoh\u00ebs\nAlfonsit p\u00ebr kujdesin dhe ndihm\u00ebn n\u00eb raste t\u00eb nevojshme, nuk i harroj, nuk ja\nhumb, m\u00eb dhimbset edhe Alfonsi vet\u00eb, m\u00eb dhimbsen ato dit\u00eb pune dhe veprash t\u00eb\nmira q\u00eb kemi b\u00ebr\u00eb bashk\u00eb, se mua gjithmon\u00eb m\u00eb lidhin me njer\u00ebzit vet\u00ebm pun\u00ebt e\nmira; nga femij\u00ebria deri m\u00eb sot nuk mund t\u00eb gjej\u00eb kush nj\u00eb vep\u00ebr t\u00eb keqe, t\u00eb\nvog\u00ebl apo t\u00eb madhe, apo ndonj\u00eb hije t\u00eb karakterit q\u00eb t\u00eb m\u00eb njollos\u00eb figur\u00ebn apo\nt\u00eb c\u00ebnoj\u00eb t\u00eb ardhmen time. Prandaj dal hapur dhe pa frik\u00eb para gjithkujt.<\/p>\n\n\n\n<p>Por deklarimet: \u201cna\nduhen kat\u00ebr vjet (per kryetarin) sa t\u00eb rregullojm\u00eb disa pun\u00ebt tona\u201d, \u201cdo ti\nhapim deg\u00ebt e Vatr\u00ebs n\u00eb Shqip\u00ebri me akte n\u00ebn kanunore\u201d, \u201cky do t\u00eb jet\u00eb kryetari\ni Vatr\u00ebs \u2026ai tjetri do t\u00eb jet\u00eb kryetari i K\u00ebshillit, \u2026nuk i pj\u2026 kush p\u00ebr\ndelegat\u00ebt apo Kuvendin\u201d, \u201cmos na dil p\u00ebrpara se do t\u00eb anatemojn\u00eb, do t\u00eb shajn\u00eb,\ndo t\u00eb mbetesh vet\u00ebm\u201d e t\u00eb tjera si k\u00ebto, krijuan \u00e7arjen fillestare midis meje\nthe atij n\u00eb Deg\u00ebn e famshme t\u00eb Michiganit. Un\u00eb ja kam shpreh q\u00ebndrimin tim qysh\npara Kuvendit: \u201cVot\u00ebn do tja jap Elmis\u00eb, sa p\u00ebr Kanunoren do t\u00eb mbroj at\u00eb q\u00eb\nbesoj un\u00eb, m\u00eb vjen keq por NUK I ND\u00cbRROJ PRINCIPET E MIJA ME SHOQ\u00cbRINE\u201d. Kaq.\nAsgj\u00eb personale, asgj\u00eb tjet\u00ebr, vet\u00ebm pun\u00ebt e Vatr\u00ebs n\u00eb relacion me parimet e\nmija. Nuk kam k\u00ebrkuar kurr\u00eb dhe as kerkoj asnj\u00eb favor, p\u00ebrve\u00e7 parime dhe\nligjshm\u00ebri n\u00eb Vater. Kaq, \u00e7do shpjegim tjet\u00ebr k\u00ebrkon q\u00eb ta devijoj\u00eb t\u00eb\nv\u00ebrtet\u00ebn.<\/p>\n\n\n\n<p>Konica ka th\u00ebn\u00eb: \u201cTh\u00ebnia\ne s\u00eb v\u00ebrtet\u00ebs, n\u00eb mos zgjidht\u00eb ndonje gj\u00eb, prap\u00eb l\u00eb nj\u00eb shije t\u00eb mir\u00eb se fole\nthe \u00e7far\u00eb duhet t\u00eb thoje\u201d.<\/p>\n\n\n\n<p>Shkeljet themelore t\u00eb\nStatutit t\u00eb Vatr\u00ebs apo tjet\u00ebrsimi i votave t\u00eb delegat\u00ebve jan\u00eb t\u00eb v\u00ebrteta t\u00eb\npamohueshme, p\u00ebrderisa nuk ka askush kurajo t\u00eb p\u00ebrgjigjet apo t\u00eb ballafaqohet\nme k\u00ebto akuza. Une dhe miqt\u00eb e mij vatran\u00eb t\u00eb \u201clist\u00ebs s\u00eb turpshme\u201d jemi t\u00eb\nhapur p\u00ebr konsult\u00eb dhe debat konstuktiv p\u00ebr t\u2019i dh\u00ebn\u00eb zgjidhje ng\u00ebr\u00e7it ku\nndodhet Vatra, brenda normave statuore.<\/p>\n\n\n\n<p>Megjithat\u00eb, termi \u201clist\u00eb\ne turpshme\u201d p\u00ebr vatran\u00ebt q\u00ebndrestar, konservator\u00eb, antikomunist\u00eb, shkrimtar\u00eb\nkomb\u00ebtar\u00eb, gazetar\u00eb, kontribues n\u00eb vat\u00ebr p\u00ebr dekada, drejtues t\u00eb nj\u00eb Reviste\nLetrare shqipe, apo t\u00eb etiketosh \u201cDylqinja plak\u00eb e Topoz\u00ebs\u201d nj\u00eb doktoresh\u00eb 85\nvje\u00e7are, nder i komunitetit shqiptar, t\u00eb gjith\u00eb k\u00ebta, vet\u00ebm se k\u00ebrkojn\u00eb\nligjshm\u00ebri dhe transparenc\u00eb, kjo e kalon logjik\u00ebn e nj\u00eb njeriu normal, dhe nuk\njep shenja konstruktive bashk\u00ebpunimi. V\u00ebnia e etiket\u00ebs ndaj tyre si njer\u00ebz q\u00eb\nsulmojn\u00eb dhe nuk e duan Vatr\u00ebn mua m\u00eb rezulton ndryshe:&nbsp;<strong>T\u00cb GJITH\u00cb E DUAN VATR\u00cbN POR K\u00cbTA NUK\nT\u00cb DUAN TY<\/strong>, q\u00eb n\u00eb m\u00ebnyr\u00eb misterioze (i vet\u00ebzgjedhur)\nidentifikohesh me Vatr\u00ebn. Pa h\u00eb t\u00eb na thot\u00eb ky cilat jan\u00eb vlerat e tij, cili\n\u00ebsht\u00eb ky q\u00eb k\u00ebrc\u00ebnon dhe shan vatran\u00ebt, h\u00eb mor, kush je ti?!<\/p>\n\n\n\n<p>P\u00ebr m\u00eb shum\u00eb se nj\u00eb\ndekad\u00eb Vatra po l\u00ebngon nga konjukturat dhe intrigat e tij, q\u00eb nga zgjedhja dhe\np\u00ebrzgjedhja konjukurale e Kryetar\u00ebve t\u00eb Vatr\u00ebs, rropatja e Vatr\u00ebs n\u00eb dyert e\ngjykatave Federale (ka qen\u00eb i paditur p\u00ebr manipulim t\u00eb nj\u00eb kuvendi t\u00eb Vatr\u00ebs),\nfutja e neneve p\u00ebr krijimin e deg\u00ebve t\u00eb Vatr\u00ebs n\u00eb Shqip\u00ebri, apo neneve q\u00eb\nlejonin futjen e kandidaturave politike n\u00ebn parti politike n\u00eb em\u00ebr t\u00eb Vatr\u00ebs\ndhe kthimi i Vatr\u00ebs n\u00eb nj\u00eb rudiment t\u00eb partive politik\u00eb n\u00eb sh\u00ebrbim t\u00eb\ninteresave personale t\u00eb tij dhe t\u00eb kryetarit Berisha.<\/p>\n\n\n\n<p>Prandaj un\u00eb e ftoj\nbut\u00ebsisht dhe emb\u00eblsisht z. Grishaj, q\u00eb t\u2019i heq\u00eb duart nga fyti i Vatr\u00ebs, t\u00eb\nheq\u00eb dor\u00eb nga k\u00ebto emineca gri ndaj vatran\u00ebve q\u00eb nuk mendojn\u00eb si ai,&nbsp;<strong>T\u00cb GJEJ\u00cb FORCA POZITIVE BRENDA VETES\nN\u00cbSE I KAN\u00cb MBETUR, Q\u00cb T\u00cb DOR\u00cbHIQET NJ\u00cb HER\u00cb DHE P\u00cbRGJITHMON\u00cb NGA VATRA<\/strong>.\nVatra nuk ka nevoj\u00eb p\u00ebr t\u00eb. Vatren e mban gjall\u00eb fryma e Konic\u00ebs dhe Nolit,\nVatra nuk \u00ebsht\u00eb nj\u00eb zog i trembur \u201ctrumcak q\u00eb vet\u00ebvritet\u201d, por \u00ebsht\u00eb nj\u00eb shpirt\ni lir\u00eb, nj\u00eb shpirt vullkan drite, q\u00eb n\u00ebse vazhdon t\u00eb luaj\u00eb me t\u00eb, do t\u2019a djeg\u00eb\nkeq s\u00eb bashku me ndonj\u00eb idhtar tjet\u00ebr, qoft\u00eb edhe kryetar.<\/p>\n\n\n\n<p>Un\u00eb i ftoj Vatran\u00ebt jo\nn\u00eb diversion por n\u00eb p\u00ebrballje me t\u00eb keqen. Mund t\u00eb vendosni q\u00eb t\u00eb jeni kurajoz\u00eb\nose konformist\u00eb, zgjedhja \u00ebsht\u00eb e juaja. Konformizmi i tepruar m\u00eb kujton gabimin\nton\u00eb fatal n\u00eb komuniz\u00ebm kur mirtuam me heshtjen ton\u00eb t\u00eb keqen ton\u00eb. Vatran\u00ebt\nduhet q\u00eb t\u00eb \u00e7lirohen nga vetja e tyre n\u00eb sh\u00ebrbim t\u00eb s\u00eb keqes, t\u00eb padrejt\u00ebs dhe\njo parimores. Beteja nuk esht\u00eb e imja dhe p\u00ebr mua. Un\u00eb kam nj\u00eb jet\u00eb t\u00eb plot\u00eb\ngjithsesi, por pyetja \u00ebsht\u00eb n\u00ebse un\u00eb bie, dhe \u00ebsht\u00eb rradha e dikujt tjet\u00ebr,\nTHEN WHO IS NEXT TO BE CRUCIFIED?! Se k\u00ebshtu i bie n\u00eb Vatr\u00ebn Grish\u00eb-Berish\u00eb:\nose n\u00eb rresht ose n\u00eb kryq, zgjidh dhe merr.<\/p>\n\n\n\n<p>Sidoqoft\u00eb, mua nuk me\nb\u00ebn vatran Alfonsi e as Elmi Berisha, mua m\u00eb b\u00ebn vatran Faik Domenik Konica,\nmentori im i pavdeksh\u00ebm, m\u00eb b\u00ebjn\u00eb vatran veprat e mija n\u00eb sh\u00ebrbim t\u00eb shoq\u00ebris\u00eb\ndhe komunitetit, m\u00eb b\u00ebn vatran gjuha shqipe t\u00eb cil\u00ebn me lavdi dhe nder e\nshum\u00ebzoj n\u00eb f\u00ebmij\u00eb shqiptaro amerikan\u00eb p\u00ebr vite me rradh\u00eb, frym\u00ebzim ky q\u00eb\nrrjedh nga neni 3 i Kanunores s\u00eb Konic\u00ebs, m\u00eb b\u00ebn vatran besimi im n\u00eb Zot dhe\nKisha e Zoj\u00ebs Pajtore t\u00eb cil\u00ebs i sh\u00ebrbej me devocion, m\u00eb b\u00ebn vatran qendra e\nkultur\u00ebs shqiptare \u201cN\u00ebn\u00eb Tereza\u201d t\u00eb cil\u00ebs i kam dh\u00ebn\u00eb energjit\u00eb dhe shpirtin.\nPrandaj, p\u00ebrjashtimet tuaja t\u00eb paralajmeruara me akuza t\u00eb sajuara si ajo e\n\u201clogos s\u00eb vjedhur t\u00eb Vatr\u00ebs, apo faqe internet, kjo e krijuar ndoshta nga vet\u00eb\nju q\u00eb n\u00eb vitin 2018\u201d, q\u00eb t\u00eb kujtojn\u00eb komunist\u00ebt q\u00eb futnin pushk\u00eb n\u00eb Kisha p\u00ebr\nt\u00eb pushkatuar klerik\u00ebt apo ata q\u00eb q\u00eb hodh\u00ebn bomb\u00ebn n\u00eb ambasad\u00ebn sovjetike p\u00ebr\nt\u00eb eleminuar \u201carmiqt\u00eb e Partis\u00eb\u201d, un\u00eb i p\u00ebrbuz. Kur nuk t\u00ebrhiqem para plumbit,\nedhe k\u00ebto k\u00ebrc\u00ebnimet e tjera nga kreu apo nga zev\u00ebnd\u00ebsi, nuk kan\u00eb vler\u00eb. Nuk\nnjoh diktator\u00eb dhe harrojeni se do t\u00eb mund t\u00eb m\u00eb b\u00ebni \u201carmik t\u00eb Vatr\u00ebs\u201d. Un\u00eb e\nkam shpallur me koh\u00eb se kam nderin q\u00eb jam dhe do t\u00eb jem sa t\u00eb jem gjall\u00eb vatran\ni devotsh\u00ebm, patriot i ndersh\u00ebm, sherb\u00ebor i kombit, dashnor i p\u00ebrjetsh\u00ebm i\nkultur\u00ebs dhe gjuh\u00ebs shqipe.<\/p>\n\n\n\n<p>Me respekt,<br>\nValentin Lumaj<\/p>\n","protected":false},"excerpt":{"rendered":"<p>Nga Valentin Lumaj April 22, 2022, Marre nga VOAL.CH Letra e derguar Kryesise se Vatres tre dite n\u00eb pare, e cila \u201cxhindosi\u201d Alfons Grishajn, qe po kerkon perjashtimin tim nga Vatra: &nbsp;P\u00ebrsh\u00ebndetje Vatran\u00eb, Uroj q\u00eb t\u00eb gjith\u00eb t\u00eb krishter\u00ebt katolik\u00eb t\u00eb ken\u00eb kaluar Pashk\u00eb t\u00eb bardha dhe t\u00eb bekuara! Jo pa dhimbje, k\u00ebto t\u00eb llojit&hellip;<\/p>\n","protected":false},"author":1,"featured_media":9639,"comment_status":"open","ping_status":"open","sticky":false,"template":"","format":"standard","meta":{"footnotes":""},"categories":[12],"tags":[],"class_list":["post-9638","post","type-post","status-publish","format-standard","has-post-thumbnail","hentry","category-jete-komuniteti"],"_links":{"self":[{"href":"https:\/\/revistakuvendi.org\/index.php?rest_route=\/wp\/v2\/posts\/9638","targetHints":{"allow":["GET"]}}],"collection":[{"href":"https:\/\/revistakuvendi.org\/index.php?rest_route=\/wp\/v2\/posts"}],"about":[{"href":"https:\/\/revistakuvendi.org\/index.php?rest_route=\/wp\/v2\/types\/post"}],"author":[{"embeddable":true,"href":"https:\/\/revistakuvendi.org\/index.php?rest_route=\/wp\/v2\/users\/1"}],"replies":[{"embeddable":true,"href":"https:\/\/revistakuvendi.org\/index.php?rest_route=%2Fwp%2Fv2%2Fcomments&post=9638"}],"version-history":[{"count":1,"href":"https:\/\/revistakuvendi.org\/index.php?rest_route=\/wp\/v2\/posts\/9638\/revisions"}],"predecessor-version":[{"id":9640,"href":"https:\/\/revistakuvendi.org\/index.php?rest_route=\/wp\/v2\/posts\/9638\/revisions\/9640"}],"wp:featuredmedia":[{"embeddable":true,"href":"https:\/\/revistakuvendi.org\/index.php?rest_route=\/wp\/v2\/media\/9639"}],"wp:attachment":[{"href":"https:\/\/revistakuvendi.org\/index.php?rest_route=%2Fwp%2Fv2%2Fmedia&parent=9638"}],"wp:term":[{"taxonomy":"category","embeddable":true,"href":"https:\/\/revistakuvendi.org\/index.php?rest_route=%2Fwp%2Fv2%2Fcategories&post=9638"},{"taxonomy":"post_tag","embeddable":true,"href":"https:\/\/revistakuvendi.org\/index.php?rest_route=%2Fwp%2Fv2%2Ftags&post=9638"}],"curies":[{"name":"wp","href":"https:\/\/api.w.org\/{rel}","templated":true}]}}