{"id":9439,"date":"2021-11-17T14:17:12","date_gmt":"2021-11-17T14:17:12","guid":{"rendered":"http:\/\/revistakuvendi.org\/?p=9439"},"modified":"2021-11-17T14:17:12","modified_gmt":"2021-11-17T14:17:12","slug":"mbresa-dhe-kujtime-te-paharruara-nga-promovimi-i-librit-tim-me-poezi-boten-ta-prek-ne-micigan-nentor-2021","status":"publish","type":"post","link":"https:\/\/revistakuvendi.org\/?p=9439","title":{"rendered":"Mbresa dhe kujtime t\u00eb paharruara nga promovimi i librit tim me poezi \u00abBot\u00ebn ta prek\u00bb, n\u00eb Mi\u00e7igan. N\u00ebntor 2021!"},"content":{"rendered":"\n<figure class=\"wp-block-image\"><img loading=\"lazy\" decoding=\"async\" width=\"160\" height=\"160\" src=\"https:\/\/revistakuvendi.org\/wp-content\/uploads\/2021\/11\/enkeljeda3-1.jpg\" alt=\"\" class=\"wp-image-9440\" srcset=\"https:\/\/revistakuvendi.org\/wp-content\/uploads\/2021\/11\/enkeljeda3-1.jpg 160w, https:\/\/revistakuvendi.org\/wp-content\/uploads\/2021\/11\/enkeljeda3-1-150x150.jpg 150w, https:\/\/revistakuvendi.org\/wp-content\/uploads\/2021\/11\/enkeljeda3-1-50x50.jpg 50w\" sizes=\"auto, (max-width: 160px) 100vw, 160px\" \/><\/figure>\n\n\n\n<p>Sa her\u00eb jam n\u00eb fluturim, kam ndjesin\u00eb e nje \u00e7lirimi t\u00eb brendsh\u00ebm, k\u00ebnaq\u00ebsin\u00eb, etjen p\u00ebr t\u00eb njohur vende t\u00eb reja, p\u00ebr t\u00eb takuar njer\u00ebz t\u00eb dashur, d\u00ebshir\u00ebn p\u00ebr t\u2019u shk\u00ebputur pak nga realiteti jo fort i k\u00ebndsh\u00ebm e p\u00ebr t\u2019u p\u00ebrq\u00ebndruar gjat\u00eb fluturimit tek vetja, t\u2019i flas vetes e t\u00eb gjej brenda meje at\u00eb frym\u00ebzim q\u00eb duket ndonj\u00ebher\u00eb se p\u00ebrgjumet dhe pret shk\u00ebndija t\u00eb tilla p\u00ebr t\u2019u ndezur. Sa nevoj\u00eb kam p\u00ebr k\u00ebt\u00eb dehje t\u00eb \u00ebmb\u00ebl, p\u00ebr k\u00ebt\u00eb zgjim t\u00eb but\u00eb q\u00eb m\u00eb \u00e7on n\u00eb vende t\u00eb mrekullueshme reale ose imagjinare q\u00eb un\u00eb t\u00eb mbushem me frym\u00ebzim e pastaj t\u00eb shprehem n\u00eb poezi. Sot po fluturoj drejt Mi\u00e7iganit, tek Kafe \u201cKuvendi\u201d, tek miqt\u00eb e mi Pjet\u00ebr Jaku dhe Elinda Marku, tek t\u00eb cil\u00ebt tashm\u00eb jam m\u00ebsuar t\u00eb trokas me krijimtarin\u00eb time e t\u00eb mbledh dashamir\u00ebsit e let\u00ebrsis\u00eb tek ajo sall\u00eb shqiptare p\u00ebr t\u00eb promovuar krijimtarin\u00eb time. K\u00ebshtu ndodhi n\u00eb muajin shkurt t\u00eb vitit 2015, kur un\u00eb promovova librin tim me poezi \u00abHeshtje e kthjell\u00ebt\u00bb, botuar n\u00eb shtator t\u00eb vitit 2014 nga sht\u00ebpia botuese \u00abDudaj\u00bb. <\/p>\n\n\n\n<figure class=\"wp-block-image\"><img loading=\"lazy\" decoding=\"async\" width=\"460\" height=\"621\" src=\"https:\/\/revistakuvendi.org\/wp-content\/uploads\/2021\/11\/enkeljeda-8.jpg\" alt=\"\" class=\"wp-image-9441\" srcset=\"https:\/\/revistakuvendi.org\/wp-content\/uploads\/2021\/11\/enkeljeda-8.jpg 460w, https:\/\/revistakuvendi.org\/wp-content\/uploads\/2021\/11\/enkeljeda-8-222x300.jpg 222w\" sizes=\"auto, (max-width: 460px) 100vw, 460px\" \/><\/figure>\n\n\n\n<p>Ai promovim dhe festa e asaj mbr\u00ebmjeje do t\u00eb mbeteshin gjat\u00eb n\u00eb kujtes\u00ebn time. Nga ky event do t\u00eb kishte zanafill\u00ebn miq\u00ebsia ime me Pjetrin dhe Elind\u00ebn duke qen\u00eb e ftuar dhe duke u b\u00ebr\u00eb pjes\u00eb e disa aktiviteteve kulturore t\u00eb organizuara nga Kuvendi, \u201cDit\u00ebt e let\u00ebrsis\u00eb shqipe\u201d, n\u00eb Mi\u00e7igan. <\/p>\n\n\n\n<figure class=\"wp-block-image\"><img loading=\"lazy\" decoding=\"async\" width=\"460\" height=\"670\" src=\"https:\/\/revistakuvendi.org\/wp-content\/uploads\/2021\/11\/enkeljeda-6.jpg\" alt=\"\" class=\"wp-image-9445\" srcset=\"https:\/\/revistakuvendi.org\/wp-content\/uploads\/2021\/11\/enkeljeda-6.jpg 460w, https:\/\/revistakuvendi.org\/wp-content\/uploads\/2021\/11\/enkeljeda-6-206x300.jpg 206w\" sizes=\"auto, (max-width: 460px) 100vw, 460px\" \/><\/figure>\n\n\n\n<p>Jam vler\u00ebsuar disa her\u00eb me \u00e7mime prej Kuvendit: \u00c7mimi \u201cGjergj Fishta\u201d \u00c7mim Mir\u00ebnjohjeje p\u00ebr pjes\u00ebmarrjen n\u00eb aktivitete t\u00eb ndryshme organizuar nga \u201cKuvendi\u201d \u00c7mim special per publikime cilesore dhe promovime me Revisten Kuvendi si dhe s\u00eb fundmi, n\u00eb vitin 2020 \u00e7mimin e par\u00eb n\u00eb poezi, me librin \u201cBot\u00ebn ta prek\u201d, botuar nga sht\u00ebpia botuese \u201cPolis\u201d, n\u00eb shtator t\u00eb vitit 2020. <\/p>\n\n\n\n<figure class=\"wp-block-image\"><img loading=\"lazy\" decoding=\"async\" width=\"460\" height=\"590\" src=\"https:\/\/revistakuvendi.org\/wp-content\/uploads\/2021\/11\/enkeljeda-7.jpg\" alt=\"\" class=\"wp-image-9446\" srcset=\"https:\/\/revistakuvendi.org\/wp-content\/uploads\/2021\/11\/enkeljeda-7.jpg 460w, https:\/\/revistakuvendi.org\/wp-content\/uploads\/2021\/11\/enkeljeda-7-234x300.jpg 234w\" sizes=\"auto, (max-width: 460px) 100vw, 460px\" \/><\/figure>\n\n\n\n<p>Pandemia ka kusht\u00ebzuar shum\u00eb aktivitete kulturore, udh\u00ebtime, p\u00ebrditshm\u00ebrin\u00eb ton\u00eb dhe evente t\u00eb ndryshme. S\u00eb fundmi autoritetet amerikane vendos\u00ebn t\u00eb hapin kufijt\u00eb e mbyllur pothuaj qysh n\u00eb fillim t\u00eb pandemis\u00eb, me disa kushte mjaft t\u00eb rrepta. K\u00ebt\u00eb n\u00ebntor po udhetoj nga Franca drejt Mi\u00e7iganit p\u00ebr t\u00eb promovuar me shqiptar\u00ebt e atjesh\u00ebm librin tim t\u00eb fundit me poezi, \u201cBoten ta prek\u201d. <\/p>\n\n\n\n<figure class=\"wp-block-image\"><img loading=\"lazy\" decoding=\"async\" width=\"460\" height=\"740\" src=\"https:\/\/revistakuvendi.org\/wp-content\/uploads\/2021\/11\/enkeljeda-5.jpg\" alt=\"\" class=\"wp-image-9444\" srcset=\"https:\/\/revistakuvendi.org\/wp-content\/uploads\/2021\/11\/enkeljeda-5.jpg 460w, https:\/\/revistakuvendi.org\/wp-content\/uploads\/2021\/11\/enkeljeda-5-186x300.jpg 186w\" sizes=\"auto, (max-width: 460px) 100vw, 460px\" \/><\/figure>\n\n\n\n<p>Duhet t\u00eb theksoj se nj\u00eb promovim i till\u00eb \u00ebsht\u00eb b\u00ebr\u00eb edhe n\u00eb qytetin tim t\u00eb lindjes, n\u00eb Maliq , organizuar nga Bashkia Maliq, nga Drejtori i Sektorit t\u00eb Kultur\u00ebs Festim Tomori dhe me shum\u00eb dashuri jan\u00eb recituar poezi nga Mjeshtri Dhimit\u00ebr Orgocka, pak koh\u00eb para se ai t\u00eb ndahej prej nesh, duke m\u00eb l\u00ebn\u00eb kujtime t\u00eb paharruara nga ai promovim, edhe pse nuk munda t\u00eb isha e pranishme. <\/p>\n\n\n\n<p>Gjithashtu mora vesh lajmin e mir\u00eb se libri im \u201cBot\u00ebn ta prek\u201d do t\u00eb prezantohet n\u00eb Panairin e Librit 2021, nga sht\u00ebpia botuese \u201cPolis\u201d, n\u00eb Pallatin e Kongreseve n\u00eb Tiran\u00eb. Nuk do t\u00eb l\u00eb pa p\u00ebrmendur q\u00eb, n\u00eb Mi\u00e7igan jeton nj\u00eb komunitet i madh shqiptar\u00ebsh dhe prej tyre nj\u00eb num\u00ebr i konsideruesh\u00ebm shqiptar\u00ebsh nga vendlindja ime, Maliq. Njer\u00ebz, p\u00ebr t\u00eb cil\u00ebt kam mall, respekt, sepse n\u00eb at\u00eb qytez\u00eb t\u00eb vog\u00ebl t\u00eb gjith\u00eb njiheshim, respektoheshim si lidhje familjare, f\u00ebmij\u00ebrie\u2026 T\u00eb gjitha k\u00ebto lajme t\u00eb mira p\u00ebr librin m\u00eb ngroh\u00ebn shpirtin dhe m\u00eb b\u00ebn\u00eb q\u00eb at\u00eb pak ankth t\u00eb situat\u00ebs s\u00eb v\u00ebshtir\u00eb q\u00eb po kalojm\u00eb, ta p\u00ebrjetoja krejt ndryshe. Nga Franca kisha komunikuar shum\u00eb me Pjetrin, Elind\u00ebn, Elon\u00ebn e p\u00ebrkushtuar p\u00ebr organizimin e k\u00ebtij aktiviteti deri n\u00eb detaje. <\/p>\n\n\n\n<figure class=\"wp-block-image\"><img loading=\"lazy\" decoding=\"async\" width=\"399\" height=\"600\" src=\"https:\/\/revistakuvendi.org\/wp-content\/uploads\/2021\/11\/enkeljeda-10-2.jpg\" alt=\"\" class=\"wp-image-9442\" srcset=\"https:\/\/revistakuvendi.org\/wp-content\/uploads\/2021\/11\/enkeljeda-10-2.jpg 399w, https:\/\/revistakuvendi.org\/wp-content\/uploads\/2021\/11\/enkeljeda-10-2-200x300.jpg 200w\" sizes=\"auto, (max-width: 399px) 100vw, 399px\" \/><\/figure>\n\n\n\n<p>Dita e promovimit, erdhi! Shkoj pak m\u00eb par\u00eb p\u00ebr t\u00eb takuar Pjetrin e Elind\u00ebn dhe p\u00ebr t\u00eb ofruar pak nga ndihma ime modeste, edhe pse gjith\u00e7ka dukej tashm\u00eb gati. Pak nga pak ajo sall\u00eb e vog\u00ebl dhe modeste filloi t\u00eb mbushej me ardhjen e atyre njer\u00ebzve, t\u00eb cil\u00ebt kishin preferuar jo shplodhjen si dit\u00eb e shtun\u00eb, por t\u00eb ishin me mua, t\u00eb ndanim s\u00eb bashku poezin\u00eb, kryefjal\u00ebn e asaj mbremjeje, dashurin\u00eb, mallin dhe nostalgjin\u00eb p\u00ebr vendlindjen, Maliqin dhe atdheun ton\u00eb, Shqiperin\u00eb kaq larg nesh, por kaq pran\u00eb zemrave tona. M\u00eb nderuan me pjes\u00ebmarrjen e tyre: Konsulli i Nderit, biznesmeni i suksessh\u00ebm z. Ekrem Bardha, aktori Arben Dervishi, shkrimtari e poeti Zef Pergega, poeti pogradecar Ylli \u00c7ela, Elona me familjen, familja e Mamilit ( bashk\u00ebshortja dhe vajzat), familja e Milit s\u00eb bashku me t\u00eb bij\u00ebn, Matild\u00ebn, shoqja ime e Universitetit Ardiana me bashk\u00ebshortin Gentin, Anxhel\u00ebn dhe Gjergjin etj. etj. (t\u00eb m\u00eb falin ata q\u00eb kam harruar pa p\u00ebrmendur, por ju siguroj q\u00eb jini me mua n\u00eb mendjen dhe n\u00eb zemr\u00ebn time). <\/p>\n\n\n\n<figure class=\"wp-block-image\"><img loading=\"lazy\" decoding=\"async\" width=\"417\" height=\"319\" src=\"https:\/\/revistakuvendi.org\/wp-content\/uploads\/2021\/11\/enkeljeda-9-2.jpg\" alt=\"\" class=\"wp-image-9447\" srcset=\"https:\/\/revistakuvendi.org\/wp-content\/uploads\/2021\/11\/enkeljeda-9-2.jpg 417w, https:\/\/revistakuvendi.org\/wp-content\/uploads\/2021\/11\/enkeljeda-9-2-300x229.jpg 300w\" sizes=\"auto, (max-width: 417px) 100vw, 417px\" \/><\/figure>\n\n\n\n<p>Nuk mungoi edhe prania e Kanalit Televiziv p\u00ebr t\u00eb filmuar at\u00eb aktivitet e p\u00ebr ta transmetuar n\u00eb televizion p\u00ebr disa dit\u00eb rresht. Secili kishte p\u00ebrgatitur di\u00e7ka p\u00ebr t\u00eb folur, p\u00ebr t\u00eb recituar dhe emocionet ngjiteshin lart duke m\u00eb shtr\u00ebnguar ndonjeher\u00eb edhe gjoksin, gryk\u00ebn e pastaj si padashur shk\u00ebputej ndonj\u00eb lot emocioni dhe mall\u00ebngjimi. Sot duket sikur poezia ka mundur Covid-in dhe ne t\u00eb gjith\u00eb s\u00eb bashku, thot\u00eb Elinda. Mir\u00eb se ke ardhur Enkelejd\u00eb, &#8211; thot\u00eb Pjetri dhe t\u00eb ftuarit. \u201cBot\u00ebn ta prek\u201d, recituar nga Dhora n\u00eb at\u00eb koh\u00eb t\u00eb zymt\u00eb t\u00eb karantin\u00ebs, mund\u00ebm ta d\u00ebgjonim n\u00eb sall\u00eb nga YouTube dhe u duartrokit shum\u00eb nga t\u00eb pranishmit. Mikrofoni kalon dor\u00eb m\u00eb dor\u00eb e secili shpreh fjal\u00eb zemre, fjal\u00eb shpirti. Nuk e di si kaluan ato or\u00eb, ajo koh\u00eb mes poezis\u00eb, mes bisedave t\u00eb k\u00ebndshme plot mall, nostalgjis\u00eb, por di t\u00eb them q\u00eb ajo mbr\u00ebmje ishte e imja, ishte e tyre, ishte e jona! Ishte mbr\u00ebmje e \u201cBot\u00ebn ta prek\u201d! Ju fal\u00ebnderoj miq, shqiptar\u00ebt e Amerik\u00ebs! <\/p>\n\n\n\n<figure class=\"wp-block-image\"><img loading=\"lazy\" decoding=\"async\" width=\"460\" height=\"613\" src=\"https:\/\/revistakuvendi.org\/wp-content\/uploads\/2021\/11\/enkeljeda-4.jpg\" alt=\"\" class=\"wp-image-9443\" srcset=\"https:\/\/revistakuvendi.org\/wp-content\/uploads\/2021\/11\/enkeljeda-4.jpg 460w, https:\/\/revistakuvendi.org\/wp-content\/uploads\/2021\/11\/enkeljeda-4-225x300.jpg 225w\" sizes=\"auto, (max-width: 460px) 100vw, 460px\" \/><\/figure>\n\n\n\n<p>Drejt Franc\u00ebs do t\u00eb iki me dashurin\u00eb tuaj, me mallin dhe d\u00ebshir\u00ebn p\u00ebr t\u2019u rikthyer p\u00ebr evente t\u00eb tjera!<\/p>\n\n\n\n<p>ENKELEJDA KONDI<\/p>\n","protected":false},"excerpt":{"rendered":"<p>Sa her\u00eb jam n\u00eb fluturim, kam ndjesin\u00eb e nje \u00e7lirimi t\u00eb brendsh\u00ebm, k\u00ebnaq\u00ebsin\u00eb, etjen p\u00ebr t\u00eb njohur vende t\u00eb reja, p\u00ebr t\u00eb takuar njer\u00ebz t\u00eb dashur, d\u00ebshir\u00ebn p\u00ebr t\u2019u shk\u00ebputur pak nga realiteti jo fort i k\u00ebndsh\u00ebm e p\u00ebr t\u2019u p\u00ebrq\u00ebndruar gjat\u00eb fluturimit tek vetja, t\u2019i flas vetes e t\u00eb gjej brenda meje at\u00eb frym\u00ebzim&hellip;<\/p>\n","protected":false},"author":1,"featured_media":9440,"comment_status":"open","ping_status":"open","sticky":false,"template":"","format":"standard","meta":{"footnotes":""},"categories":[11],"tags":[],"class_list":["post-9439","post","type-post","status-publish","format-standard","has-post-thumbnail","hentry","category-publicistike"],"_links":{"self":[{"href":"https:\/\/revistakuvendi.org\/index.php?rest_route=\/wp\/v2\/posts\/9439","targetHints":{"allow":["GET"]}}],"collection":[{"href":"https:\/\/revistakuvendi.org\/index.php?rest_route=\/wp\/v2\/posts"}],"about":[{"href":"https:\/\/revistakuvendi.org\/index.php?rest_route=\/wp\/v2\/types\/post"}],"author":[{"embeddable":true,"href":"https:\/\/revistakuvendi.org\/index.php?rest_route=\/wp\/v2\/users\/1"}],"replies":[{"embeddable":true,"href":"https:\/\/revistakuvendi.org\/index.php?rest_route=%2Fwp%2Fv2%2Fcomments&post=9439"}],"version-history":[{"count":1,"href":"https:\/\/revistakuvendi.org\/index.php?rest_route=\/wp\/v2\/posts\/9439\/revisions"}],"predecessor-version":[{"id":9448,"href":"https:\/\/revistakuvendi.org\/index.php?rest_route=\/wp\/v2\/posts\/9439\/revisions\/9448"}],"wp:featuredmedia":[{"embeddable":true,"href":"https:\/\/revistakuvendi.org\/index.php?rest_route=\/wp\/v2\/media\/9440"}],"wp:attachment":[{"href":"https:\/\/revistakuvendi.org\/index.php?rest_route=%2Fwp%2Fv2%2Fmedia&parent=9439"}],"wp:term":[{"taxonomy":"category","embeddable":true,"href":"https:\/\/revistakuvendi.org\/index.php?rest_route=%2Fwp%2Fv2%2Fcategories&post=9439"},{"taxonomy":"post_tag","embeddable":true,"href":"https:\/\/revistakuvendi.org\/index.php?rest_route=%2Fwp%2Fv2%2Ftags&post=9439"}],"curies":[{"name":"wp","href":"https:\/\/api.w.org\/{rel}","templated":true}]}}