{"id":9433,"date":"2021-11-15T15:01:55","date_gmt":"2021-11-15T15:01:55","guid":{"rendered":"http:\/\/revistakuvendi.org\/?p=9433"},"modified":"2021-11-15T15:01:55","modified_gmt":"2021-11-15T15:01:55","slug":"neper-tinguj-poetik-te-enkeleda-kondit-ne-mbremjen-e-kuvendit","status":"publish","type":"post","link":"https:\/\/revistakuvendi.org\/?p=9433","title":{"rendered":"NEPER TINGUJ POETIK TE ENKELEDA KONDIT NE MBREMJEN E KUVENDIT"},"content":{"rendered":"\n<figure class=\"wp-block-image\"><img loading=\"lazy\" decoding=\"async\" width=\"140\" height=\"215\" src=\"https:\/\/revistakuvendi.org\/wp-content\/uploads\/2021\/11\/enkeljeda2.jpg\" alt=\"\" class=\"wp-image-9434\"\/><\/figure>\n\n\n\n<p><strong>Zef Pergega<\/strong><\/p>\n\n\n\n<p>Nje ngjarje kuptimplote ne fushn e poezise dhe te leterise, qe promovimi i librit teshqiptaro-francezes Ekejeda Kondi, \u201cBoten ta prek\u201d, libri i shtate i kesaj autoreje.Ishim te impenjuar per ta kurorezuar kete aktivitet, i cili vinte fill pas Diteve te Letersise dhe 150 vjetorit te lindjes se Fishtes. Donim ne kete fryme perbashkuese te realizohej gjithe aspekti poetic i kesaj autoreje. Keshtu rregulluam sallen me redaksine e Kuvendit, per zbukurimin e saj ndihmoi me angazhimin e saj Elona Delo. Dhe erdhi moment! Biznesmenit Klement Bardhi, edhe pse shfaqte besim, ia lexoje merakun ne sy. Donte qe Enkelejdes ti behej respekti i duhur, megjithese Revista \u201cKuvendi\u201d e kishte deshmuar me kohe edhe me nderimet qe i kishte bere autores me promovimin e meparshem. Lajmeroj ardhjen edhe Kosulli i Nderit Ekrem Bardha, pronari i ACTV Albert Spahi, aktori Ben Dervishi, aktori dhe poeti Ylli Cela, pronari iAlbdreams.TvV Rush Dragu, shkrimtari Lulash Palushaj, veprimtari Luigj Gjokaj, kengetarja Flutura Gjonaj, poetja Vjollca Keqi, gazetari nga Lezha, Gjovalin Gjeloshaj\u2026pra ishin Jug-very, dashamires te letersise dhe Revistes \u201cKuvendi\u201d, poetja Elinda Marku, e bija Mara dhe profesoresha e letersise Albina Palushaj, mjeshtri i fotografise Paulin Palushaj, te gjithe ishin hedhur ne veprim si per te pritur nje nuse, nusen e fjales poetike. Kishte mberritur edhe Ervis Xholi me ipenjim dhe Albert Arapi lexues i rregullt i librave te ndryshem dhe aktivist e veprimatrive sportive. <\/p>\n\n\n\n<figure class=\"wp-block-image\"><img loading=\"lazy\" decoding=\"async\" width=\"640\" height=\"294\" src=\"https:\/\/revistakuvendi.org\/wp-content\/uploads\/2021\/11\/enkelejda1-1.jpg\" alt=\"\" class=\"wp-image-9436\" srcset=\"https:\/\/revistakuvendi.org\/wp-content\/uploads\/2021\/11\/enkelejda1-1.jpg 640w, https:\/\/revistakuvendi.org\/wp-content\/uploads\/2021\/11\/enkelejda1-1-300x138.jpg 300w\" sizes=\"auto, (max-width: 640px) 100vw, 640px\" \/><\/figure>\n\n\n\n<p>Kryetari i \u201cKuvendit\u201d, Pjeter Jaku u uroi mireseardhjen autores dhe pjesmarresve. Ai nder te tjera tha, se kjo nate eshte nata e respektit ndaj Ekleledes, qe ka ardhur nga Franca, si dhe here te tjera, ta promovoje librin e saj ne Detroit. Ajo eshte e lidhur ngusht me stafin e resvistes dhe gjithmone ka botuar tek ne. Libri i saj ka vlera poetike dhe eshte i kendshem per tu lexuar ndaj jemi krenar te themi se me libra te tille vepritaria jone eshte nje feste, pra nje feste e bukur. Ju jam mirenjohs te gjitheve dhe atyre qe kane ardhur per kete nate, sidomos ato nga Maliqi nga vjen autorja, qe kurr edhe me poezi nuk e harron vendlindjen. Nder te tjera Pjetri theksoi, se libri fitoi ne 2020-ten \u00e7mimin e pare ne Konkursin e Diteve te Letersise, ndaj ishte detyrimi yne, t\u2019ia botonim me shpenzimet tona, ashtu si\u00e7 behet per \u00e7mimet e para prej vitesh.Gjithashtu, ai falenderoi e mikun e Kuvendit, Konsullin e Nderit Ekrem Bardha, Mediat pjesemarrese ne aktivitetet e Kuvendit, si dhe disa personalitet te kultures e fjales artistike qendodheshin te pranishem.<\/p>\n\n\n\n<p>Elona Delo tha: \u201cSot ne promovimin e librit te Enkelejda Kondi, jam shumekrenare per poeten e qytetit tone,e cila me poezite e saj na ngrohu zemrat ne keto dite te ftohta te fundvjeshtes. Kenaqesi te harroje per disa ore punet, problemet, nxitimin qe kemi cdo dite, dhe te ndaleshim tek poezia, tek ajo e cila Ledi ,duke prekur tema te ndryshme na beri te kuptojme se jemi njerez e jo robote, se akoma kemi ndjenja e nuk jemi ashtu si\u00e7 dukemi ; te ngurte; \u00a0te forte,te akullt. Nje falenderim per gjithe miqte qe ishin te pranishem dhe e kthyen kete takim ne sukses, dhe organizatoreve te Kuvendit Pjeter Jaku, Elinda Marku dhe Zef Pergega. <\/p>\n\n\n\n<p>Elinda Marku nga ana e saj shprehu konsideratat e saj per poezine e Enkelejdes dhe se ajo e njihte nga afer rrugetimin e saj poetik, duke ardhur tek lexuesit me nje cilesi ne rritje. Ajo shprehu mirenjohje te ambel per ata shqiptare me origjine nga jugu, qe pati rastin ti njihtje ne kete mbremje poetike. Gjithashtu, ajo shrehu kenaqesine qe aktiviteti i Kuvendit solli ne kete takim Konsullin e Nderit Ekrem Bardhen, qe sipas i pr\u00eat me kenaqesi aktivitetet kulturore!<\/p>\n\n\n\n<p>Ekrem Bardha: \u201cNdjehem i priviligjuar qe marr pjese ne kete takim poetik teorganizuar nga Revista Kuvendi. Falenderoj per fjalet e bukura qe shprehen Pjetri, Elinda dhe Zefi dhe kjo tregon se letraret jane njerez te dashur qe e duan kombin, traditen dhe Shqierine tone. Ne duhet tu qendrojme me afer atyre dhe kete do ta bejme realitet ne menyre qe te kemi vepra me te bukura ne letersi!\u201d<\/p>\n\n\n\n<p>Klement Bardhi: \u201cMirenjohje Revistes Kuvendi, Pjetrit dhe Elindes, respekt Z.Pergeges qe me profesionalizmin dhe talentin e tij letrar, me nota plot drite e vlersoj librin e Enkledes. Ne shprehim kenaqesine se, edhe here te tjera kemi ndjekur veprimtarite letrare te krijuesve te Detroitit dhe kjo nate qe nje deshmi tjeter qe na la mbresa te pashlyeme!\u201d<\/p>\n\n\n\n<p>Aktivitetin e pershendeti edhe Prel Popa \u201c123Albania\u201d Luigj Gjoka foli me konsiderate per autoren dhe lexoi nje poezi nga libri i saj i fundit. Ylli Cela, poet ,recitoi dy poezi nga libri \u201cBoten ta prek\u201d Po ashtu, dhe aktori Ben Dervishi recitoipoezi te zgjedhura te autores. Ben Spahiu, Ylli Cela dhe Ben Dervishi kenduan kenge me kitare.<\/p>\n\n\n\n<figure class=\"wp-block-image\"><img loading=\"lazy\" decoding=\"async\" width=\"440\" height=\"440\" src=\"https:\/\/revistakuvendi.org\/wp-content\/uploads\/2021\/11\/enkeljeda3.jpg\" alt=\"\" class=\"wp-image-9437\" srcset=\"https:\/\/revistakuvendi.org\/wp-content\/uploads\/2021\/11\/enkeljeda3.jpg 440w, https:\/\/revistakuvendi.org\/wp-content\/uploads\/2021\/11\/enkeljeda3-150x150.jpg 150w, https:\/\/revistakuvendi.org\/wp-content\/uploads\/2021\/11\/enkeljeda3-300x300.jpg 300w, https:\/\/revistakuvendi.org\/wp-content\/uploads\/2021\/11\/enkeljeda3-50x50.jpg 50w\" sizes=\"auto, (max-width: 440px) 100vw, 440px\" \/><\/figure>\n\n\n\n<p>Enkelejda Kondi: \u201c Gjith\u00e7ka ishte perfekt !P\u00ebrgjat\u00eb gjith\u00eb mbr\u00ebmjes m\u00ebshoq\u00ebruan emocionet e mira, malli tek shihja e takoja njer\u00ebz nga vendlindja q\u00eb kisha koh\u00eb pa i par\u00eb, nd\u00ebrsa rrecitoheshin poezit\u00eb e mia me shum\u00eb dashuri.Ajo mbr\u00ebmje ishte e imja, e juaja, e t\u00eb gjith\u00ebve s\u00eb bashku! Ajo mbr\u00ebmje do t\u00eb mbetet e paharruar n\u00eb mendjen dhe zemr\u00ebn time! Faleminderit Pjet\u00ebr&amp;Elinda! Jini t\u00eb mrekulluesh\u00ebm, ju dua shum\u00eb! Elona Delo, faleminderit p\u00ebr gjith\u00e7ka t\u00eb jam mir\u00ebnjoh\u00ebse p\u00ebr pregatitjen e k\u00ebsaj mbr\u00ebmje me shum\u00eb fines\u00eb .Faleminderit t\u00eb gjith\u00eb bashk\u00ebqytetar\u00ebve t\u00eb mi q\u00eb ishin me mua k\u00ebt\u00eb mbr\u00ebmje.Konsullit t\u00eb nderit z.Ekrem Bardha, Arben Dervishi etj etj, TV-se q\u00eb filmoi gjith\u00eb aktivitetin. N\u00eb ve\u00e7anti supriza e mbr\u00ebmjes shok\u00ebt e mi t\u00eb Universitetit, \u00e7iftin e bashk\u00ebshort\u00ebve Adrian\u00ebn dhe Gentin\u2026.Faleminderit Dhora Dajko Shkembi, e cila ishte me ne e pranishme me rrecitimin e poezis\u00eb sime,\u201d Bot\u00ebn ta prek\u201d, t\u00eb cil\u00ebn n\u00eb sall\u00eb mund\u00ebm ta d\u00ebgjonim nga YouTube.Ishte ky edhe nj\u00eb tjet\u00ebr moment emocionus.<\/p>\n\n\n\n<p>Ishin kaq shum\u00eb momente t\u00eb bukura , sa nuk do ti harroj kurr\u00eb e do t\u00eb m\u00ebshoq\u00ebrojn\u00eb n\u00eb kthimin tim n\u00eb France\u2026Faleminderit shum\u00eb z. Zef Pergega! Respekt p\u00ebr k\u00ebt\u00eb vler\u00ebsim q\u00eb i kini b\u00ebr\u00eb poezis\u00eb sime tek libri i fundit me poezi \u00ab Bot\u00ebn pa prek \u00bb, por edhe mua si Enkelejd\u00eb! Mir\u00ebnjohje!P\u00ebrqafime miq, ju dua!<\/p>\n\n\n\n<p>Aktivitetin e percolli ACTV me president Albert Spahi.<\/p>\n\n\n\n<figure class=\"wp-block-image\"><img loading=\"lazy\" decoding=\"async\" width=\"121\" height=\"160\" src=\"http:\/\/revistakuvendi.org\/wp-content\/uploads\/2021\/05\/Zef-Pergega-1-2.png\" alt=\"\" class=\"wp-image-9065\"\/><\/figure>\n\n\n\n<p><strong>\u2026Fjala e Zef Pergeges<\/strong><\/p>\n\n\n\n<p><em>\u2026refleksion meditativ, rreth librit\npoetik te Enkelejda Kondit Masseboeuf \u201cBoten ta prek\u201d<\/em><\/p>\n\n\n\n<p>&nbsp;&nbsp;&nbsp;&nbsp;&nbsp;&nbsp;&nbsp;&nbsp;&nbsp;&nbsp;&nbsp; Nd\u0451rkoh\u0451, q\u0451 kriza p\u0451r lexues, ka\n\u201cngrit\u201d kryet, prej shkum\u0451s s\u0451 ideologjive dhe furtun\u0451s globaliste, e cila me\n\u00e7do kusht k\u0451rkon m\u0451 e vesh fjalen me kombinoshe, me an\u0451 t\u0451 forc\u0451s dhe kostumit\nt\u0451 drunjt\u0451 t\u0451 frik\u0451s, q\u0451 fatkeq\u0451sisht e provuan si dhimbje n\u0451 l\u0451kur\u0451n e tyre\nshkrimtar\u0451t e braktisur nga vendi, me dhun\u0451, t\u0451 tmerruem nga rr\u0451beshi i kuq, q\u0451\npo vinte si llav\u0451 vulkani, vjedh bash prej diellit me frym\u0451n e Luciferrit, u\nstruk\u0451n n\u0451 k\u0451ndin e vet t\u0451 vetmis\u0451 dhe krijuan,&nbsp;\np\u0451r t\u0451 pritur nj\u0451 dit\u0451 t\u0451 Lume, ku shum\u0451 kush e provoi me vdekje.<\/p>\n\n\n\n<p>&nbsp;&nbsp;&nbsp;&nbsp;&nbsp;&nbsp; Edhe pse kaluan 30 vjet, si nj\u0451 rrjedhje\ne ndotur, ende fjala noton n\u0451 pellgje t\u0451 ndenjura t\u0451 lagunave politike, duke\npromovuar vet\u0451m realizmin socialist. Mbi k\u0451to fakte t\u0451 njohura dhe t\u0451 mbytura\nn\u0451 heshtje e hije t\u0451 r\u0451nda n\u0451n\u00e7mimi e struktura&nbsp;\ninstitucionale, duket se let\u0451rsia dhe poezia n\u0451 diaspor\u0451 \u0451sht\u0451 m\u0451 e\n\u00e7liruar nga k\u0451to pranga, por jo nga dangat. Njer\u0451zit zgjohen nga andrrat e\nbot\u0451s s\u0451 pengut dhe gjakut n\u0451 litar\u0451, vetem se donin atdheun e fene, n\u0451se poeti\ni sot\u0451m, e sidomos ai ne bot\u0451n e lir\u0451 me forc\u0451n e vargut te vet e \u00e7on lexuesin\npezull, nga kallot e kafeneve, smogut q\u0451 tymos shpresen dhe t\u0451 ardhemen!<\/p>\n\n\n\n<p>&nbsp;&nbsp;&nbsp;&nbsp; Poezia e Enkledes, pra vargu i saj q\u0451\nplazmohet nga poezia n\u0451 poezi e, ndalet n\u0451 dig\u0451n e vet, t\u0451 marr\u0451 en\u0451rgji nga\ndrita e diellit metaforik, pasi \u0451sht\u0451 p\u0451rplasur udh\u0451ve t\u0451 anktheve t\u0451 gjata,\nduke i mbajtur syt\u0451 gjithmon\u0451 nga pragu ku u nis, nga zajarri q\u0451 e la ndezur\nmbi nj\u0451 gur, nga folku i tradit\u0451s si shpirti krijues i nj\u0451 kombi\u2026e prek edhe\nhanen, q\u0451 p\u0451r tu b\u0451r\u0451 e plot\u0451, han vet\u0451n me dhamb\u0451t e \u0451rr\u0451sir\u0451s e, vijn\u0451 ret\u0451\nt\u2019u ju grind me mjegullat e rrufet\u0451 p\u0451r pushtet, sa shpesh shikojn\u0451 grimca\nyjesh t\u0451 thyer p\u0451r t\u0451 na dhuruar pak drit\u0451 edhe pse neve na duken t\u0451 vegjel,\nata kurr\u0451 nuk u ankuan se poetet me ta i lajn\u0451 syt\u0451 e udh\u0451s,&nbsp; m\u0451 e fitue p\u0451rs\u0451ri bregun e mallit ton\u0451.<\/p>\n\n\n\n<p>&nbsp;&nbsp;&nbsp;&nbsp;&nbsp; &nbsp;&nbsp;&nbsp;&nbsp;&nbsp;Poezia \u0451sht\u0451 art. E me te krijuesi, prej\nduarve t\u0451 baltes s\u0451 vet, ka si q\u0451llim, s\u0451pari bukurin\u0451 e pastaj ta frymoj\u0451 q\u0451\nt\u0451 ngjallet. E kam njohur Enkeleden n\u0451p\u0451rnjet poezive te botuara tek \u201cKuvendi\u201d\nsi nj\u0451 detyrim i k\u0451ndsh\u0451m q\u0451 t\u0451 ua lexojm\u0451 poezit\u0451 banor\u0451ve t\u0451 k\u0451saj reviste,\ndhe t\u0451 tjer\u0451 dashamir\u0451s t\u0451 Dit\u0451ve t\u0451 Let\u0451rsis\u0451 me nj\u0451 mosh\u0451 sa ikja jon\u0451.<\/p>\n\n\n\n<p>&nbsp;&nbsp;&nbsp;&nbsp;&nbsp;&nbsp;&nbsp; Libri i poet\u0451s q\u0451 mori \u00e7mimin e par\u0451\n\u201cBot\u0451n ta prek\u201d ka 50 poezi. T\u0451 ngjajn\u0451 si nj\u0451 ndrojtje,&nbsp; kur e zgjat dor\u0451n mbi zjarr, e zjarri\ndjeg,&nbsp; k\u0451shtu \u0451sht\u0451 edhe zjarri poetik i\nk\u0451saj poeteje q\u0451 vjen nga Parisi i vlerave t\u0451 p\u0451rbotshme. N\u0451 mendimin tim,\nvargu i Enkeledes \u0451sht\u0451 melankolik e duket sikur ecen n\u0451 vale te qeta, por\nthell\u0451sia e detit e din sa t\u0451 forte e ka plag\u0451n e kthimit. Poezia e saj vjen tek\nlexuesi si nj\u0451 tuf\u0451 korilash, q\u0451 fluturojne n\u0451 r\u0451nd drejt \u00e7erdhes s\u0451 vet, n\u0451\n\u00e7astin kur buz\u0451t e t\u0451 dashuruarve shkrihen n\u0451 nj\u0451 melodi pasioni. As na t\u0451rbuan\nn\u0451 k\u0451t\u0451 nisje shekulli?! Si na humbi dielli?! E k\u0451rkojn\u0451 me ngulm vargjet e\npoetes, q\u0451 gulfojn\u0451 me nj\u0451 ofshame si muri q\u0451 sh\u0451mb\u0451t.<\/p>\n\n\n\n<p>&nbsp;&nbsp;&nbsp;&nbsp;&nbsp;&nbsp;&nbsp;&nbsp;&nbsp;&nbsp;&nbsp; Edhe kthimi \u0451sht\u0451 i friksh\u0451m, por\npoetja ka vendosur, q\u0451 zemr\u0451n ta zbraz\u0451 n\u0451 dekore dritash, dhe jet\u0451n do ta\nfalte vet\u0451m p\u0451r kujtimin e asaj dit\u0451 vjeshte, q\u0451 nuk iu zverdh\u0451n gjethet.\nPoetja eshte kthyer me nj\u0451 tufe trendafilash me nj\u0451 buqet\u0451 me 50 t\u0451 tilla, me\nngjyra t\u0451 ve\u00e7anta, q\u0451 kan\u0451 nj\u0451 brendi, dashurin\u0451 dhe kujtimin, pa t\u0451 cilat nuk\nmund ta rib\u0451sh nj\u0451 qiell t\u0451 lir\u0451, pa u shkri n\u0451 vajin e salvimit, p\u0451r tu zgjuar\nme kurajo e besim, me lutjen e nj\u0451 flake qiriu, m\u0451 i shkri hekurat e burgut ku\nna futen, me e transformue nga e para deri ne gjak vet\u0451n, n\u0451se mundemi ti\nshpetojm\u0451 \u00e7menduris\u0451, q\u0451 t\u0451 p\u0451rflakemi qiellit ton\u0451 si fitimtar. Mir\u0451se erdhe\nn\u0451 mes nesh dhe urime n\u0451 t\u0451 ardhmen!<\/p>\n\n\n\n<p><strong> \u00a0\u00a0 Detroit, 13 nendor 2021<\/strong><\/p>\n","protected":false},"excerpt":{"rendered":"<p>Zef Pergega Nje ngjarje kuptimplote ne fushn e poezise dhe te leterise, qe promovimi i librit teshqiptaro-francezes Ekejeda Kondi, \u201cBoten ta prek\u201d, libri i shtate i kesaj autoreje.Ishim te impenjuar per ta kurorezuar kete aktivitet, i cili vinte fill pas Diteve te Letersise dhe 150 vjetorit te lindjes se Fishtes. Donim ne kete fryme perbashkuese&hellip;<\/p>\n","protected":false},"author":1,"featured_media":9434,"comment_status":"open","ping_status":"open","sticky":false,"template":"","format":"standard","meta":{"footnotes":""},"categories":[5],"tags":[],"class_list":["post-9433","post","type-post","status-publish","format-standard","has-post-thumbnail","hentry","category-letersi"],"_links":{"self":[{"href":"https:\/\/revistakuvendi.org\/index.php?rest_route=\/wp\/v2\/posts\/9433","targetHints":{"allow":["GET"]}}],"collection":[{"href":"https:\/\/revistakuvendi.org\/index.php?rest_route=\/wp\/v2\/posts"}],"about":[{"href":"https:\/\/revistakuvendi.org\/index.php?rest_route=\/wp\/v2\/types\/post"}],"author":[{"embeddable":true,"href":"https:\/\/revistakuvendi.org\/index.php?rest_route=\/wp\/v2\/users\/1"}],"replies":[{"embeddable":true,"href":"https:\/\/revistakuvendi.org\/index.php?rest_route=%2Fwp%2Fv2%2Fcomments&post=9433"}],"version-history":[{"count":1,"href":"https:\/\/revistakuvendi.org\/index.php?rest_route=\/wp\/v2\/posts\/9433\/revisions"}],"predecessor-version":[{"id":9438,"href":"https:\/\/revistakuvendi.org\/index.php?rest_route=\/wp\/v2\/posts\/9433\/revisions\/9438"}],"wp:featuredmedia":[{"embeddable":true,"href":"https:\/\/revistakuvendi.org\/index.php?rest_route=\/wp\/v2\/media\/9434"}],"wp:attachment":[{"href":"https:\/\/revistakuvendi.org\/index.php?rest_route=%2Fwp%2Fv2%2Fmedia&parent=9433"}],"wp:term":[{"taxonomy":"category","embeddable":true,"href":"https:\/\/revistakuvendi.org\/index.php?rest_route=%2Fwp%2Fv2%2Fcategories&post=9433"},{"taxonomy":"post_tag","embeddable":true,"href":"https:\/\/revistakuvendi.org\/index.php?rest_route=%2Fwp%2Fv2%2Ftags&post=9433"}],"curies":[{"name":"wp","href":"https:\/\/api.w.org\/{rel}","templated":true}]}}