{"id":9424,"date":"2021-11-06T21:12:14","date_gmt":"2021-11-06T21:12:14","guid":{"rendered":"http:\/\/revistakuvendi.org\/?p=9424"},"modified":"2021-11-06T21:12:14","modified_gmt":"2021-11-06T21:12:14","slug":"poezi-nga-razije-hoxha","status":"publish","type":"post","link":"https:\/\/revistakuvendi.org\/?p=9424","title":{"rendered":"POEZI NGA RAZIJE HOXHA"},"content":{"rendered":"\n<figure class=\"wp-block-image\"><img loading=\"lazy\" decoding=\"async\" width=\"140\" height=\"213\" src=\"https:\/\/revistakuvendi.org\/wp-content\/uploads\/2021\/11\/razije-hoxha-2.jpg\" alt=\"\" class=\"wp-image-9425\"\/><\/figure>\n\n\n<p>DIMRI I ATDHEUT    <\/p>\n<p>T\u00eb jam kapur fort pas rr\u00ebnj\u00ebsh,<br \/>\natdheu im prej lisi.<br \/>\nPrej trungu, t\u00eb jam mb\u00ebrthyer<br \/>\nme kthetrat e d\u00ebshp\u00ebrimit,<br \/>\nprej deg\u00ebsh.<br \/>\nE mbahem fort!<br \/>\nS&#8217;dua t\u00eb t\u00eb l\u00eb!<br \/>\nSi nj\u00eb foshje,<br \/>\nt\u00eb jam varur n\u00eb gryk\u00eb.<br \/>\nSi nj\u00eb zog i d\u00ebshp\u00ebruar,<br \/>\ndim\u00ebroj fatin t\u00ebnd t\u00eb ashp\u00ebr!<br \/>\nMos m\u00eb l\u00ebr t\u00eb shkoj.<br \/>\nFoleja ime, nd\u00ebrtuar<br \/>\nprej \u00ebndrrash t\u00eb p\u00ebrket ty.<br \/>\nKrenaria ime,<br \/>\nvargjet e mia, jan\u00eb p\u00ebr ty.<br \/>\nEdhe hapat e mi, z\u00ebri im,<br \/>\nbuz\u00ebqeshja ime,<br \/>\nedhe eshtrat e mia nj\u00eb dit\u00eb,<br \/>\nduan t\u00eb t\u00eb falen ty!<br \/>\nOh, mos m\u00eb l\u00ebr t\u00eb shkoj!<br \/>\nEdhe n\u00ebse dimri yt,<br \/>\nshum\u00eb do t\u00eb zgjas\u00eb.<br \/>\nEdhe n\u00ebse pranvera,<br \/>\nshum\u00eb do vonoj\u00eb. <\/p>\n<p>NJERIU I PASTREHE <\/p>\n<p>Qendro aty, statuje e pafaj\u00ebsis\u00eb!<br \/>\nD\u00ebshmi e egoizmit t\u00eb k\u00ebsaj bote mizore.<br \/>\nSa her\u00eb ta mbyllen der\u00ebn,<br \/>\nsikur t\u00eb ishe armiku, era.<br \/>\nP\u00ebrcilli mbi kurrizin t\u00ebnd,<br \/>\nhidh\u00ebrimin e dimrave,<br \/>\ndufin e shirave t\u00eb vjesht\u00ebrave,<br \/>\np\u00ebrd\u00ebllimin e zhegut te ver\u00ebs.<br \/>\nT\u00eb dridhurat, l\u00ebngimet,<br \/>\npsher\u00ebtimat e tua, m&#8217;i jep t&#8217;i bej vargje,<br \/>\nt&#8217;i l\u00eb p\u00ebr koh\u00ebn si d\u00ebshmi.<br \/>\nSe n\u00eb koh\u00ebn ton\u00eb.<br \/>\nStrehohet nj\u00eb qen,<br \/>\ndhe lihet n\u00eb rrug\u00eb nj\u00eb njeri.<br \/>\nQ\u00ebndro aty!<br \/>\nStatuje e pafajshme e varf\u00ebris\u00eb.<br \/>\nTeksa n\u00eb an\u00ebn tjet\u00ebr t\u00eb trotuarit,<br \/>\nvall\u00ebzon luksi, mbi makinat luksoze,<br \/>\nkostumet e shtrenjta,<br \/>\nbizhut\u00eb e shndritshme, tatuazhet.<br \/>\nQ\u00ebndro aty! Derisa t\u00eb b\u00ebhesh hero.<br \/>\nDerisa t\u00eb b\u00ebhesh drit\u00eb.<br \/>\nSe ndoshta pas teje,<br \/>\nk\u00ebsaj bote t\u00eb verb\u00ebr i vijn\u00eb syt\u00eb.<\/p>\n<p>PYLLI I MAGJEPSUR <\/p>\n<p>Eja, o i diellt\u00eb,eja!<br \/>\nShkelmi shtigjet e fshehta,<br \/>\nmua, pyllit t\u00ebnd t\u00eb magjepsur pas teje.<br \/>\nMbushma gjoksin, me zogj pranvere.<br \/>\nBleroma shpirtin.<br \/>\nQ\u00eb larg d\u00ebgjohen gurgullimat<br \/>\ne kujtimeve, t\u00eb tua.<br \/>\nE pa pushtuar jam!<br \/>\nE pa sunduar!<br \/>\nVet\u00ebm ty t\u00eb pres,<br \/>\nme syt\u00eb nga rruga.<br \/>\nQ\u00eb mij\u00ebra vite, dremis<br \/>\nn\u00ebn k\u00ebng\u00ebn e m\u00ebrzitshme t\u00eb bulkthave.<br \/>\nMe duhet ti d\u00ebgjoj hapat e tua,e t\u00eb zgjohem.<br \/>\nUn\u00eb pylli yt, i magjepsur!<br \/>\nEja, o i diellt\u00eb, eja!<br \/>\nP\u00ebrndritm\u00eb, pra!<\/p>\n","protected":false},"excerpt":{"rendered":"","protected":false},"author":1,"featured_media":9425,"comment_status":"open","ping_status":"open","sticky":false,"template":"","format":"standard","meta":{"footnotes":""},"categories":[7],"tags":[],"class_list":["post-9424","post","type-post","status-publish","format-standard","has-post-thumbnail","hentry","category-poezi"],"_links":{"self":[{"href":"https:\/\/revistakuvendi.org\/index.php?rest_route=\/wp\/v2\/posts\/9424","targetHints":{"allow":["GET"]}}],"collection":[{"href":"https:\/\/revistakuvendi.org\/index.php?rest_route=\/wp\/v2\/posts"}],"about":[{"href":"https:\/\/revistakuvendi.org\/index.php?rest_route=\/wp\/v2\/types\/post"}],"author":[{"embeddable":true,"href":"https:\/\/revistakuvendi.org\/index.php?rest_route=\/wp\/v2\/users\/1"}],"replies":[{"embeddable":true,"href":"https:\/\/revistakuvendi.org\/index.php?rest_route=%2Fwp%2Fv2%2Fcomments&post=9424"}],"version-history":[{"count":1,"href":"https:\/\/revistakuvendi.org\/index.php?rest_route=\/wp\/v2\/posts\/9424\/revisions"}],"predecessor-version":[{"id":9426,"href":"https:\/\/revistakuvendi.org\/index.php?rest_route=\/wp\/v2\/posts\/9424\/revisions\/9426"}],"wp:featuredmedia":[{"embeddable":true,"href":"https:\/\/revistakuvendi.org\/index.php?rest_route=\/wp\/v2\/media\/9425"}],"wp:attachment":[{"href":"https:\/\/revistakuvendi.org\/index.php?rest_route=%2Fwp%2Fv2%2Fmedia&parent=9424"}],"wp:term":[{"taxonomy":"category","embeddable":true,"href":"https:\/\/revistakuvendi.org\/index.php?rest_route=%2Fwp%2Fv2%2Fcategories&post=9424"},{"taxonomy":"post_tag","embeddable":true,"href":"https:\/\/revistakuvendi.org\/index.php?rest_route=%2Fwp%2Fv2%2Ftags&post=9424"}],"curies":[{"name":"wp","href":"https:\/\/api.w.org\/{rel}","templated":true}]}}