{"id":9379,"date":"2021-10-13T01:23:19","date_gmt":"2021-10-13T01:23:19","guid":{"rendered":"http:\/\/revistakuvendi.org\/?p=9379"},"modified":"2021-10-13T01:23:19","modified_gmt":"2021-10-13T01:23:19","slug":"cmimet-e-konkursit-per-ditet-e-letersise-ne-amerike","status":"publish","type":"post","link":"https:\/\/revistakuvendi.org\/?p=9379","title":{"rendered":"\u00c7MIMET E KONKURSIT  PER DITET E LETERSISE NE AMERIKE"},"content":{"rendered":"\n<figure class=\"wp-block-image\"><img loading=\"lazy\" decoding=\"async\" width=\"160\" height=\"158\" src=\"http:\/\/revistakuvendi.org\/wp-content\/uploads\/2019\/08\/pena1.jpg\" alt=\"\" class=\"wp-image-7841\" srcset=\"https:\/\/revistakuvendi.org\/wp-content\/uploads\/2019\/08\/pena1.jpg 160w, https:\/\/revistakuvendi.org\/wp-content\/uploads\/2019\/08\/pena1-50x50.jpg 50w\" sizes=\"auto, (max-width: 160px) 100vw, 160px\" \/><\/figure>\n\n\n\n<p><strong>Poezi:<\/strong><strong><\/strong><\/p>\n\n\n\n<p>\u00c7mimi i pare&nbsp;\n<\/p>\n\n\n\n<p>\u00c7mimi \u201cGjergj Fishta\u201d&nbsp;&nbsp;&nbsp;&nbsp;&nbsp; <\/p>\n\n\n\n<p>\u00c7mimi \u201c Migjeni\u201d&nbsp; <\/p>\n\n\n\n<p><strong>Proz\u00eb:<\/strong><strong><\/strong><\/p>\n\n\n\n<p>\u00c7mimi i pare&nbsp;&nbsp;\n<\/p>\n\n\n\n<p>\u00c7mimi \u201c Petro Marko\u201d&nbsp;&nbsp;&nbsp;&nbsp;&nbsp;&nbsp; <\/p>\n\n\n\n<p>\u00c7mimi \u201c Anton Pashku\u201d&nbsp;&nbsp;&nbsp;&nbsp;&nbsp; <\/p>\n\n\n\n<p><strong>Publicistik\u00eb:<\/strong><\/p>\n\n\n\n<p>\u00c7mimi i pare&nbsp;&nbsp;&nbsp;&nbsp;&nbsp; <\/p>\n\n\n\n<p>\u00c7mimi \u201c Faik Konica\u201d&nbsp;&nbsp;&nbsp;&nbsp;&nbsp; <\/p>\n\n\n\n<p>\u00c7mimi \u201c Arshi Pipa\u201d&nbsp;&nbsp; <\/p>\n\n\n\n<p><strong>P\u00ebrkthime dhe let\u00ebrsi shkencore:<\/strong><\/p>\n\n\n\n<p>\u00c7mimi \u201c Betim Mu\u00e7o\u201d<\/p>\n","protected":false},"excerpt":{"rendered":"<p>Poezi: \u00c7mimi i pare&nbsp; \u00c7mimi \u201cGjergj Fishta\u201d&nbsp;&nbsp;&nbsp;&nbsp;&nbsp; \u00c7mimi \u201c Migjeni\u201d&nbsp; Proz\u00eb: \u00c7mimi i pare&nbsp;&nbsp; \u00c7mimi \u201c Petro Marko\u201d&nbsp;&nbsp;&nbsp;&nbsp;&nbsp;&nbsp; \u00c7mimi \u201c Anton Pashku\u201d&nbsp;&nbsp;&nbsp;&nbsp;&nbsp; Publicistik\u00eb: \u00c7mimi i pare&nbsp;&nbsp;&nbsp;&nbsp;&nbsp; \u00c7mimi \u201c Faik Konica\u201d&nbsp;&nbsp;&nbsp;&nbsp;&nbsp; \u00c7mimi \u201c Arshi Pipa\u201d&nbsp;&nbsp; P\u00ebrkthime dhe let\u00ebrsi shkencore: \u00c7mimi \u201c Betim Mu\u00e7o\u201d<\/p>\n","protected":false},"author":1,"featured_media":7841,"comment_status":"open","ping_status":"open","sticky":false,"template":"","format":"standard","meta":{"footnotes":""},"categories":[5],"tags":[],"class_list":["post-9379","post","type-post","status-publish","format-standard","has-post-thumbnail","hentry","category-letersi"],"_links":{"self":[{"href":"https:\/\/revistakuvendi.org\/index.php?rest_route=\/wp\/v2\/posts\/9379","targetHints":{"allow":["GET"]}}],"collection":[{"href":"https:\/\/revistakuvendi.org\/index.php?rest_route=\/wp\/v2\/posts"}],"about":[{"href":"https:\/\/revistakuvendi.org\/index.php?rest_route=\/wp\/v2\/types\/post"}],"author":[{"embeddable":true,"href":"https:\/\/revistakuvendi.org\/index.php?rest_route=\/wp\/v2\/users\/1"}],"replies":[{"embeddable":true,"href":"https:\/\/revistakuvendi.org\/index.php?rest_route=%2Fwp%2Fv2%2Fcomments&post=9379"}],"version-history":[{"count":1,"href":"https:\/\/revistakuvendi.org\/index.php?rest_route=\/wp\/v2\/posts\/9379\/revisions"}],"predecessor-version":[{"id":9380,"href":"https:\/\/revistakuvendi.org\/index.php?rest_route=\/wp\/v2\/posts\/9379\/revisions\/9380"}],"wp:featuredmedia":[{"embeddable":true,"href":"https:\/\/revistakuvendi.org\/index.php?rest_route=\/wp\/v2\/media\/7841"}],"wp:attachment":[{"href":"https:\/\/revistakuvendi.org\/index.php?rest_route=%2Fwp%2Fv2%2Fmedia&parent=9379"}],"wp:term":[{"taxonomy":"category","embeddable":true,"href":"https:\/\/revistakuvendi.org\/index.php?rest_route=%2Fwp%2Fv2%2Fcategories&post=9379"},{"taxonomy":"post_tag","embeddable":true,"href":"https:\/\/revistakuvendi.org\/index.php?rest_route=%2Fwp%2Fv2%2Ftags&post=9379"}],"curies":[{"name":"wp","href":"https:\/\/api.w.org\/{rel}","templated":true}]}}