{"id":9371,"date":"2021-10-10T21:58:27","date_gmt":"2021-10-10T21:58:27","guid":{"rendered":"http:\/\/revistakuvendi.org\/?p=9371"},"modified":"2021-10-10T21:58:27","modified_gmt":"2021-10-10T21:58:27","slug":"poezi-nga-teuta-beqari-osmani","status":"publish","type":"post","link":"https:\/\/revistakuvendi.org\/?p=9371","title":{"rendered":"Poezi nga Teuta Beqari Osmani"},"content":{"rendered":"\n<figure class=\"wp-block-image\"><img loading=\"lazy\" decoding=\"async\" width=\"140\" height=\"177\" src=\"https:\/\/revistakuvendi.org\/wp-content\/uploads\/2021\/10\/Teuta-Beqari-Osmani-2.jpg\" alt=\"\" class=\"wp-image-9372\"\/><\/figure>\n\n\n\n<p>PER KONKURS<\/p>\n\n\n<p>ENDE<\/p>\n<p>Ende s&#8217;\u00ebsht\u00eb von\u00eb p\u00ebr rim\u00ebn e marr n\u00eb k\u00ebng\u00ebt e zogjve<br \/>\np\u00ebr stin\u00ebn e bukur t\u00eb vitit, p\u00ebr er\u00ebn e ngroht\u00eb t\u00eb flladeve.<br \/>\nEnde s&#8217;\u00ebsht\u00eb vone t\u00eb hedhim syt\u00eb<br \/>\nnga ret\u00eb e ngadalta n\u00eb koh\u00ebn e tyre,<br \/>\nq\u00eb duken, sikur ecim edhe ne me ritmin prej natyre,<br \/>\nderi sa t\u00eb arrijn\u00eb n\u00eb at\u00eb motin e bukur ,<br \/>\nn\u00eb vendin e duhur,<br \/>\nn\u00eb \u00e7aste kur \u00ebsht\u00eb shkrojtur si nj\u00eb bib\u00ebl<br \/>\nnga vet koha e fatit ,<br \/>\nnga vet dora e njeriut!<br \/>\nS&#8217;ka ende koh\u00eb t\u00eb presim e t\u00eb rendim,<br \/>\ns&#8217;ka ende mang\u00ebsi p\u00ebr mosh\u00ebn e viteve,<br \/>\nle t\u00eb ikin dhe ato me or\u00ebn e tyre,<br \/>\nle t\u00eb rrim\u00eb me t\u00eb nj\u00ebjt\u00ebn re t\u00eb syve,<br \/>\nkur p\u00ebr vet natyr\u00ebn \u00ebsht\u00eb jeta e jon\u00eb ,<br \/>\ndhe e tyre<br \/>\ne \u00ebndrra \u00ebsht\u00eb akoma n\u00ebn zgjedhjen mbi deg\u00ebt e k\u00ebsaj nate me yje &#8230;!<\/p>\n<p>E pam\u00eb Vjesht\u00ebn\u2026!<\/p>\n<p>E pam\u00eb motin q\u00eb shkoi me zymtsin\u00eb e k\u00ebsaj stine,<br \/>\nKur Dielli ngonj\u00ebher\u00eb kish hyr\u00eb n\u00ebn ret\u00eb provokuese<br \/>\nEdhe pse \u00ebsht\u00eb Vjesht\u00eb, ku n\u00eb \u00e7do koh\u00eb lakmohet m\u00eb shum\u00eb<br \/>\nEdhe at\u00ebher\u00eb, kur Dielli lind e aq sa, kur per\u00ebndon!<\/p>\n<p>E pam\u00eb edhe shiun t\u00eb bjer\u00eb si i paftuar n\u00ebn rreze<br \/>\nEdhe kur mesdit\u00ebs jemi duke \u00ebnd\u00ebrruar pa gjumin e k\u00ebrkuar<br \/>\nE pam\u00eb edhe er\u00ebn, edhe tornadon edhe d\u00ebbor\u00ebn t\u00eb bjer\u00eb<br \/>\nSikur t\u00eb ishin mbledhur t\u00eb gjitha b\u00ebmat e nj\u00eb viti n\u00eb nj\u00eb dit\u00eb!<\/p>\n<p>E pam\u00eb edhe hijen tek ngjitet e zbret shpejt n\u00ebn drit\u00eb<br \/>\nE pam\u00eb, e pam\u00eb e aty ku je ti e k\u00ebtu ku jam un\u00eb<br \/>\nMes gjelb\u00ebrimeve mes fushave mes l\u00ebndinave<br \/>\nKur Vera me ikon\u00ebn e saj ka mbetur akoma n\u00eb preh\u00ebr t\u00eb vjesht\u00ebs!<\/p>\n<p>E pam\u00eb i dashur, e un\u00eb e ti n\u00eb \u00ebndrra e tani mbi eshtra!<br \/>\nTek vozis lulet e gardit tim jeshilll\u00ebk e me ngjyrat e zgjedhura<br \/>\nTek rend e s\u2019pushoj duke v\u00ebzhguar zogjt\u00eb, ketrat, lepujt<br \/>\ne akoma e hijet e l\u00ebna, pas e an\u00ebs, e t\u00ebrthor!<\/p>\n<p>E pam\u00eb Vjesht\u00ebn e vjet e sivjet e mot e p\u00ebrmot<br \/>\nKur nj\u00eb gj\u00eb kam p\u00ebr t\u2019i th\u00ebn\u00eb mes ndryshk\u00ebris\u00eb s\u00eb saj<br \/>\nSe m\u00eb p\u00eblqen kaq shum\u00eb tek mbaj nj\u00eb arom\u00eb ndryshe<br \/>\nMes er\u00ebrave t\u00eb fryra anek\u00ebnd e pa an\u00eb e vend<\/p>\n<p>Si e pap\u00ebrgatitur t\u00eb kujdesem p\u00ebr t\u00eb, si nj\u00eb dashuri!<br \/>\nE pam\u00eb, e kur u dashuruam e shikuam her\u00eb pas here n\u00eb dritare<br \/>\nSe mos nga momenti n\u00eb moment na b\u00ebn ndonj\u00eb surpriz\u00eb<br \/>\nTek gardi jeshil, mbi t\u00eb nj\u00eb shtres\u00eb e bardh\u00eb si mjegull, a si ngric\u00eb (apo d\u00ebbor\u00eb)<br \/>\nKa t\u00eb ngjar\u00eb kjo Vjesht\u00eb t\u00eb jet\u00eb e Ver\u00eb, Pranver\u00eb e Dim\u00ebr, e vetja vet si Vjeeeesht\u00eb!<\/p>\n<p>Nat\u00ebn e b\u00ebra dit\u00eb!<\/p>\n<p>Dit\u00eb , q\u00eb m\u00eb ndrin shpirtin, nderin, fjal\u00ebn, vepr\u00ebn , pun\u00ebn!<br \/>\nQ\u00eb p\u00ebr ju Lider t\u00eb kapel\u00ebs jeshile<br \/>\nQ\u00eb ju nxin fytyra , e syt\u00eb, e dh\u00ebmb\u00ebt t\u00eb rrac\u00ebs q\u00eb ku lindet<br \/>\nQ\u00eb nuk dini se \u00e7&#8217;\u00ebsht\u00eb jeta, lumturia, fjala , vepra e puna<br \/>\nNet jeni v\u00ebn\u00eb kundra<br \/>\nT\u00eb gjith\u00eb me idet\u00eb e f\u00eblliqura tuajat<br \/>\nSepse e shihni H\u00ebn\u00ebn p\u00ebrtej bukuris\u00eb,<br \/>\ne nat\u00ebn<br \/>\nQ\u00eb nj\u00eb \u00ebsht\u00eb p\u00ebr t\u00eb patur zilin\u00eb<br \/>\nE zilia ju mbyti<br \/>\nT\u00eb m\u00eb c&#8217;nderoni<br \/>\nT\u00eb m\u00eb mohoni<br \/>\nT\u00eb m\u00eb degdisni<br \/>\nE megjith\u00ebse m\u00eb njihni<br \/>\nM\u00eb njihni fare mir\u00eb<br \/>\nE kjo ju vret<br \/>\nM\u00eb t\u00eb v\u00ebrtet\u00ebn e syve t\u00eb mija<br \/>\nM\u00eb realitetin e fjal\u00ebve e t\u00eb shpirtit tim<br \/>\nQ\u00eb po ma mundoni<br \/>\nM\u00eb lodhjen maksimale<br \/>\nQ\u00eb nuk m\u00eb arrini dot<br \/>\nN\u00eb sakt\u00ebsi, pun\u00ebn q\u00eb b\u00ebj<br \/>\nShpejt\u00ebsin\u00eb q\u00eb kam n\u00eb linj\u00eb<br \/>\nKorrekt\u00ebsin\u00eb, p\u00ebr sjelljen, p\u00ebr inteligjenc\u00ebn, dhe disiplin\u00ebn q\u00eb mbars brenda venave<br \/>\nBrenda karakterit tim<br \/>\nP\u00ebr pun\u00ebn q\u00eb jam gati t&#8217;ju haj mish t\u00eb gjall\u00eb<br \/>\nP\u00ebr padrejt\u00ebsit\u00eb q\u00eb po m\u00eb b\u00ebni<br \/>\nP\u00ebr tinzarlliqet q\u00eb po m\u00eb kanosni<br \/>\nP\u00ebr gjyqet q\u00eb po jua fitoj sa her\u00eb jeni munduar t\u00eb n\u00eb mposhtni<br \/>\nPrej sinqeritetit dhe nderit tim<br \/>\nDuke i hedhur hi syve p\u00ebrgjegj\u00ebsve<br \/>\nE q\u00eb po humbasin dhe Ata , Ato me ju bashk\u00eb<br \/>\nShpirtliga!<br \/>\nQ\u00eb nuk njihni kultur\u00ebn evropjane<br \/>\nPor as edhe besnik\u00ebrin\u00eb komb\u00ebtare!<br \/>\nJu q\u00eb nuk keni t\u00eb drejt\u00ebn t\u00eb jeni citizentship Amerikane!<br \/>\nUn\u00eb nuk e humbas drejt\u00ebsin\u00eb time.<br \/>\nSikur dhe Zoti t\u00eb m\u00eb thot\u00eb kujdes prej lig\u00ebsis\u00eb s\u00eb tyre!<br \/>\nNdyresira<br \/>\nGra t\u00eb poshtra<br \/>\nSe me burrat gjithmon\u00eb kam m\u00eb shum\u00eb besim e mir\u00ebkuptim<br \/>\nSepse kan\u00eb m\u00eb llogjik<br \/>\nT\u00eb mjerat ju<br \/>\nQ\u00eb nuk m\u00eb njihni<br \/>\nPor, vet\u00ebm n\u00ebp\u00ebr gjyqe e Union ulni kok\u00ebn dhe p\u00ebrkuleni si peshq t\u00eb vegj\u00ebl q\u00eb sa pillen, i ha i madhi.<br \/>\nJu q\u00eb m\u00eb jeni v\u00ebn\u00eb kundra<br \/>\nKundra pa\u00e7i Zotin<br \/>\nJo mua!<\/p>\n\n\n\n<p><\/p>\n\n\n\n<p><\/p>\n","protected":false},"excerpt":{"rendered":"<p>PER KONKURS<\/p>\n","protected":false},"author":1,"featured_media":9372,"comment_status":"open","ping_status":"open","sticky":false,"template":"","format":"standard","meta":{"footnotes":""},"categories":[7],"tags":[],"class_list":["post-9371","post","type-post","status-publish","format-standard","has-post-thumbnail","hentry","category-poezi"],"_links":{"self":[{"href":"https:\/\/revistakuvendi.org\/index.php?rest_route=\/wp\/v2\/posts\/9371","targetHints":{"allow":["GET"]}}],"collection":[{"href":"https:\/\/revistakuvendi.org\/index.php?rest_route=\/wp\/v2\/posts"}],"about":[{"href":"https:\/\/revistakuvendi.org\/index.php?rest_route=\/wp\/v2\/types\/post"}],"author":[{"embeddable":true,"href":"https:\/\/revistakuvendi.org\/index.php?rest_route=\/wp\/v2\/users\/1"}],"replies":[{"embeddable":true,"href":"https:\/\/revistakuvendi.org\/index.php?rest_route=%2Fwp%2Fv2%2Fcomments&post=9371"}],"version-history":[{"count":1,"href":"https:\/\/revistakuvendi.org\/index.php?rest_route=\/wp\/v2\/posts\/9371\/revisions"}],"predecessor-version":[{"id":9373,"href":"https:\/\/revistakuvendi.org\/index.php?rest_route=\/wp\/v2\/posts\/9371\/revisions\/9373"}],"wp:featuredmedia":[{"embeddable":true,"href":"https:\/\/revistakuvendi.org\/index.php?rest_route=\/wp\/v2\/media\/9372"}],"wp:attachment":[{"href":"https:\/\/revistakuvendi.org\/index.php?rest_route=%2Fwp%2Fv2%2Fmedia&parent=9371"}],"wp:term":[{"taxonomy":"category","embeddable":true,"href":"https:\/\/revistakuvendi.org\/index.php?rest_route=%2Fwp%2Fv2%2Fcategories&post=9371"},{"taxonomy":"post_tag","embeddable":true,"href":"https:\/\/revistakuvendi.org\/index.php?rest_route=%2Fwp%2Fv2%2Ftags&post=9371"}],"curies":[{"name":"wp","href":"https:\/\/api.w.org\/{rel}","templated":true}]}}