{"id":9345,"date":"2021-10-02T19:39:38","date_gmt":"2021-10-02T19:39:38","guid":{"rendered":"http:\/\/revistakuvendi.org\/?p=9345"},"modified":"2021-10-02T19:39:38","modified_gmt":"2021-10-02T19:39:38","slug":"poezi-nga-trandafile-malshi","status":"publish","type":"post","link":"https:\/\/revistakuvendi.org\/?p=9345","title":{"rendered":"POEZI NGA TRANDAFILE MALSHI"},"content":{"rendered":"\n<figure class=\"wp-block-image\"><img loading=\"lazy\" decoding=\"async\" width=\"160\" height=\"160\" src=\"https:\/\/revistakuvendi.org\/wp-content\/uploads\/2021\/10\/trendafile-malshi.jpg\" alt=\"\" class=\"wp-image-9346\" srcset=\"https:\/\/revistakuvendi.org\/wp-content\/uploads\/2021\/10\/trendafile-malshi.jpg 160w, https:\/\/revistakuvendi.org\/wp-content\/uploads\/2021\/10\/trendafile-malshi-150x150.jpg 150w, https:\/\/revistakuvendi.org\/wp-content\/uploads\/2021\/10\/trendafile-malshi-50x50.jpg 50w\" sizes=\"auto, (max-width: 160px) 100vw, 160px\" \/><\/figure>\n\n\n<p>1-Ne u mblodh\u00ebm<br \/>\nN\u00eb sofren e mallit<br \/>\nK\u00ebmkryq u ul\u00ebm<br \/>\nE ligj\u00ebruam ,thur\u0113m vargje<br \/>\nE lot derdh\u00ebm shoq\u00ebruar me pengjet<br \/>\nQ\u0113 lam\u00eb n\u00eb atdhe<\/p>\n<p>Ne u mblodh\u00ebm<br \/>\nMallin e shpirtit e sheshuam<br \/>\nBashkuam z\u00ebrin e p\u00ebrvajshem t\u0113 bilbilit<br \/>\nMe vargjet e poetit<br \/>\nE pejzat e breng\u00ebs s\u00eb madhe<br \/>\nI zgjat\u00ebm pafund\u00ebsisht<br \/>\nDeri aty ku malli b\u00ebhet hymn<br \/>\nE shpirti b\u00ebhet pend\u00eb<br \/>\nHer\u00eb e lehte flutur<br \/>\nE her\u00eb e rende plumb mbi kurriz<br \/>\nNe u mblodh\u00ebm ,vargjet e Fisht\u00ebs<br \/>\nDridhsh\u00ebm ting\u00ebllojn\u00eb<br \/>\nP\u00ebrmallshem na ftojn\u00eb<br \/>\nVargjet e Ndocit a t\u00eb Kadares\u00eb<br \/>\nMall shp\u00ebrndajn\u00eb<br \/>\nN\u00eb formen e res\u00eb<br \/>\nP\u00ebrhapet kudo e qenia fisnik\u00ebrohet<br \/>\nNe u mblodh\u00ebm<br \/>\nE mallit krah\u0113 i dham\u00eb<br \/>\nVargjet lart\u00ebsuam shoq\u00ebruar me muzik\u00ebn e shpirtit<br \/>\nE ndali f\u00ebshf\u00ebrim\u00ebn gjethja e pem\u00ebs<br \/>\nE kok\u00ebn krenar e ngriti tr\u00ebndafili<br \/>\nMuza emb\u00eal mb\u00ebshtjelle me poezi<br \/>\nMallin \u00ebmb\u00ebl cpo p\u00ebrcjell<br \/>\nNe u mblodh\u00ebm<br \/>\nPoet\u00eb q\u0113 ne strehen e poezis\u00ea gjet\u00ebm ngush\u00ebllim<br \/>\nNdonj\u00ebri udh\u00ebve te bot\u00ebs mbeti<br \/>\nPor tek k\u00ebto vargje gjeti paqe<br \/>\nGjeti ngush\u00ebllim<br \/>\nPrap\u00eb ketu u mblodh\u00ebm<br \/>\nN\u00eb sofr\u00ebn lezhjane<br \/>\nMe vargje dhe me dashurin\u00eb e madhe <\/p>\n<p>2-Nusja dhe koha<\/p>\n<p>Nus\u00ebrova n&#8217;oborrin kalldram me gur t\u00eb fort\u00eb<br \/>\nSecili vit prej fjal\u00ebs s\u00eb r\u00ebnd\u00eb ua rriste pesh\u00ebn<br \/>\nNga e vona do baheshin aq t&#8217;rand\u00eb<br \/>\n.. sa s\u2019kish njeri ti mbante<br \/>\nGaca guri shkrepnin njer\u00ebzit<br \/>\nSa flak\u00eb merrte aroma e pishave n\u00eb shpirtin e njome<br \/>\nMe fjal\u00eb guri lig\u00ebsia e zakonit godiste<br \/>\nFar\u00ebn ndryshe q\u00eb po mbinte<\/p>\n<p>Sa gurt e bardh\u00eb shk\u00ebputeshin nga zemra e malit<br \/>\nN\u00eb breg t\u00eb lumit  n\u00eb k\u00ebmb\u00ebt  Ur\u00ebs Zogut<br \/>\nrrjeshtu si ushtar\u00ebt n\u00eb luft\u00eb<br \/>\nti ndalnin rr\u00ebket\u00eb, t\u00eb mos turbullonin<br \/>\nKrojet e shpirtit t\u00eb kthjellt\u00eb<\/p>\n<p>Fjala vret ma  shum\u00eb se plumi<br \/>\ngruja n\u00eb p\u00ebrballje me brengat<br \/>\nku njolloset nuri<br \/>\nnga syt\u00eb k\u00ebmb\u00ebt s\u2019e merr turrin<br \/>\nme guxu me qen\u00eb trimnesh\u00eb<br \/>\nn\u00eb em\u00ebn t\u00eb rritjes dhe t\u00eb   rese\u2026<\/p>\n<p>3-U deha&#8230;.<\/p>\n<p>U deha n\u00eb flladitjen e kandshme<br \/>\nT\u00eb er\u00ebs q\u00eb fryn but\u00ebsisht<br \/>\nSi me dor\u00eb \u00ebmbel mi shtroi flok\u00ebt<br \/>\nM\u00eb p\u00ebshp\u00ebriti mij\u00ebra fjal\u00eb dashunisht<\/p>\n<p>M\u00eb p\u00ebrk\u00ebdheli buz\u00eb dhe sy<br \/>\nMe duart prej ajri e frym\u00eb bashk\u00eb<br \/>\nM&#8217;pushoi n\u00eb faqet kuq si moll\u00eb<br \/>\nFreskia me hyri thell\u00eb n\u00eb asht<\/p>\n<p>M\u00eb dehu me arom\u00ebn e detit<br \/>\np\u00ebrzier me jod e me freski<br \/>\nDallga e bardh\u00eb e detit<br \/>\nM\u00eb fali paqe e rehati<\/p>\n<p>U deha nga pik\u00eb e ves\u00ebs<br \/>\nN&#8217;fund t\u00eb got\u00ebs s\u00eb gzimit<br \/>\nE u \u00e7ila si gonxhja<br \/>\nSi rrezja e diellit<br \/>\nMbas shiut ylber ndjenjash<\/p>\n<p>U deha me aroma e me lule t&#8217;stin\u00ebs<br \/>\nBut\u00ebsisht mu p\u00ebrkedhel shpirti<br \/>\nN\u00eb shtrojet e harres\u00ebs<br \/>\nE u kredha ne gjumin e paqes<br \/>\nSa u qet\u00ebsova<br \/>\nTan shpirti mu flladit<br \/>\nE u preha pafund\u00ebsisht<\/p>\n","protected":false},"excerpt":{"rendered":"","protected":false},"author":1,"featured_media":9346,"comment_status":"open","ping_status":"open","sticky":false,"template":"","format":"standard","meta":{"footnotes":""},"categories":[7],"tags":[],"class_list":["post-9345","post","type-post","status-publish","format-standard","has-post-thumbnail","hentry","category-poezi"],"_links":{"self":[{"href":"https:\/\/revistakuvendi.org\/index.php?rest_route=\/wp\/v2\/posts\/9345","targetHints":{"allow":["GET"]}}],"collection":[{"href":"https:\/\/revistakuvendi.org\/index.php?rest_route=\/wp\/v2\/posts"}],"about":[{"href":"https:\/\/revistakuvendi.org\/index.php?rest_route=\/wp\/v2\/types\/post"}],"author":[{"embeddable":true,"href":"https:\/\/revistakuvendi.org\/index.php?rest_route=\/wp\/v2\/users\/1"}],"replies":[{"embeddable":true,"href":"https:\/\/revistakuvendi.org\/index.php?rest_route=%2Fwp%2Fv2%2Fcomments&post=9345"}],"version-history":[{"count":1,"href":"https:\/\/revistakuvendi.org\/index.php?rest_route=\/wp\/v2\/posts\/9345\/revisions"}],"predecessor-version":[{"id":9347,"href":"https:\/\/revistakuvendi.org\/index.php?rest_route=\/wp\/v2\/posts\/9345\/revisions\/9347"}],"wp:featuredmedia":[{"embeddable":true,"href":"https:\/\/revistakuvendi.org\/index.php?rest_route=\/wp\/v2\/media\/9346"}],"wp:attachment":[{"href":"https:\/\/revistakuvendi.org\/index.php?rest_route=%2Fwp%2Fv2%2Fmedia&parent=9345"}],"wp:term":[{"taxonomy":"category","embeddable":true,"href":"https:\/\/revistakuvendi.org\/index.php?rest_route=%2Fwp%2Fv2%2Fcategories&post=9345"},{"taxonomy":"post_tag","embeddable":true,"href":"https:\/\/revistakuvendi.org\/index.php?rest_route=%2Fwp%2Fv2%2Ftags&post=9345"}],"curies":[{"name":"wp","href":"https:\/\/api.w.org\/{rel}","templated":true}]}}