{"id":9340,"date":"2021-09-29T21:32:21","date_gmt":"2021-09-29T21:32:21","guid":{"rendered":"http:\/\/revistakuvendi.org\/?p=9340"},"modified":"2021-09-29T21:32:21","modified_gmt":"2021-09-29T21:32:21","slug":"naisus-lisus-poezi-nga-ilir-shaqiri","status":"publish","type":"post","link":"https:\/\/revistakuvendi.org\/?p=9340","title":{"rendered":"NAISUS \u2013 LISUS, poezi nga ILIR SHAQIRI"},"content":{"rendered":"\n<figure class=\"wp-block-image\"><img loading=\"lazy\" decoding=\"async\" width=\"160\" height=\"160\" src=\"http:\/\/revistakuvendi.org\/wp-content\/uploads\/2020\/11\/ILIR-SHAQIRI.jpg\" alt=\"\" class=\"wp-image-8676\" srcset=\"https:\/\/revistakuvendi.org\/wp-content\/uploads\/2020\/11\/ILIR-SHAQIRI.jpg 160w, https:\/\/revistakuvendi.org\/wp-content\/uploads\/2020\/11\/ILIR-SHAQIRI-150x150.jpg 150w, https:\/\/revistakuvendi.org\/wp-content\/uploads\/2020\/11\/ILIR-SHAQIRI-50x50.jpg 50w\" sizes=\"auto, (max-width: 160px) 100vw, 160px\" \/><\/figure>\n\n\n<p>NAISUS \u2013 LISUS<\/p>\n<p>Qielli ishte mrrolur tej-tej Iliris\u00eb,<br \/>\nNaisus \u2013 Lisus, udh\u00eb gurr\u00ebshterp\u00eb e gjat\u00eb,<br \/>\nterri i nat\u00ebs shqyhej n\u00eb brir\u00ebt e dhis\u00eb,<br \/>\natdheun e pamatsh\u00ebm po e matt\u00eb me shpat\u00eb.<\/p>\n<p>Shteg\u00ebsit aziatik\u00eb f\u00ebrkemeve t\u00eb njoma<br \/>\nsilleshin si n\u00eb kotar ullisht\u00ebs s\u00eb lasht\u00eb,<br \/>\ns\u2019kishin kok\u00eb t\u2019i njihnin alegorit\u00eb tona:<br \/>\npatkonjt\u00eb e kuajve sesi mbath\u00ebn mbrapsht!?<\/p>\n<p>Kreshta t\u00eb argjendta u shfaq\u00ebn p\u00ebrball\u00eb,<br \/>\natllar\u00ebt e djersitur t\u00eb etur p\u00ebr uj\u00eb,<br \/>\nkrojet e Uj\u00ebbardh\u00ebs buruan si n\u00eb p\u00ebrrall\u00eb<br \/>\nkur troku i treqindt\u00ebve trok\u00eblliu n\u00eb Kruj\u00eb!<\/p>\n<p>U zgjuan arb\u00ebror\u00ebt, princat mor\u00ebn zem\u00ebr,<br \/>\ndufi i tyre i mbledhur krushkohej mbi dhe<br \/>\ndhe ja n\u00eb mes nesh n\u00eb Kuvend t\u00eb Lezh\u00ebs,<br \/>\nGjergji i lavdish\u00ebm \u2013 prij\u00ebsi Sk\u00ebnderbe.<\/p>\n<p>Mbi kala flak\u00ebruan krenat e kryezogut,<br \/>\nnj\u00eb sy nga lind dielli \u2013 tjetri n\u2019per\u00ebndim,<br \/>\ntej cepit t\u00eb Istr\u00ebs, tej-tej val\u00ebve t\u00eb Jonit<br \/>\nandej, gjer\u00eb-e-gjat\u00eb \u00ebsht\u00eb atdheu im!<\/p>\n<p>Sip\u00ebr Torviollit, q\u00ebkur shfryu furin\u00eb<br \/>\nm\u00ebrm\u00ebriti qiell, rrap e rr\u00ebnj\u00eb e gjethe,<br \/>\ne pakap\u00ebrcyeshmja ndriti Arb\u00ebrin\u00eb,<br \/>\nEvropa e trembur zuri t\u00eb fle pa ethe&#8230;<\/p>\n","protected":false},"excerpt":{"rendered":"","protected":false},"author":1,"featured_media":8676,"comment_status":"open","ping_status":"open","sticky":false,"template":"","format":"standard","meta":{"footnotes":""},"categories":[7],"tags":[],"class_list":["post-9340","post","type-post","status-publish","format-standard","has-post-thumbnail","hentry","category-poezi"],"_links":{"self":[{"href":"https:\/\/revistakuvendi.org\/index.php?rest_route=\/wp\/v2\/posts\/9340","targetHints":{"allow":["GET"]}}],"collection":[{"href":"https:\/\/revistakuvendi.org\/index.php?rest_route=\/wp\/v2\/posts"}],"about":[{"href":"https:\/\/revistakuvendi.org\/index.php?rest_route=\/wp\/v2\/types\/post"}],"author":[{"embeddable":true,"href":"https:\/\/revistakuvendi.org\/index.php?rest_route=\/wp\/v2\/users\/1"}],"replies":[{"embeddable":true,"href":"https:\/\/revistakuvendi.org\/index.php?rest_route=%2Fwp%2Fv2%2Fcomments&post=9340"}],"version-history":[{"count":1,"href":"https:\/\/revistakuvendi.org\/index.php?rest_route=\/wp\/v2\/posts\/9340\/revisions"}],"predecessor-version":[{"id":9341,"href":"https:\/\/revistakuvendi.org\/index.php?rest_route=\/wp\/v2\/posts\/9340\/revisions\/9341"}],"wp:featuredmedia":[{"embeddable":true,"href":"https:\/\/revistakuvendi.org\/index.php?rest_route=\/wp\/v2\/media\/8676"}],"wp:attachment":[{"href":"https:\/\/revistakuvendi.org\/index.php?rest_route=%2Fwp%2Fv2%2Fmedia&parent=9340"}],"wp:term":[{"taxonomy":"category","embeddable":true,"href":"https:\/\/revistakuvendi.org\/index.php?rest_route=%2Fwp%2Fv2%2Fcategories&post=9340"},{"taxonomy":"post_tag","embeddable":true,"href":"https:\/\/revistakuvendi.org\/index.php?rest_route=%2Fwp%2Fv2%2Ftags&post=9340"}],"curies":[{"name":"wp","href":"https:\/\/api.w.org\/{rel}","templated":true}]}}