{"id":9324,"date":"2021-09-20T22:03:40","date_gmt":"2021-09-20T22:03:40","guid":{"rendered":"http:\/\/revistakuvendi.org\/?p=9324"},"modified":"2021-09-20T22:03:40","modified_gmt":"2021-09-20T22:03:40","slug":"programi-i-diteve-te-letersise-2021","status":"publish","type":"post","link":"https:\/\/revistakuvendi.org\/?p=9324","title":{"rendered":"Programi i Diteve te Letersise 2021"},"content":{"rendered":"\n<figure class=\"wp-block-image\"><img loading=\"lazy\" decoding=\"async\" width=\"160\" height=\"158\" src=\"http:\/\/revistakuvendi.org\/wp-content\/uploads\/2019\/10\/pena1.jpg\" alt=\"\" class=\"wp-image-7855\" srcset=\"https:\/\/revistakuvendi.org\/wp-content\/uploads\/2019\/10\/pena1.jpg 160w, https:\/\/revistakuvendi.org\/wp-content\/uploads\/2019\/10\/pena1-50x50.jpg 50w\" sizes=\"auto, (max-width: 160px) 100vw, 160px\" \/><\/figure>\n\n\n\n<p><strong>DITET\nE LETERSISE 2021 <\/strong><\/p>\n\n\n\n<p>(\nPROGRAMI )<\/p>\n\n\n\n<p>DITET E\nLETERSISE SHQIPE NE AMERIKE 2021,&nbsp; kete\nvit do mbahen ne kuadrin e 150 vjetorit te Lindjes se Poetit Kombetar At\u2019GJERGJ\nFISHTA<\/p>\n\n\n\n<p>Ky aktivitet\ni pervitshem, qe nga tetori 2001 deri kete vit, \u00ebsht\u00eb nj\u00eb manifestim letrar i krijuesve\nqe jetojne e punojne ne Diaspore, por edhe krijues qe kane udhetuar nga Atdheu\nper te festuar me ne.<\/p>\n\n\n\n<p>Kete vit,\nkur ende nuk kemi dale plotesisht nga kriza bot\u00ebrore e Covid19, ka disa\nkufizime ne levizje, qe i pengojn\u00eb krijuesit nga Evropa per t\u00eb q\u00ebn\u00eb t\u00eb pranish\u00ebm,\npor gjith\u00ebsesi nga afrimi i larg\u00ebsive, mund t\u00eb jen\u00eb t\u00eb \u201cpranish\u00ebm\u201d n\u00ebp\u00ebrmjet\nteknologjis\u00eb afruese ( online ).<\/p>\n\n\n\n<p>Jan\u00eb t\u00eb\nlutur, krijuesit q\u00eb jetojn\u00eb &nbsp;n\u00eb Amerik\u00eb t\u00eb\nlajm\u00ebrojn\u00eb<\/p>\n\n\n\n<p>&nbsp;deri me dat\u00ebn 10 tetor pjes\u00ebmarrjen!<\/p>\n\n\n\n<p>Aktiviteti\ndo t\u00eb b\u00ebh\u00ebt n\u00eb dy dit\u00eb: 22 dhe 23 tetor 2021<\/p>\n\n\n\n<p><strong>E\npremte, 22 tetor 2021<\/strong>,\nn\u00eb Kafe Kuvendi \u2013 Clinton Township, Michigan<\/p>\n\n\n\n<p>Fillimi\ni aktivitetit, kafja e pritjes &nbsp;dhe\ndiskutime per krijimtarin\u00eb e dy viteve t\u00eb fundit, 20,21 6;pm deri 8pm. Te dh\u00ebnat\np\u00ebr k\u00ebt\u00eb tem\u00eb jepen nga Pjet\u00ebr Jaku<\/p>\n\n\n\n<p>8pm\nderi 11pm darka dhe diskutime rreth krijimtaris\u00eb poetike t\u00eb At Gjergj Fishtes<\/p>\n\n\n\n<p>Moderator\ni k\u00ebsaj mbr\u00ebmje : Nevrus Nazarko<\/p>\n\n\n\n<p><strong>E\nshtun\u00eb, 23 tetor 2021<\/strong><\/p>\n\n\n\n<p>9;00 \u2013\n10;00 am Kafja dhe ngr\u00ebnia e mengjesit, n\u00eb Kafe Kuvendi ose Resorant \u201c Aurora\u201d<\/p>\n\n\n\n<p>11:00\nderi n\u00eb 1:00 vizit\u00eb n\u00eb Biblioteken e qytetit CLINTON TOWNSHIP, diskutime t\u00eb\nlira dhe takim me mediat e komunitetit.<\/p>\n\n\n\n<p>2;00\nderi n\u00eb 3;00 dreka<\/p>\n\n\n\n<p>4;00\nderi 7;00 pergaditja p\u00ebr mbr\u00ebmjen kryesore<\/p>\n\n\n\n<p><strong>7:00\nderi n\u00eb 12:00 Mbr\u00ebmja kryesore e aktivitetit. Hyrja me ftesa.<\/strong><\/p>\n\n\n\n<p>Moderatore:\nALBINA PALUSHAJ<\/p>\n\n\n\n<p>Fjala e\nhapjes dhe r\u00ebnd\u00ebsia e nderimit t\u00eb Fisht\u00ebs n\u00eb k\u00ebt\u00eb vit jubilar<\/p>\n\n\n\n<p>P\u00ebrshe\u00ebndetje\nt\u00eb takimit nga t\u00eb ardhurit jasht vendit ku mbahet aktiviteti<\/p>\n\n\n\n<p>Recitime\nte krijuesve pjes\u00ebmarr\u00ebs<\/p>\n\n\n\n<p>Muzik\u00eb q\u00eb\ni p\u00ebrshtatet poezis\u00eb<\/p>\n\n\n\n<p>Ndarja e\n\u00e7mimeve p\u00ebr periudhen tetor2020 &#8211; tetor 2021<\/p>\n\n\n\n<p>Muzika:\nGentian Cakorja. Mbyllja e takimit. <\/p>\n\n\n\n<p><strong>Komisioni\nkryesor:<\/strong><\/p>\n\n\n\n<p>Zef\nPergega \/ kryetar<\/p>\n\n\n\n<p>Nevrus Nazarko<\/p>\n\n\n\n<p>Rush Dragu<\/p>\n\n\n\n<p>Paulin\nPalushi<\/p>\n\n\n\n<p>Ervis &nbsp;Cali<\/p>\n\n\n\n<p><strong>JURIA:<\/strong><\/p>\n\n\n\n<p>Arta\nSimoni \/ Kryetare<\/p>\n\n\n\n<p>Brunilda\nSpiro<\/p>\n\n\n\n<p>Agim\nBajrami<\/p>\n\n\n\n<p>Fatmira\nLoci<\/p>\n\n\n\n<p>Qendresa\nHalili<\/p>\n\n\n\n<p>Materialet\ne konkursit do ti nisni n\u00eb e-mailin:<\/p>\n\n\n\n<p><a href=\"mailto:revistakuvendi@gmail.com\">revistakuvendi@gmail.com<\/a>&nbsp;&nbsp; jo me von\u00eb se me daten 18 tetor 2021<\/p>\n\n\n\n<p>Vendtakimi\ndo t\u00eb jet\u00eb Kafe Kuvendi, n\u00eb adresen:<\/p>\n\n\n\n<p>41930&nbsp; Hayes Rd<\/p>\n\n\n\n<p>Clinton\nTownship, MI 48038<\/p>\n\n\n\n<p>Cel:\n1248 259 6523<\/p>\n","protected":false},"excerpt":{"rendered":"<p>DITET E LETERSISE 2021 ( PROGRAMI ) DITET E LETERSISE SHQIPE NE AMERIKE 2021,&nbsp; kete vit do mbahen ne kuadrin e 150 vjetorit te Lindjes se Poetit Kombetar At\u2019GJERGJ FISHTA Ky aktivitet i pervitshem, qe nga tetori 2001 deri kete vit, \u00ebsht\u00eb nj\u00eb manifestim letrar i krijuesve qe jetojne e punojne ne Diaspore, por edhe&hellip;<\/p>\n","protected":false},"author":1,"featured_media":7855,"comment_status":"open","ping_status":"open","sticky":false,"template":"","format":"standard","meta":{"footnotes":""},"categories":[5],"tags":[],"class_list":["post-9324","post","type-post","status-publish","format-standard","has-post-thumbnail","hentry","category-letersi"],"_links":{"self":[{"href":"https:\/\/revistakuvendi.org\/index.php?rest_route=\/wp\/v2\/posts\/9324","targetHints":{"allow":["GET"]}}],"collection":[{"href":"https:\/\/revistakuvendi.org\/index.php?rest_route=\/wp\/v2\/posts"}],"about":[{"href":"https:\/\/revistakuvendi.org\/index.php?rest_route=\/wp\/v2\/types\/post"}],"author":[{"embeddable":true,"href":"https:\/\/revistakuvendi.org\/index.php?rest_route=\/wp\/v2\/users\/1"}],"replies":[{"embeddable":true,"href":"https:\/\/revistakuvendi.org\/index.php?rest_route=%2Fwp%2Fv2%2Fcomments&post=9324"}],"version-history":[{"count":1,"href":"https:\/\/revistakuvendi.org\/index.php?rest_route=\/wp\/v2\/posts\/9324\/revisions"}],"predecessor-version":[{"id":9325,"href":"https:\/\/revistakuvendi.org\/index.php?rest_route=\/wp\/v2\/posts\/9324\/revisions\/9325"}],"wp:featuredmedia":[{"embeddable":true,"href":"https:\/\/revistakuvendi.org\/index.php?rest_route=\/wp\/v2\/media\/7855"}],"wp:attachment":[{"href":"https:\/\/revistakuvendi.org\/index.php?rest_route=%2Fwp%2Fv2%2Fmedia&parent=9324"}],"wp:term":[{"taxonomy":"category","embeddable":true,"href":"https:\/\/revistakuvendi.org\/index.php?rest_route=%2Fwp%2Fv2%2Fcategories&post=9324"},{"taxonomy":"post_tag","embeddable":true,"href":"https:\/\/revistakuvendi.org\/index.php?rest_route=%2Fwp%2Fv2%2Ftags&post=9324"}],"curies":[{"name":"wp","href":"https:\/\/api.w.org\/{rel}","templated":true}]}}