{"id":9322,"date":"2021-09-19T17:39:38","date_gmt":"2021-09-19T17:39:38","guid":{"rendered":"http:\/\/revistakuvendi.org\/?p=9322"},"modified":"2021-09-19T17:39:38","modified_gmt":"2021-09-19T17:39:38","slug":"tuj-ec-ne-labirintet-e-fjales","status":"publish","type":"post","link":"https:\/\/revistakuvendi.org\/?p=9322","title":{"rendered":"TUJ EC NE LABIRINTET E FJALES"},"content":{"rendered":"\n<figure class=\"wp-block-image\"><img loading=\"lazy\" decoding=\"async\" width=\"157\" height=\"164\" src=\"http:\/\/revistakuvendi.org\/wp-content\/uploads\/2021\/05\/RITA-KALAJ.png\" alt=\"\" class=\"wp-image-9034\"\/><\/figure>\n\n\n\n<p>Pak\nfjal\u00eb per librin poetik te Pjeter Jakut: \u201cT\u00eb pakten, pak!\u201d <\/p>\n\n\n\n<p>NGA: RITA\nKALAJ SHKURTAJ<\/p>\n\n\n\n<p>E\nprivilegjuar si lexuese ta kisha n\u00eb dor\u00eb k\u00ebt\u00eb vellim poetic, n\u00eb m\u00ebnyre\nvirtuale, i cili p\u00ebrligj m\u00eb s\u00eb miri &nbsp;titullin \u201cT\u00eb pakten, pak\u201d. Pak nga mund\u00ebsit\u00eb e\nt\u00eb paturit, shfletuarit dhe t\u00eb shijuarit t\u00eb k\u00ebnaq\u00ebsive q\u00eb t\u00eb ofrojn\u00eb k\u00ebto poezi,\nn\u00eb t\u00eb cilat autori, ve\u00e7 mjesht\u00ebris\u00eb s\u00eb vargut n\u00eb shtrirje, si nj\u00eb lum\u00eb fjal\u00ebsh\nher\u00eb t\u00eb qeta e plot nur\u00eb ndjenjash, mall\u00eb e magjepsje momentesh, e her\u00eb t\u00eb\nashpra e t\u00eb vrullshme, duke hyr\u00eb e pershkuar kanjone frike, dhimbje e\nd\u00ebshp\u00ebrimi pamund\u00ebsish\u00eb, jan\u00eb pa dyshim nj\u00eb pasqyre m\u00eb vete e vet\u00eb realitetit\nsocial q\u00eb na rrethon. Fjala n\u00eb vargun poetik, \u00ebsht\u00eb krejt e thjesht\u00eb n\u00eb t\u00eb\nlexuar, por shum\u00eb dometh\u00ebn\u00ebse n\u00eb t\u00eb kuptuar, aq sa jo rrall\u00eb, duhej ta lexoje,\nta rilexoje e pastaj ta p\u00ebrpunoje n\u00eb m\u00ebndje, q\u00eb ta gjykoje e vlersoje. Jam\nmahnitur gjat\u00eb gjith\u00eb leximit, pasi labirintet e fjal\u00ebve t\u00eb r\u00ebnditura nga\nautori dalin si oaze ngjyrash q\u00eb nuk t\u00eb l\u00ebn\u00eb n\u00eb batakun e habis\u00eb, apo t\u00eb\nm\u00ebrzitjes, por t\u00eb pushtojn\u00eb p\u00ebr t\u00eb k\u00ebrkuar dhe gjetur veten n\u00eb ato mendime,\nndjenja e pasthirrma t\u00eb shpirtit t\u00eb autorit. E gjitha m\u00eb ngjan me nj\u00eb\nrevolucion ndjenjash, q\u00eb marshojne pas pen\u00ebs s\u00eb autorit, n\u00eb k\u00ebrkim t\u00eb betejave,\nn\u00eb luft\u00eb me veten dhe realitein, ideali i t\u00eb cilit \u00ebsht\u00eb dashnia p\u00ebr plotsi,\np\u00ebr liri e p\u00ebr drejt\u00ebsi ndaj d\u00ebshirave, veseve e, deri tek largpamsia dhe\nl\u00ebngimi ndaj nevojave t\u00eb atdheut, bashk\u00ebkombasve dhe trojeve t\u00eb t&#8217;par\u00ebve, t\u00eb\ncilat keqmenaxhohen nga njer\u00ebz t\u00eb vegj\u00ebl, pa shpirt e dinjitet human. N\u00eb\nsecil\u00ebn prej poezive, autori \u00ebsht\u00eb njekohsisht kallzuesi dhe kryefjala, q\u00eb ia\nnxisin shpirtin t\u00eb rend me vrap n\u00eb err\u00ebsira mendimesh, endrrash dhe shtigjeve\nt\u00eb nat\u00ebs s\u00eb pa h\u00ebn\u00eb, si nj\u00eb maratonomak, q\u00eb shperndan driten e t\u00eb v\u00ebrtet\u00ebs,\nduke hyre n\u00ebp\u00ebr dritehijet e koh\u00ebs s\u00eb pakoh\u00eb, q\u00eb mboll\u00ebm bashkarisht. &#8220;T\u00eb\npakten,pak&#8221;, \u00ebsht\u00eb nj\u00eb \u00ebmb\u00eblsir\u00eb pikante n\u00eb duart e lexuesit, i cili gjat\u00eb\nshijimit do provoje frutin e kuq t\u00eb qershis\u00eb, si simboli i jet\u00ebs dhe dashuris\u00eb\ndhe piperin e zi, si simbol i herezis\u00eb shtypese t\u00eb korrupsionit dhe\npadrejtesise s\u00eb koh\u00ebs. \u201cT\u00eb pakten pak&#8221;, vjen n\u00eb dor\u00ebn e lexuesit si nj\u00eb\np\u00ebnd\u00eb e bardh\u00eb shpendi q\u00eb na nxit ta mbajm\u00eb si suvenir personal me vlera\nkuptimplote pasi, si\u00e7 thoshte i madhi William Hazlitt: &#8220;Poezia \u00ebsht\u00eb gjuha\nuniversal, q\u00eb zemra p\u00ebrdor me natyr\u00ebn dhe veten&#8221;, t\u00eb cil\u00ebn autori Pjeter\nJaku e ka shkri si val\u00ebn mbi breg nga alfa te omega.<\/p>\n\n\n\n<p><em>17\nshtator 2021<\/em><\/p>\n","protected":false},"excerpt":{"rendered":"<p>Pak fjal\u00eb per librin poetik te Pjeter Jakut: \u201cT\u00eb pakten, pak!\u201d NGA: RITA KALAJ SHKURTAJ E privilegjuar si lexuese ta kisha n\u00eb dor\u00eb k\u00ebt\u00eb vellim poetic, n\u00eb m\u00ebnyre virtuale, i cili p\u00ebrligj m\u00eb s\u00eb miri &nbsp;titullin \u201cT\u00eb pakten, pak\u201d. Pak nga mund\u00ebsit\u00eb e t\u00eb paturit, shfletuarit dhe t\u00eb shijuarit t\u00eb k\u00ebnaq\u00ebsive q\u00eb t\u00eb ofrojn\u00eb k\u00ebto&hellip;<\/p>\n","protected":false},"author":1,"featured_media":9034,"comment_status":"open","ping_status":"open","sticky":false,"template":"","format":"standard","meta":{"footnotes":""},"categories":[5],"tags":[],"class_list":["post-9322","post","type-post","status-publish","format-standard","has-post-thumbnail","hentry","category-letersi"],"_links":{"self":[{"href":"https:\/\/revistakuvendi.org\/index.php?rest_route=\/wp\/v2\/posts\/9322","targetHints":{"allow":["GET"]}}],"collection":[{"href":"https:\/\/revistakuvendi.org\/index.php?rest_route=\/wp\/v2\/posts"}],"about":[{"href":"https:\/\/revistakuvendi.org\/index.php?rest_route=\/wp\/v2\/types\/post"}],"author":[{"embeddable":true,"href":"https:\/\/revistakuvendi.org\/index.php?rest_route=\/wp\/v2\/users\/1"}],"replies":[{"embeddable":true,"href":"https:\/\/revistakuvendi.org\/index.php?rest_route=%2Fwp%2Fv2%2Fcomments&post=9322"}],"version-history":[{"count":1,"href":"https:\/\/revistakuvendi.org\/index.php?rest_route=\/wp\/v2\/posts\/9322\/revisions"}],"predecessor-version":[{"id":9323,"href":"https:\/\/revistakuvendi.org\/index.php?rest_route=\/wp\/v2\/posts\/9322\/revisions\/9323"}],"wp:featuredmedia":[{"embeddable":true,"href":"https:\/\/revistakuvendi.org\/index.php?rest_route=\/wp\/v2\/media\/9034"}],"wp:attachment":[{"href":"https:\/\/revistakuvendi.org\/index.php?rest_route=%2Fwp%2Fv2%2Fmedia&parent=9322"}],"wp:term":[{"taxonomy":"category","embeddable":true,"href":"https:\/\/revistakuvendi.org\/index.php?rest_route=%2Fwp%2Fv2%2Fcategories&post=9322"},{"taxonomy":"post_tag","embeddable":true,"href":"https:\/\/revistakuvendi.org\/index.php?rest_route=%2Fwp%2Fv2%2Ftags&post=9322"}],"curies":[{"name":"wp","href":"https:\/\/api.w.org\/{rel}","templated":true}]}}