{"id":9312,"date":"2021-09-16T17:30:49","date_gmt":"2021-09-16T17:30:49","guid":{"rendered":"http:\/\/revistakuvendi.org\/?p=9312"},"modified":"2021-09-16T17:30:49","modified_gmt":"2021-09-16T17:30:49","slug":"poezi-nga-violeta-kadriu-podujeve-kosove","status":"publish","type":"post","link":"https:\/\/revistakuvendi.org\/?p=9312","title":{"rendered":"Poezi nga Violeta Kadriu, Podujeve-Kosove"},"content":{"rendered":"\n<figure class=\"wp-block-image\"><img loading=\"lazy\" decoding=\"async\" width=\"140\" height=\"181\" src=\"https:\/\/revistakuvendi.org\/wp-content\/uploads\/2021\/09\/kadriu-v-1.jpg\" alt=\"\" class=\"wp-image-9314\"\/><\/figure>\n\n\n\n<p><strong>N\u00cbSE\nS\u2019 M\u00cb DO TANI&#8230;!<\/strong><\/p>\n\n\n\n<p>N\u00ebse s\u2019\nm\u00eb do tani <\/p>\n\n\n\n<p>kur\nndjehem e l\u00ebnduar,<\/p>\n\n\n\n<p>kur\nndjehem zem\u00ebrthyer<\/p>\n\n\n\n<p>e me\nshpirt p\u00ebrv\u00ebluar<\/p>\n\n\n\n<p>kurr\u00eb\nm\u00eb mos guxo<\/p>\n\n\n\n<p>t\u00eb m\u00eb\nthuash se m\u2019 ke dasht\u00eb! <\/p>\n\n\n\n<p>N\u00ebse\ns\u2019 m\u00eb do tani <\/p>\n\n\n\n<p>kur\nnuk kam asgj\u00eb,<\/p>\n\n\n\n<p>kur\ntingujt\u00eb e k\u00ebng\u00ebs sime<\/p>\n\n\n\n<p>nuk\nl\u00ebshojn\u00eb m\u00eb z\u00eb,<\/p>\n\n\n\n<p>kurr\u00eb\nmos guxo t\u00eb ma p\u00ebrmend\u00ebsh<\/p>\n\n\n\n<p>\u00e7far\u00eb\np\u00ebrjetuam bashk\u00eb!<\/p>\n\n\n\n<p>N\u00ebse\nm\u00eb l\u00eb tani <\/p>\n\n\n\n<p>kur\nfati m\u00eb ka l\u00ebn\u00eb, <\/p>\n\n\n\n<p>kur\npik\u00ebllim e m\u00ebrzi e \u00e7mendur<\/p>\n\n\n\n<p>frym\u00ebn\nma kan\u00eb z\u00ebn\u00eb,<\/p>\n\n\n\n<p>shpalose\nurrejtjen time p\u00ebr ty<\/p>\n\n\n\n<p>le t\u00eb\nm\u00eb dal\u00eb mbi asht!<\/p>\n\n\n\n<p>N\u00ebse\nm\u00eb p\u00ebrbuz\u00eb tani <\/p>\n\n\n\n<p>kur\nveten s\u2019 po e dua,<\/p>\n\n\n\n<p>kur\njeta dhe vdekja<\/p>\n\n\n\n<p>po lozin\nvalle mbi mua,<\/p>\n\n\n\n<p>\u00e7rr\u00ebnjose\ndhe kujtimin<\/p>\n\n\n\n<p>se\ndikur jemi dasht\u00eb!<\/p>\n\n\n\n<p>Mos u\nthuaj &#8220;Lamtumir\u00eb&#8221;<\/p>\n\n\n\n<p>njer\u00ebzve\nq\u00eb na duan,<\/p>\n\n\n\n<p>mos u\nthuaj &#8220;Lamtumir\u00eb&#8221;<\/p>\n\n\n\n<p>as\nyjeve q\u00eb na ndri\u00e7uan,<\/p>\n\n\n\n<p>por,\nthuaju atyre<\/p>\n\n\n\n<p>q\u00eb\nfatin na sh\u00ebmtuan!<\/p>\n\n\n\n<p>Thuaju,\nthuaju &#8216;Lamtumir\u00eb&#8221;<\/p>\n\n\n\n<p>e\nmallkoji fort,<\/p>\n\n\n\n<p>atyre\nq\u00eb hodh\u00ebn akull<\/p>\n\n\n\n<p>mbi\ndashurin\u00eb ton\u00eb t\u00eb ngroht\u00eb!<\/p>\n\n\n\n<p><em>8\nShkurt 2005, Podujev\u00eb- Kosov\u00eb<\/em><\/p>\n\n\n\n<p><strong>DYNGJYRSHJA\nGJUH\u00cb E SHENJT\u00cb KUQ E ZI&#8230;!<\/strong><\/p>\n\n\n\n<p>E\nbekuar qoft\u00eb ajo goj\u00eb e Arb\u00ebrit<\/p>\n\n\n\n<p>q\u00eb\np\u00ebr her\u00eb t\u00eb par\u00eb t\u00eb belb\u00ebzoi,<\/p>\n\n\n\n<p>e\nbekuar qoft\u00eb ajo mendje e ndritur<\/p>\n\n\n\n<p>q\u00eb me\npen\u00eb t\u00eb art\u00eb n\u00eb lib\u00ebr t\u00eb shkroi,<\/p>\n\n\n\n<p>o\nGjuh\u00eb Shqipe, himni yn\u00eb i jet\u00ebs<\/p>\n\n\n\n<p>frym\u00ebmarrje\ne shpirt i Dardanis\u00eb<\/p>\n\n\n\n<p>m\u00eb e\n\u00ebmbla gjuh\u00eb e k\u00ebsaj bote,<\/p>\n\n\n\n<p>o\ngjuh\u00eb hyjnore e Shqiptaris\u00eb!<\/p>\n\n\n\n<p>O\ngjuh\u00eb mjalt\u00eb e dej\u00ebve t\u00eb mi<\/p>\n\n\n\n<p>n\u00eb t\u00eb\ncil\u00ebn th\u00ebrras n\u00ebn\u00eb, baba, mot\u00ebr e v\u00eblla,<\/p>\n\n\n\n<p>o\ntrung me deg\u00eb gjuh\u00ebsh i ton\u00ebs lasht\u00ebsi,<\/p>\n\n\n\n<p>si ti\ne pasur askund nuk ka,<\/p>\n\n\n\n<p>sa\nher\u00eb qaj\u00eb, qesh\u00eb, e ligjeroj si trime <\/p>\n\n\n\n<p>shkruaj\nvargje e k\u00ebng\u00eb k\u00ebndoj,<\/p>\n\n\n\n<p>nd\u00ebr\nshtat\u00eb pal\u00eb qiej e tok\u00eb, <\/p>\n\n\n\n<p>o\ngjuha e babait e e n\u00ebn\u00ebs sime<\/p>\n\n\n\n<p>s&#8217;\nbashku me ty fluturoj!<\/p>\n\n\n\n<p>O\ngjuh\u00eb shqipe, uj\u00ebvar\u00eb margaritar\u00ebsh<\/p>\n\n\n\n<p>q\u00eb\np\u00ebrfaq\u00ebson shpirtin ton\u00eb pellazg t\u00eb d\u00eblir\u00eb,<\/p>\n\n\n\n<p>q\u00eb\nshkumb\u00ebzon kalt\u00ebrsi Valbone e Mirushe<\/p>\n\n\n\n<p>e q\u00eb\nnd\u00ebr zemra k\u00ebput \u00e7do zingjir\u00eb,<\/p>\n\n\n\n<p>asnj\u00eb\ngjuh\u00eb tjet\u00ebr, madh\u00ebshtin\u00eb t\u00ebnde<\/p>\n\n\n\n<p>jo,\nn\u00eb bot\u00eb nuk mund ta ket\u00eb,<\/p>\n\n\n\n<p>se me\nk\u00ebt\u00eb gjuh\u00eb magjike e hyjnore<\/p>\n\n\n\n<p>edhe\nQielli me Diell e H\u00ebn\u00eb e Yje flet!<\/p>\n\n\n\n<p>Gjuh\u00eb\nshqiponjash e e skifter\u00ebsh<\/p>\n\n\n\n<p>gjuh\u00eb\nburr\u00ebresh\u00eb n\u00ebnash t\u00eb k\u00ebsaj toke heronjve,<\/p>\n\n\n\n<p>gjuh\u00eb\ne Sk\u00ebnderbeut, Ademit, Zahirit,<\/p>\n\n\n\n<p>e t\u00eb\ngjith\u00eb mbledhur Shqiptaris\u00eb Dragonjve,<\/p>\n\n\n\n<p>gjuh\u00eb\ne Veqilharxhit, Gurakuqit, Mjed\u00ebs,<\/p>\n\n\n\n<p>Naimit,\nFisht\u00ebs,Nolit, Migjenit,<\/p>\n\n\n\n<p>q\u00eb i\njep gurgullima e dallg\u00ebzime t\u00eb \u00ebmbla shqipe<\/p>\n\n\n\n<p>Drinit,\nBistric\u00ebs, Llapit, Bun\u00ebs, Shk\u00eblzenit!<\/p>\n\n\n\n<p>O\nnina-nana e shenjt\u00eb n\u00eb \u00e7do goj\u00eb shqiptari<\/p>\n\n\n\n<p>q\u00eb me\nshkronja ari u k\u00ebndove e u g\u00ebdhende n\u00eb djep,<\/p>\n\n\n\n<p>pa\nshkronjat tua s\u2019na shkruhet as gur varri<\/p>\n\n\n\n<p>e s\u2019\nmund t\u00eb th\u00ebrrasim det, mal, lis e as plep,<\/p>\n\n\n\n<p>ligj\u00ebro\nme past\u00ebrti kroi, n\u00eb \u00e7do gj\u00eb shqiptare,<\/p>\n\n\n\n<p>ashtu\nsi\u00e7 ligj\u00ebrove nd\u00ebr brezni,<\/p>\n\n\n\n<p>o\ngjuh\u00eb shqipe, gjidh\u00ebn\u00ebse e t\u00eb gjitha gjuh\u00ebve,<\/p>\n\n\n\n<p>dyngjyrshja\nGjuh\u00eb e Shenjta jon\u00eb Kuq e Zi!<\/p>\n\n\n\n<p><strong>K\u00cbTU\nM\u00cb LUMTURON E MADH\u00cbSHTON DARDANIA&#8230;<\/strong><\/p>\n\n\n\n<p>Kam\nshetitur un\u00eb<\/p>\n\n\n\n<p>metropolet\ne gjith\u00eb bot\u00ebs,<\/p>\n\n\n\n<p>kam\nshkelur mbi rrug\u00eb t\u00eb asfaltuara<\/p>\n\n\n\n<p>q\u00eb\nshk\u00eblqejn\u00eb nga past\u00ebrtia,<\/p>\n\n\n\n<p>por,\naskund nuk gjeta dheun e shkrift\u00eb<\/p>\n\n\n\n<p>me\narom\u00eb t\u00eb time tok\u00ebs,<\/p>\n\n\n\n<p>ku t\u00eb\nmund t\u00eb m\u00eb gjej\u00eb prehje shpirti<\/p>\n\n\n\n<p>e\nk\u00ebto k\u00ebmb\u00ebt e mia!<\/p>\n\n\n\n<p>Kam\npar\u00eb bukuri p\u00ebrrallore<\/p>\n\n\n\n<p>alpeve\neuropiane,<\/p>\n\n\n\n<p>ua\nkam shijuar arom\u00ebn e freskin\u00eb<\/p>\n\n\n\n<p>luleve\nt\u00eb tyre, t\u00eb malit e t\u00eb fush\u00ebs,<\/p>\n\n\n\n<p>por,\naskund s\u2019 m\u00eb lumturuan <\/p>\n\n\n\n<p>si\nth\u00ebll\u00ebn\u00ebzat e lul\u00ebkuqet am\u00ebnore t\u00eb Llaush\u00ebs, <\/p>\n\n\n\n<p>kur\nagoja me to m\u00ebngjeset nd\u00ebr grunaja,<\/p>\n\n\n\n<p>duke\nm\u00eb ledhatuar me gaz e hare gush\u00ebs!<\/p>\n\n\n\n<p>Kam d\u00ebgjuar\ne k\u00ebnduar k\u00ebng\u00eb magjeps\u00ebse,<\/p>\n\n\n\n<p>t\u00eb\nshum\u00eb kombeve t\u00eb tjer\u00eb,<\/p>\n\n\n\n<p>kam\nlexuar e recituar vargje t\u00eb poet\u00ebve,<\/p>\n\n\n\n<p>bot\u00ebror\u00eb\nme shum\u00eb nam,<\/p>\n\n\n\n<p>por,\nasnj\u00eb, si k\u00ebnga e vargu shqip s\u2019 pat vler\u00eb,<\/p>\n\n\n\n<p>e\nshpirti s\u2019 ma ka ndjer\u00eb,<\/p>\n\n\n\n<p>as s\u2019\nmund ma verbuan Muz\u00ebn time trungilire,<\/p>\n\n\n\n<p>q\u00eb\njam e st\u00ebrlumtur q\u00eb e kam!<\/p>\n\n\n\n<p>Nd\u00ebr\nrrokaqiej madh\u00ebshtor\u00eb , larg vendlindjes,<\/p>\n\n\n\n<p>kam\nd\u00ebgjuar shiun t\u00eb trokas\u00eb n\u2019 dritare,<\/p>\n\n\n\n<p>f\u00ebrf\u00ebllaz\u00eb\nere e reshje bore,<\/p>\n\n\n\n<p>me m\u00eb\nt\u00eb magjishmen \u00ebmb\u00eblsi,<\/p>\n\n\n\n<p>por,\naskund k\u00ebta tinguj,<\/p>\n\n\n\n<p>s\u2019 m\u00eb\nting\u00eblluan n\u00eb vesh si gurgullim\u00eb uj\u00ebvare,<\/p>\n\n\n\n<p>si n\u00eb\nsht\u00ebpit\u00eb e kullat at\u00ebrore prej balte e guri,<\/p>\n\n\n\n<p>zemr\u00ebs\nsime s\u2019 i soll\u00ebn k\u00ebnaq\u00ebsi!<\/p>\n\n\n\n<p>Vizitova\nvarreza t\u00eb huaja,<\/p>\n\n\n\n<p>t\u00eb\nshkrira n\u00eb mermere e bronz,<\/p>\n\n\n\n<p>t\u00eb\nstolisura, st\u00ebrmbushura me lule ylberore,<\/p>\n\n\n\n<p>q\u00eb me\nsy nuk u kapej fundi,<\/p>\n\n\n\n<p>por,\nn\u2019 gjithsecil\u00ebn spektatore shpirtnjeri e huaj mbeta,<\/p>\n\n\n\n<p>nuk\nndala, nuk qava, s\u2019 m\u00eb erdhi t\u00eb vuaja, <\/p>\n\n\n\n<p>se,\nasnj\u00ebra si varrezat rrethuar me lule kamomili arb\u00ebrore,<\/p>\n\n\n\n<p>dhembjen\ne mallin s\u2019 ma l\u00ebkundi&#8230;!<\/p>\n\n\n\n<p>Ngado\nq\u00eb frymova,<\/p>\n\n\n\n<p>punova,\nvall\u00ebzova, jetova,<\/p>\n\n\n\n<p>askund\ns\u2019 e lash gazin e lotin<\/p>\n\n\n\n<p>q\u00eb ma\nfali n\u00ebn\u00eb Kosova.<\/p>\n\n\n\n<p>K\u00ebtu\nku ndihet fyelli e tupani,<\/p>\n\n\n\n<p>lahuta\ne ciftelia,<\/p>\n\n\n\n<p>k\u00ebtu\nm\u00eb vie er\u00eb vatani,<\/p>\n\n\n\n<p>k\u00ebtu\nm\u00eb flen\u00eb e m\u00eb zgjohen mendt\u00eb e mia,<\/p>\n\n\n\n<p>k\u00ebtu\nm\u00eb lumturon e madh\u00ebshton Dardania,<\/p>\n\n\n\n<p>k\u00ebtu\nfrymon Shqiptaria!<\/p>\n\n\n\n<p><em>25 O8\n2021 PODUJEVE KOSOVE<\/em><\/p>\n\n\n\n<p><strong>CILA\nSOT SHIJON M\u00cb SHUM\u00cb&#8230;?<\/strong><\/p>\n\n\n\n<p>( P\u00ebr\nDit\u00ebn e Puthjes )<\/p>\n\n\n\n<p>A\narom\u00eb deh\u00ebse e blirit,<\/p>\n\n\n\n<p>a\nputhja jon\u00eb sot m\u00eb shum\u00eb shijon,<\/p>\n\n\n\n<p>gjith\u00eb\ntelat e shpirtit e rrahjet e gjirit<\/p>\n\n\n\n<p>cila\nm\u00eb shum\u00eb sot na i trazon?<\/p>\n\n\n\n<p>A\narom\u00eb bari, mbush plot lule,<\/p>\n\n\n\n<p>a\ndeg\u00eb pishe, p\u00ebrplot bilbila e p\u00ebllumba, vall\u00eb,<\/p>\n\n\n\n<p>a\nputhja jon\u00eb plot pekule<\/p>\n\n\n\n<p>afsh\nrinie prap na ngjall\u00eb?<\/p>\n\n\n\n<p>A\nval\u00ebzim magjik e mahnit\u00ebs liqeni,<\/p>\n\n\n\n<p>me\nuj\u00eb kristal mali p\u00ebrrallor,<\/p>\n\n\n\n<p>apo\nbashkim i buz\u00ebve tona t\u00eb dashuruara<\/p>\n\n\n\n<p>bekuar\nme afsh hyjnor?<\/p>\n\n\n\n<p>A\nshije e \u00ebmb\u00ebl e ver\u00ebs s\u00eb kuqe,<\/p>\n\n\n\n<p>a\narom\u00eb \u00e7lodh\u00ebse kafeje,<\/p>\n\n\n\n<p>a\nputhja jon\u00eb e d\u00eblir\u00eb e pa truqe<\/p>\n\n\n\n<p>sfidon\nblerimin e malit skaj reje?<\/p>\n\n\n\n<p>A\narom\u00eb rozmarine, portokalli e shege<\/p>\n\n\n\n<p>a\nzall i nxeht\u00eb e shkumb\u00ebzim vale deti,<\/p>\n\n\n\n<p>apo\nputhja jon\u00eb n\u00ebn reflektim dritash e drur\u00eb m\u00ebshtege<\/p>\n\n\n\n<p>e n\u00ebn\ntinguj serenadash qyteti?<\/p>\n\n\n\n<p>A\nndri\u00e7im Dielli buz\u00ebmbr\u00ebmjeje t\u00eb k\u00ebsaj vere,<\/p>\n\n\n\n<p>a\nreflektim fytyre H\u00ebne mbi lum,<\/p>\n\n\n\n<p>a\nputhja jon\u00eb shk\u00ebmbyer n\u00ebn puhiz\u00eb ere,<\/p>\n\n\n\n<p>cila\nka vler\u00eb sonte e shijon m\u00eb shum\u00eb?<\/p>\n\n\n\n<p>Athua\n\u00e7far\u00eb sonte shijon m\u00eb shum\u00eb,<\/p>\n\n\n\n<p>athua\n\u00e7far\u00eb shijon m\u00eb gjall\u00eb,<\/p>\n\n\n\n<p>apo\nkur shk\u00ebmbejm\u00eb puthje nd\u00ebvete ne t\u00eb dy<\/p>\n\n\n\n<p>gjith\u00e7ka\np\u00ebrreth nesh mbetet p\u00ebrrall\u00eb?!<\/p>\n\n\n\n<p><strong>VARGU\nIM ME GJEN SHQIPTAR&#8230;<\/strong><\/p>\n\n\n\n<p>Vargu\nim p\u00ebr zemra t\u00eb bardha e t\u00eb d\u00eblira<\/p>\n\n\n\n<p>U\nb\u00ebft\u00eb koshere me mjalt\u00eb,<\/p>\n\n\n\n<p>p\u00ebr\nnd\u00ebrgjegje e fytyra t\u00eb nxira<\/p>\n\n\n\n<p>mo\u00e7al\nm\u00eb i thell\u00eb me helm e balt\u00eb!<\/p>\n\n\n\n<p>Vargu\nim p\u00ebr n\u00ebna e baballar\u00eb arb\u00ebror\u00eb<\/p>\n\n\n\n<p>u\nb\u00ebft\u00eb maj\u00eb mali, m\u00eb e ndritshmja bor\u00eb,<\/p>\n\n\n\n<p>n\u00eb\nfletore, n\u00eb libra t\u00eb nx\u00ebn\u00ebsve t\u00eb mbar\u00eb,<\/p>\n\n\n\n<p>valoft\u00eb\nsi flamur m\u00eb i kuq arb\u00ebror!<\/p>\n\n\n\n<p>Vargu\nim u b\u00ebft\u00eb p\u00ebr piktor\u00eb<\/p>\n\n\n\n<p>m\u00eb e\nmira e ylberorja magjike brush\u00eb,<\/p>\n\n\n\n<p>m\u00eb i\nndritshmi yll, n\u00eb qiellin at\u00ebror,<\/p>\n\n\n\n<p>m\u00eb e\nbukura e er\u00ebmira manushaqe n\u00eb fush\u00eb!<\/p>\n\n\n\n<p>Vargu\nim shtoft\u00eb n\u00eb zemra dashurin\u00eb,<\/p>\n\n\n\n<p>lidht\u00eb\nura, lumenj, det\u00ebra e brigje,<\/p>\n\n\n\n<p>muroft\u00eb\nkulla, sht\u00ebpi, kala p\u00ebr njer\u00ebzin\u00eb,<\/p>\n\n\n\n<p>fjal\u00ebs\ns\u00eb drejt\u00eb i hapt\u00eb t\u00eb bardha shtigje!<\/p>\n\n\n\n<p>Vargu\nim u b\u00ebft\u00eb<\/p>\n\n\n\n<p>m\u00eb e\n\u00ebmbla e dashurorja ninul\u00eb,<\/p>\n\n\n\n<p>e\ndal\u00eb nga goj\u00eb n\u00ebnash shqipe,<\/p>\n\n\n\n<p>p\u00ebr\nbuz\u00ebqumsht\u00eb foshnjat n\u00eb djep,<\/p>\n\n\n\n<p>e\ntrimave, martir\u00ebve<\/p>\n\n\n\n<p>emblem\u00eb\nlirie n&#8217; k\u00ebsul\u00eb,<\/p>\n\n\n\n<p>n\u00eb\nmalin letrar shqip<\/p>\n\n\n\n<p>m\u00eb i\nlarti e i drejti plep!<\/p>\n\n\n\n<p>Vargu\nim, n\u00eb \u00e7do sht\u00ebpi<\/p>\n\n\n\n<p>u\nb\u00ebft\u00eb m\u00eb i ndritshmi kandil,<\/p>\n\n\n\n<p>m\u00eb e\nvirgj\u00ebra e e stolisura<\/p>\n\n\n\n<p>nuse\nnd\u00ebr dasmor\u00eb,<\/p>\n\n\n\n<p>tr\u00ebndafil\ni kuq n\u00eb kopshtije,<\/p>\n\n\n\n<p>m\u00eb i\nz\u00ebshmi bilbil,<\/p>\n\n\n\n<p>m\u00ebngjese\nme rreze t&#8217;q\u00ebndisura,<\/p>\n\n\n\n<p>fllad\ndeh\u00ebs veror!<\/p>\n\n\n\n<p>Vargu\nim i mir\u00eb<\/p>\n\n\n\n<p>harboft\u00eb\ni lir\u00eb mbi re,<\/p>\n\n\n\n<p>l\u00ebshoft\u00eb\npapra, q\u00eb andej,<\/p>\n\n\n\n<p>shi\npa bubullima,<\/p>\n\n\n\n<p>vall\u00ebzoft\u00eb,\n\u00ebnd\u00ebrroft\u00eb, lumturoft\u00eb pa fre,<\/p>\n\n\n\n<p>e\nkurr\u00eb n\u00eb tok\u00ebn am\u00eb<\/p>\n\n\n\n<p>mos\nl\u00ebshoft\u00eb vet\u00ebtima!<\/p>\n\n\n\n<p>Vargu\nim u bekoft\u00eb,<\/p>\n\n\n\n<p>zemra\nt\u00eb ngurta trim\u00ebroft\u00eb,<\/p>\n\n\n\n<p>nga dep\u00ebrtoft\u00eb\nndri\u00e7oft\u00eb,<\/p>\n\n\n\n<p>err\u00ebsir\u00ebn\nverboft\u00eb!<\/p>\n\n\n\n<p>Vargu\nim i mir\u00eb,<\/p>\n\n\n\n<p>i\nshkrir\u00eb e i skalitur n\u00eb ar,<\/p>\n\n\n\n<p>\u00e7doher\u00eb\nmbett\u00eb i d\u00eblir\u00eb,<\/p>\n\n\n\n<p>i\nKosov\u00ebs varg shqiptar!&#8230;<\/p>\n\n\n\n<p><em>01\nShtator 2021 PODUJEV\u00cb KOSOV\u00cb<\/em><\/p>\n","protected":false},"excerpt":{"rendered":"<p>N\u00cbSE S\u2019 M\u00cb DO TANI&#8230;! N\u00ebse s\u2019 m\u00eb do tani kur ndjehem e l\u00ebnduar, kur ndjehem zem\u00ebrthyer e me shpirt p\u00ebrv\u00ebluar kurr\u00eb m\u00eb mos guxo t\u00eb m\u00eb thuash se m\u2019 ke dasht\u00eb! N\u00ebse s\u2019 m\u00eb do tani kur nuk kam asgj\u00eb, kur tingujt\u00eb e k\u00ebng\u00ebs sime nuk l\u00ebshojn\u00eb m\u00eb z\u00eb, kurr\u00eb mos guxo t\u00eb ma&hellip;<\/p>\n","protected":false},"author":1,"featured_media":9314,"comment_status":"open","ping_status":"open","sticky":false,"template":"","format":"standard","meta":{"footnotes":""},"categories":[7],"tags":[],"class_list":["post-9312","post","type-post","status-publish","format-standard","has-post-thumbnail","hentry","category-poezi"],"_links":{"self":[{"href":"https:\/\/revistakuvendi.org\/index.php?rest_route=\/wp\/v2\/posts\/9312","targetHints":{"allow":["GET"]}}],"collection":[{"href":"https:\/\/revistakuvendi.org\/index.php?rest_route=\/wp\/v2\/posts"}],"about":[{"href":"https:\/\/revistakuvendi.org\/index.php?rest_route=\/wp\/v2\/types\/post"}],"author":[{"embeddable":true,"href":"https:\/\/revistakuvendi.org\/index.php?rest_route=\/wp\/v2\/users\/1"}],"replies":[{"embeddable":true,"href":"https:\/\/revistakuvendi.org\/index.php?rest_route=%2Fwp%2Fv2%2Fcomments&post=9312"}],"version-history":[{"count":1,"href":"https:\/\/revistakuvendi.org\/index.php?rest_route=\/wp\/v2\/posts\/9312\/revisions"}],"predecessor-version":[{"id":9315,"href":"https:\/\/revistakuvendi.org\/index.php?rest_route=\/wp\/v2\/posts\/9312\/revisions\/9315"}],"wp:featuredmedia":[{"embeddable":true,"href":"https:\/\/revistakuvendi.org\/index.php?rest_route=\/wp\/v2\/media\/9314"}],"wp:attachment":[{"href":"https:\/\/revistakuvendi.org\/index.php?rest_route=%2Fwp%2Fv2%2Fmedia&parent=9312"}],"wp:term":[{"taxonomy":"category","embeddable":true,"href":"https:\/\/revistakuvendi.org\/index.php?rest_route=%2Fwp%2Fv2%2Fcategories&post=9312"},{"taxonomy":"post_tag","embeddable":true,"href":"https:\/\/revistakuvendi.org\/index.php?rest_route=%2Fwp%2Fv2%2Ftags&post=9312"}],"curies":[{"name":"wp","href":"https:\/\/api.w.org\/{rel}","templated":true}]}}