{"id":9295,"date":"2021-09-10T18:37:26","date_gmt":"2021-09-10T18:37:26","guid":{"rendered":"http:\/\/revistakuvendi.org\/?p=9295"},"modified":"2021-09-10T18:37:26","modified_gmt":"2021-09-10T18:37:26","slug":"ditet-e-letersise-shqipe-ne-amerike-2021","status":"publish","type":"post","link":"https:\/\/revistakuvendi.org\/?p=9295","title":{"rendered":"DITET E LETERSISE SHQIPE NE AMERIKE, 2021"},"content":{"rendered":"\n<figure class=\"wp-block-image\"><img loading=\"lazy\" decoding=\"async\" width=\"150\" height=\"150\" src=\"https:\/\/revistakuvendi.org\/wp-content\/uploads\/2021\/09\/gjergj-fishta.jpg\" alt=\"\" class=\"wp-image-9296\" srcset=\"https:\/\/revistakuvendi.org\/wp-content\/uploads\/2021\/09\/gjergj-fishta.jpg 150w, https:\/\/revistakuvendi.org\/wp-content\/uploads\/2021\/09\/gjergj-fishta-50x50.jpg 50w\" sizes=\"auto, (max-width: 150px) 100vw, 150px\" \/><\/figure>\n\n\n\n<p>PERKUJTOHET FISHTA NE 150 VJETORIN E LINDJES<\/p>\n\n\n\n<p>&nbsp;&nbsp;&nbsp;&nbsp;&nbsp;&nbsp;&nbsp;&nbsp;&nbsp;&nbsp; 1871- 2021<\/p>\n\n\n\n<p>Dit\u00ebt e Leters\u00ebis\u00eb Shqipe n\u00eb Amerik\u00eb, p\u00ebr her\u00eb t\u00eb pare u b\u00ebn\u00eb\nnga Revista \u201c Kuvendi\u201d, n\u00eb tetor 2001 dhe vazhduan p\u00ebr 21 vjet radhazi, n\u00eb kuad\u00ebr\nt\u00eb dit\u00eblindjes s\u00eb poeti komb\u00ebtar Gjergj Fishta, p\u00ebrkat\u00ebsisht n\u00eb jav\u00ebn e fundit\nt\u00eb tetorit t\u00eb \u00e7do viti.<\/p>\n\n\n\n<p>K\u00ebt\u00eb vit, me rastin e 150 vjetorit t\u00eb lindjes s\u00eb Poetit,\nKuvendi i zhvillon Dit\u00ebt e Letersis\u00eb, me 22 deri me 24 tetor 2021, ku vendin m\u00eb\nt\u00eb r\u00ebnd\u00ebsish\u00ebm do ta z\u00ebr\u00eb ky p\u00ebrvjetor.<\/p>\n\n\n\n<p>Si \u00e7do vit, do t\u00eb ket\u00eb Konkursin vjetor dhe, dy fituesit e\n\u00e7mimeve t\u00eb para, do t\u00eb ken\u00eb mund\u00ebsin\u00eb e botimit t\u00eb nj\u00eb libri, deri n\u00eb shtatorin\ne vitit 2022.<\/p>\n\n\n\n<p>Komisionin Organizativ dhe Jurin\u00eb , si dhe vendin ku do t\u00eb\nzhvillohet aktiviteti, do i njoftojm\u00eb para dat\u00ebs 20 shtator 2021.<\/p>\n\n\n\n<p>Krijuesit q\u00eb do t\u00eb marrin pjes\u00eb n\u00eb konkurs jan\u00eb t\u00eb lutur t\u2019i\ndergojn\u00eb materialet e tyre para dates 22 tetor 2021, n\u00eb e-mailin; <a href=\"mailto:revistakuvendi@gmail.com\">revistakuvendi@gmail.com<\/a><\/p>\n\n\n\n<p>KESHILLI BOTUES I REVISTES \u201cKUVENDI\u201d<\/p>\n\n\n\n<p>10 shtator 2021<\/p>\n","protected":false},"excerpt":{"rendered":"<p>PERKUJTOHET FISHTA NE 150 VJETORIN E LINDJES &nbsp;&nbsp;&nbsp;&nbsp;&nbsp;&nbsp;&nbsp;&nbsp;&nbsp;&nbsp; 1871- 2021 Dit\u00ebt e Leters\u00ebis\u00eb Shqipe n\u00eb Amerik\u00eb, p\u00ebr her\u00eb t\u00eb pare u b\u00ebn\u00eb nga Revista \u201c Kuvendi\u201d, n\u00eb tetor 2001 dhe vazhduan p\u00ebr 21 vjet radhazi, n\u00eb kuad\u00ebr t\u00eb dit\u00eblindjes s\u00eb poeti komb\u00ebtar Gjergj Fishta, p\u00ebrkat\u00ebsisht n\u00eb jav\u00ebn e fundit t\u00eb tetorit t\u00eb \u00e7do viti. K\u00ebt\u00eb&hellip;<\/p>\n","protected":false},"author":1,"featured_media":9296,"comment_status":"open","ping_status":"open","sticky":false,"template":"","format":"standard","meta":{"footnotes":""},"categories":[5],"tags":[],"class_list":["post-9295","post","type-post","status-publish","format-standard","has-post-thumbnail","hentry","category-letersi"],"_links":{"self":[{"href":"https:\/\/revistakuvendi.org\/index.php?rest_route=\/wp\/v2\/posts\/9295","targetHints":{"allow":["GET"]}}],"collection":[{"href":"https:\/\/revistakuvendi.org\/index.php?rest_route=\/wp\/v2\/posts"}],"about":[{"href":"https:\/\/revistakuvendi.org\/index.php?rest_route=\/wp\/v2\/types\/post"}],"author":[{"embeddable":true,"href":"https:\/\/revistakuvendi.org\/index.php?rest_route=\/wp\/v2\/users\/1"}],"replies":[{"embeddable":true,"href":"https:\/\/revistakuvendi.org\/index.php?rest_route=%2Fwp%2Fv2%2Fcomments&post=9295"}],"version-history":[{"count":1,"href":"https:\/\/revistakuvendi.org\/index.php?rest_route=\/wp\/v2\/posts\/9295\/revisions"}],"predecessor-version":[{"id":9297,"href":"https:\/\/revistakuvendi.org\/index.php?rest_route=\/wp\/v2\/posts\/9295\/revisions\/9297"}],"wp:featuredmedia":[{"embeddable":true,"href":"https:\/\/revistakuvendi.org\/index.php?rest_route=\/wp\/v2\/media\/9296"}],"wp:attachment":[{"href":"https:\/\/revistakuvendi.org\/index.php?rest_route=%2Fwp%2Fv2%2Fmedia&parent=9295"}],"wp:term":[{"taxonomy":"category","embeddable":true,"href":"https:\/\/revistakuvendi.org\/index.php?rest_route=%2Fwp%2Fv2%2Fcategories&post=9295"},{"taxonomy":"post_tag","embeddable":true,"href":"https:\/\/revistakuvendi.org\/index.php?rest_route=%2Fwp%2Fv2%2Ftags&post=9295"}],"curies":[{"name":"wp","href":"https:\/\/api.w.org\/{rel}","templated":true}]}}