{"id":9252,"date":"2021-08-24T12:26:44","date_gmt":"2021-08-24T12:26:44","guid":{"rendered":"http:\/\/revistakuvendi.org\/?p=9252"},"modified":"2021-08-24T12:26:44","modified_gmt":"2021-08-24T12:26:44","slug":"greis","status":"publish","type":"post","link":"https:\/\/revistakuvendi.org\/?p=9252","title":{"rendered":"GREIS"},"content":{"rendered":"\n<figure class=\"wp-block-image\"><img loading=\"lazy\" decoding=\"async\" width=\"140\" height=\"111\" src=\"https:\/\/revistakuvendi.org\/wp-content\/uploads\/2021\/08\/Muci3-2.jpg\" alt=\"\" class=\"wp-image-9253\"\/><\/figure>\n\n\n\n<p><\/p>\n\n\n\n<p>Nga Mu\u00e7 Xhepa<\/p>\n\n\n\n<p>Nat\u00eb. Heshtje.\nP\u00ebrpara der\u00ebs s\u00eb kasolles ai ra n\u00eb gjunj\u00eb. Ngriti kok\u00ebn lart. V\u00ebshtroi yjet. T\u00eb\npanum\u00ebrt. Drit\u00ebn hyjnore. Engj\u00ebjt. Ndri\u00e7imi i tyre udh\u00ebzim p\u00ebr ata q\u00eb k\u00ebrkojn\u00eb\nt\u2019i ndjekin. Udh\u00ebtimin shpirt\u00ebror. Mbrojtjen. Yllin e Betlehemit, drejtimin e\nPer\u00ebndis\u00eb, e shihja p\u00ebrtej mureve t\u00eb betonta t\u00eb qelis\u00eb, me syt\u00eb e mendjes, kur\nk\u00ebrkoja mbrojtjen, tha me vete. Yllin me kat\u00ebr cepa. Kryqin e Krisht\u00ebrimit. Ia\nd\u00ebrgoja d\u00ebshirat, duke shpresuar se Per\u00ebndia m\u00eb d\u00ebgjonte. Nuk isha vet\u00ebm n\u00eb\nvarr.<\/p>\n\n\n\n<p>Ashtu i humbur, n\u00eb\nmagjin\u00eb e nat\u00ebs, pa nj\u00eb yll t\u00eb shk\u00ebputej. Engj\u00ebll. \u00cbsht\u00eb shenj\u00eb fati, nj\u00eb ogur\ni mir\u00eb, tha me vete dhe filloi t\u00eb lutej. \u201cBiri im\u201d, iu b\u00eb nj\u00eb z\u00eb qiellor, \u201cv\u00ebri\nemrin Greis, \u00ebsht\u00eb dashuria ime, bekimi im p\u00ebr vuajtjen t\u00ebnde\u201d. U shkund nga\ng\u00ebzimi. \u201cPer\u00ebndi, prano fal\u00ebnderimin tim\u2026\u201d. Fjal\u00ebt iu mbyt\u00ebn n\u00eb lot\nmir\u00ebnjohjeje.<\/p>\n\n\n\n<p>Dera e klas\u00ebs s\u00eb\ntret\u00eb fillore u hap me kujdes. Plot droj\u00eb b\u00ebri dy hapa brenda nj\u00eb nx\u00ebn\u00ebse e re.\nVajz\u00eb e bukur. E gjat\u00eb p\u00ebr mosh\u00ebn, e holl\u00eb, me sy kafe t\u00eb leht\u00eb, q\u00eb shk\u00eblqenin\nsi guralec\u00eb t\u00eb lar\u00eb n\u00eb dallg\u00eb deti. Flok\u00eb t\u00eb gjata, bjonde, me onde, t\u00eb\nkrehuara me shteg n\u00eb an\u00eb. L\u00ebkur\u00eb t\u00eb bardh\u00eb, k\u00ebmb\u00eb t\u00eb gjata, t\u00eb holla, gishta\ndelikat\u00eb e krah\u00eb t\u00eb brisht\u00eb. Veshur me p\u00ebrpar\u00ebse t\u00eb zez\u00eb, akllazi, jaka t\u00eb\nbardha q\u00eb ia mbulonin flok\u00ebt. <\/p>\n\n\n\n<p>&#8211; Gresi ulu n\u00eb\nbank\u00ebn e par\u00eb, pran\u00eb Gugut.- i tha m\u00ebsues Nepravishta. At\u00eb dit\u00eb shoqja e bank\u00ebs\nmungonte. Gresi zuri vendin bosh. N\u00eb pushimin e shkurt\u00ebr e pyeta nga ishte. Uli\nsyt\u00eb.<\/p>\n\n\n\n<p>Llazar Papapostoli\nnga Zi\u00e7isti i Kor\u00e7\u00ebs kishte l\u00ebn\u00eb Amerik\u00ebn dhe ishte bashkuar me misionin e O.S.S.\nT\u00eb shp\u00ebtonte vendin nga pushtimi komunist. I riu inteligjent ishte shkolluar,\nn\u00eb fillim n\u00eb shkoll\u00ebn Teknike Amerikane, e m\u00eb von\u00eb n\u00eb universitetin \u201cIlinois\u201d\nn\u00eb Amerik\u00eb, n\u00eb deg\u00ebn e shkencave politiko-shoq\u00ebrore. Por, fati, si me t\u00eb gjith\u00eb\npatriot\u00ebt e tjer\u00eb, do t\u00eb sillej i pameshirsh\u00ebm me t\u00eb. Arrestohet n\u00eb dhjetor t\u00eb\nvitit 1946 dhe q\u00ebndron i burgosur p\u00ebr dhjet\u00eb vjet. I izoluar n\u00eb qelin\u00eb num\u00ebr\nnj\u00eb, n\u00eb Brrak\u00eb, p\u00ebr tet\u00eb vjet, ku tre vitet e para hetuesin\u00eb ia b\u00ebnte vet\u00eb\nMinistri i Brendsh\u00ebm Ko\u00e7i Xoxe, nj\u00eb njeri pa pik\u00eb burr\u00ebrie, pala\u00e7o, i\ndjall\u00ebzuar, intrigant dhe bandit pa principe. Kishte dit\u00eb q\u00eb e godiste me\nshuf\u00ebr hekuri. Ajo i kishte hapur plag\u00eb n\u00eb shpin\u00eb dhe k\u00ebmb\u00eb. S\u2019i kishte mbushur\nende t\u00eb dyzetat. Nj\u00eb nat\u00eb, me gozhd\u00ebn e ndryshkur t\u00eb k\u00ebpuc\u00ebve preu damar\u00ebt e\nduarve. Oficeri i sh\u00ebrbimit, q\u00eb e ruante n\u00eb m\u00ebnyr\u00eb t\u00eb rrept\u00eb, t\u00eb mos kishte\nkontak me njeri, e gjeti t\u00eb shtrir\u00eb n\u00eb \u00e7imento mbi nj\u00eb pellg gjaku. I vdekur.\nKur e soll\u00ebn n\u00eb jet\u00eb, ashtu gjysm\u00ebnjeri, Xoxe i ul\u00ebrinte:<\/p>\n\n\n\n<p>&#8211; Nuk tregon\nagjent amerikan. Por, ne i dim\u00eb t\u00eb t\u00ebra. Leri Post \u00ebsht\u00eb emri q\u00eb t\u00eb kan\u00eb v\u00ebn\u00eb.\nZbulimit t\u00eb v\u00ebllez\u00ebrve serb\u00eb nuk ia hedh dot Amerika kurv\u00eb. Do t\u00eb jem bir\u00eb\nbushtre n\u00ebse s\u2019t\u00eb b\u00ebj t\u2019i tregosh t\u00eb t\u00ebra.<\/p>\n\n\n\n<p>Nga sirtari i\ntryez\u00ebs mori nj\u00eb cop\u00eb druri t\u00eb pazdruguar, ia futi me forc\u00eb n\u00eb fyt dhe duke e\nrrotulluar ia coptoi kordat e z\u00ebrit. P\u00ebr vite t\u00eb t\u00ebra Leri humbi aft\u00ebsin\u00eb e t\u00eb\nfolurit.<\/p>\n\n\n\n<p>&#8211; Liza, do t\u00eb t\u00eb\nkisha humbur.- Ledhaton bashk\u00ebshorten, q\u00eb po i sjell n\u00eb jet\u00eb f\u00ebmij\u00ebn e par\u00eb.\nAjo ia merr duart n\u00eb t\u00eb sajat, ku dallohen shenja t\u00eb thella prerjeje dhe i\nvendoste n\u00eb buz\u00eb.<\/p>\n\n\n\n<p>&#8211; Per\u00ebndia m\u00eb\nruajti. M\u00eb nxorri nga varri. Dhe, ti po m\u00eb dhuron jet\u00eb.<\/p>\n\n\n\n<p>&#8211; Edhe po t\u00eb kisha\nqen\u00eb n\u00eb kushte t\u00eb tjera, s\u2019do t\u00eb k\u00ebrkoja dashuri m\u00eb t\u00eb madhe se kjo, q\u00eb m\u00eb jep\nti Leri.<\/p>\n\n\n\n<p>&#8211; Pak dit\u00eb dhe do\nt\u00eb b\u00ebhemi tre. Ke meduar p\u00ebr emrin?<\/p>\n\n\n\n<p>&#8211; Leri! Vendose\nti. Amerikan.<\/p>\n\n\n\n<p>&#8211; E kam n\u00eb zem\u00ebr.\nNga Per\u00ebndia.<\/p>\n\n\n\n<p>&#8211; Ma thuaj!<\/p>\n\n\n\n<p>&#8211; Greis. T\u00eb\np\u00eblqen?<\/p>\n\n\n\n<p>&#8211; Shum\u00eb. Cili\n\u00ebsht\u00eb kuptimi?<\/p>\n\n\n\n<p>&#8211; Drit\u00eb, hir i\nPer\u00ebndis\u00eb!<\/p>\n\n\n\n<p>&#8211; Oh Lery! &#8211; Liza\ni hidhet n\u00eb qaf\u00eb. Ai e mbuloi me t\u00eb puthuara.<\/p>\n\n\n\n<p>N\u00eb mesinxher m\u00eb\nth\u00ebrret Lu\u00e7i.<\/p>\n\n\n\n<p>&#8211; Jemi mbeldhur n\u00eb Rrogozhin\u00eb. Shok\u00ebt e shoqet e klas\u00ebs son\u00eb. Na mungon ti. Po t\u00eb nis nj\u00eb foto. T\u00eb p\u00ebrsh\u00ebndet Gresi. U mall\u00ebngjeva. S\u2019i mbajta lot\u00ebt. <\/p>\n\n\n\n<p>ne foto Gresi dhe Lu\u00e7i<\/p>\n\n\n\n<p>Gresi dhe Lu\u00e7i<\/p>\n\n\n\n<p><a href=\"https:\/\/www.facebook.com\/photo\/?fbid=10219500821696118&amp;set=a.10201041645108240&amp;__cft__%5b0%5d=AZV0b74ckkl4mzLbgTIQD0mRP9HxxWLrik-W3qxMb-dc6mE_NlHIdRFee46zh7pDg7HRQkbPOpilCsXDqIHWJfHGPzreqD16VCIn99P2vK3wFB7GhO4r7A3ZyYJY5QxpPA4&amp;__tn__=EH-R\"><\/a><\/p>\n\n\n\n\n\n<p><a href=\"https:\/\/www.facebook.com\/photo\/?fbid=10219500821696118&amp;set=a.10201041645108240&amp;__cft__%5b0%5d=AZV0b74ckkl4mzLbgTIQD0mRP9HxxWLrik-W3qxMb-dc6mE_NlHIdRFee46zh7pDg7HRQkbPOpilCsXDqIHWJfHGPzreqD16VCIn99P2vK3wFB7GhO4r7A3ZyYJY5QxpPA4&amp;__tn__=EH-R\"><\/a><\/p>\n","protected":false},"excerpt":{"rendered":"<p>Nga Mu\u00e7 Xhepa Nat\u00eb. Heshtje. P\u00ebrpara der\u00ebs s\u00eb kasolles ai ra n\u00eb gjunj\u00eb. Ngriti kok\u00ebn lart. V\u00ebshtroi yjet. T\u00eb panum\u00ebrt. Drit\u00ebn hyjnore. Engj\u00ebjt. Ndri\u00e7imi i tyre udh\u00ebzim p\u00ebr ata q\u00eb k\u00ebrkojn\u00eb t\u2019i ndjekin. Udh\u00ebtimin shpirt\u00ebror. Mbrojtjen. Yllin e Betlehemit, drejtimin e Per\u00ebndis\u00eb, e shihja p\u00ebrtej mureve t\u00eb betonta t\u00eb qelis\u00eb, me syt\u00eb e mendjes, kur&hellip;<\/p>\n","protected":false},"author":1,"featured_media":9253,"comment_status":"open","ping_status":"open","sticky":false,"template":"","format":"standard","meta":{"footnotes":""},"categories":[5],"tags":[],"class_list":["post-9252","post","type-post","status-publish","format-standard","has-post-thumbnail","hentry","category-letersi"],"_links":{"self":[{"href":"https:\/\/revistakuvendi.org\/index.php?rest_route=\/wp\/v2\/posts\/9252","targetHints":{"allow":["GET"]}}],"collection":[{"href":"https:\/\/revistakuvendi.org\/index.php?rest_route=\/wp\/v2\/posts"}],"about":[{"href":"https:\/\/revistakuvendi.org\/index.php?rest_route=\/wp\/v2\/types\/post"}],"author":[{"embeddable":true,"href":"https:\/\/revistakuvendi.org\/index.php?rest_route=\/wp\/v2\/users\/1"}],"replies":[{"embeddable":true,"href":"https:\/\/revistakuvendi.org\/index.php?rest_route=%2Fwp%2Fv2%2Fcomments&post=9252"}],"version-history":[{"count":1,"href":"https:\/\/revistakuvendi.org\/index.php?rest_route=\/wp\/v2\/posts\/9252\/revisions"}],"predecessor-version":[{"id":9254,"href":"https:\/\/revistakuvendi.org\/index.php?rest_route=\/wp\/v2\/posts\/9252\/revisions\/9254"}],"wp:featuredmedia":[{"embeddable":true,"href":"https:\/\/revistakuvendi.org\/index.php?rest_route=\/wp\/v2\/media\/9253"}],"wp:attachment":[{"href":"https:\/\/revistakuvendi.org\/index.php?rest_route=%2Fwp%2Fv2%2Fmedia&parent=9252"}],"wp:term":[{"taxonomy":"category","embeddable":true,"href":"https:\/\/revistakuvendi.org\/index.php?rest_route=%2Fwp%2Fv2%2Fcategories&post=9252"},{"taxonomy":"post_tag","embeddable":true,"href":"https:\/\/revistakuvendi.org\/index.php?rest_route=%2Fwp%2Fv2%2Ftags&post=9252"}],"curies":[{"name":"wp","href":"https:\/\/api.w.org\/{rel}","templated":true}]}}