{"id":9249,"date":"2021-08-23T10:45:07","date_gmt":"2021-08-23T10:45:07","guid":{"rendered":"http:\/\/revistakuvendi.org\/?p=9249"},"modified":"2021-08-23T10:45:07","modified_gmt":"2021-08-23T10:45:07","slug":"ish-kryetari-i-vatres-dr-gjon-bucaj-u-shkruan-editoreve-te-voal-ch-vazhdoni-ushtrimin-e-profesionit-tuej-me-objektivitet-e-perkushtim-ne-interesin-e-kombit-tone","status":"publish","type":"post","link":"https:\/\/revistakuvendi.org\/?p=9249","title":{"rendered":"Ish Kryetari i Vatr\u00ebs Dr.Gjon Bu\u00e7aj u shkruan editor\u00ebve t\u00eb Voal.ch: Vazhdoni ushtrimin e profesionit tuej me objektivitet e p\u00ebrkushtim n\u00eb interesin e kombit ton\u00eb"},"content":{"rendered":"\n<figure class=\"wp-block-image\"><img loading=\"lazy\" decoding=\"async\" width=\"160\" height=\"76\" src=\"https:\/\/revistakuvendi.org\/wp-content\/uploads\/2021\/08\/gjon-buqaj-21.png\" alt=\"\" class=\"wp-image-9250\"\/><\/figure>\n\n\n\n<p>By&nbsp;<a href=\"https:\/\/www.voal.ch\/author\/voal-admin\/\">voal.ch<\/a>&nbsp;| August 21, 2021<\/p>\n\n\n\n<p><strong><em>Midis editor\u00ebve t\u00eb Voice\nof Albanians \u2013 VOAL.CH ( Elida dhe Sk\u00ebnder Bu\u00e7papaj) dhe gazet\u00ebs Dielli, Vatra\nka ngritur murin e censur\u00ebs. Shkak u b\u00eb nj\u00eb opinion i Elida Bu\u00e7papajt p\u00ebr\nambasadorin e Shqip\u00ebris\u00eb n\u00eb Zvic\u00ebr Ilir Xhelil Gjoni, i cili prej dy mandatesh\nkeqp\u00ebrdor postin si zyrtar publik. Por si pretendim Vatra nxori faktin se\nVOAL.CH ka botuar deklaratat e Vatr\u00ebs tjet\u00ebr (tashm\u00eb jan\u00eb dy Vatra), iu ka\nmarr\u00eb intervist\u00eb&nbsp; dhe se Sk\u00ebnder Bu\u00e7papaj mori pjes\u00eb n\u00eb nj\u00eb simpozium\norganizuar prej saj. Editor\u00ebt e VOAL.CH nuk jan\u00eb p\u00ebrzier\u00eb me asnj\u00eb pal\u00eb,\np\u00ebrve\u00e7se kan\u00eb ushtruar detyrimin ndaj fjal\u00ebs t\u00eb lir\u00eb, si botues dhe si\ngazetar\u00eb. Lirin\u00eb e fjal\u00ebs e garantojn\u00eb t\u00eb gjitha Kushtetutat e shteteve\nPer\u00ebndimore. Amendamenti i par\u00eb i Kushtetut\u00ebs t\u00eb SHBA garanton lirin\u00eb e shprehjes.\nEditor\u00ebt e VOAL.CH nuk e kan\u00eb pritur kurr\u00eb k\u00ebt\u00eb reagim t\u00eb Elmi Berish\u00ebs, t\u00eb\ncilin e kan\u00eb respektuar pa asnj\u00eb rezerv\u00eb p\u00ebr kontributet e tij duke besuar se\nkan\u00eb ideale dhe nj\u00eb gjuh\u00eb t\u00eb p\u00ebrbashk\u00ebt. N\u00eb nj\u00eb koh\u00eb kritike, kur p\u00ebr\u00e7arja\nnd\u00ebrshqiptare \u00ebsht\u00eb k\u00eblthit\u00ebse, nuk kan\u00eb dashur t\u00eb dalin publikisht dhe jan\u00eb\np\u00ebrpjekur padobi t\u00eb komunikojn\u00eb me Elmi Berish\u00ebn. Ndaj t\u00eb gjitha pal\u00ebve\neditor\u00ebt e VOAL.CH kan\u00eb mbajtur qendrime shum\u00eb korrekte dhe t\u00eb ndershme, duke\nb\u00ebr\u00eb thirrje q\u00eb pal\u00ebt t\u00eb gjejn\u00eb gjuh\u00eb t\u00eb p\u00ebrbashk\u00ebt. Vatra dhe Dielli\ncensurojn\u00eb editor\u00ebt e VOAL.CH, \u00e7ojn\u00eb n\u00eb gjyq Vatr\u00ebn tjet\u00ebr, nd\u00ebrsa nga ana\ntjet\u00ebr kryeministri i Shqip\u00ebris\u00eb ka gjetur nj\u00eb gjuh\u00eb t\u00eb p\u00ebrbashk\u00ebt me\npresidentin e Serbis\u00eb ! Qendrimi i Vatr\u00ebs ndaj Bu\u00e7papajve \u00ebsht\u00eb nj\u00eb akt i\npaprecedent dhe bjerrje majtas e k\u00ebsaj shoqate panshqiptare q\u00eb ka n\u00eb themel\nparimet demokratike dhe luft\u00ebn kund\u00ebr komunizmit. Editor\u00ebt e VOAL.CH nuk do t\u00eb\nrreshtin s\u00eb k\u00ebrkuari q\u00eb Dielli t\u00eb heq\u00eb censur\u00ebn dhe t\u00eb ket\u00eb nj\u00eb drejtim serioz,\nsi t\u00eb et\u00ebrve dhe elit\u00ebs q\u00eb e ka drejtuar k\u00ebt\u00eb gazet\u00eb, prej themelimit.&nbsp;<\/em><\/strong><\/p>\n\n\n\n<p><strong>N\u00eb k\u00ebt\u00eb kontekst, po\nbotojm\u00eb letr\u00ebn q\u00eb Ish Kryetari i Vatr\u00ebs Dr.Gjon Bu\u00e7aj u shkruan editor\u00ebve t\u00eb\nVoal.ch:<\/strong><\/p>\n\n\n\n<p>Editor\u00eb t\u00eb nderuem dhe\nmiq t\u00eb dashtun t\u00eb fjal\u00ebs s\u00eb lir\u00eb,<\/p>\n\n\n\n<p>si gazetar\u00eb,\nintelektual\u00eb, atdhedash\u00ebs dhe dalzot\u00ebs s\u00eb fjal\u00ebs s\u00eb lir\u00eb, ju keni qen\u00eb p\u00ebr\nshum\u00eb koh\u00eb dhe jeni gjithnji objektiv\u00eb n\u00eb vler\u00ebsimin e Vatr\u00ebs si institucion\nmbi korrentet politike, e frym\u00ebzueme dhe e mb\u00ebshtetun n\u00eb interesin komb\u00ebtar.<\/p>\n\n\n\n<p>Mjerisht Vatra sot asht\ne ndame n\u00eb dy, si rrjedhim i manipulimeve t\u00eb Dritan Mishtos dhe i kok\u00ebfort\u00ebsis\u00eb\nt\u00eb pakuptueshme t\u00eb Elmi Berish\u00ebs q\u00eb ruen trash\u00ebgimin\u00eb e tij, Mishtos, t\u00eb\np\u00ebr\u00e7amjes dhe t\u00eb ecjes krejt\u00ebsisht jasht\u00eb Kanunores dhe tradit\u00ebs Vatrane.<\/p>\n\n\n\n<p>P\u00ebr her\u00eb t\u00eb par\u00eb n\u00eb\nhistorin\u00eb e k\u00ebsaj organizate 111 vje\u00e7are Elmiu me grupin e vet e kan\u00eb padit\u00eb n\u00eb\ngjyq Vatr\u00ebn q\u00eb e kryeson patrioti \u00e7am, Ahmet Xhafo, q\u00eb t\u00eb mos i lejohet t\u00eb\np\u00ebrdori emnin dhe emblemin e Vatr\u00ebs, por si thot\u00eb fjala popullore, \u201c\u00e7o nji\nkasht\u00eb e gjen gjasht\u00eb\u201d, ai ka provokue publikimin e ilegjitimitetit t\u00eb tij dhe\nt\u00eb gazet\u00ebs \u201cDielli\u201d q\u00eb prej mosh\u00ebs 108 vje\u00e7are t\u00eb saj ka shkel\u00eb etik\u00ebn dhe\ntradit\u00ebn, tue publikue deklarata false dhe shkrime shpif\u00ebse me vet\u00ebdije, n\u00eb t\u00eb\nnjejt\u00ebn koh\u00eb tue cenzurue shkrime me vler\u00eb t\u00eb p\u00ebrshtatshme p\u00ebr faqet e saj.\nShpenzimet p\u00ebr avoket\u00ebn q\u00eb nuk jan\u00eb t\u00eb pak\u00ebta, do t\u00eb kishte qen\u00eb ma mir\u00eb t\u00eb\nshkonin n\u00eb dobi t\u00eb veprimtaris\u00eb kulturore si ka qen\u00eb tradita e Vatr\u00ebs dhe e\n\u201cDiellit\u201d ose p\u00ebr t\u00eb ba gazet\u00ebn s\u00eb pakut javore.<\/p>\n\n\n\n<p>Nuk asht aspak \u00e7udi p\u00ebr\nkaosin q\u00eb kan\u00eb krijue vet\u00eb. Kan\u00eb dal\u00eb jasht\u00eb Kanunores, prandej nuk mund t\u00eb\norjentohen. Dikush merr an\u00ebn e Majkos e dikush ban deklarata, gjoja p\u00ebr t\u00eb\nndihmue Sali Berish\u00ebn, i cili e ka than\u00eb publikisht se nuk don ndim\u00eb as nga\ndeputet\u00ebt e partis\u00eb s\u00eb vet, e jo ma prej Vatr\u00ebs q\u00eb nuk asht pun\u00eb e saj. Prandej\nmos u \u00e7uditni p\u00ebr asgja q\u00eb mund t\u00eb vij\u00eb nga grupi n\u00eb fjal\u00eb. E vetmja \u00e7udi mund\nt\u00eb ishte nji q\u00ebndrim harmonizues, nji p\u00ebrpjekje p\u00ebr t\u00eb sh\u00ebrue skandalin e\nturpsh\u00ebm n\u00eb t\u00eb cilin e kan\u00eb fut\u00eb Vatr\u00ebn dhe p\u00ebrpiqen me ia lan\u00eb fajin\ntjet\u00ebkuj\u00eb. Ndoshta shpresojn\u00eb se gjyqi do t\u00eb marri an\u00ebn e tyne.<\/p>\n\n\n\n<p>Ju d\u00ebshiroj sh\u00ebndet dhe\nenergji t\u00eb vazhdoni ushtrimin e profesionit tuej me objektivitet e p\u00ebrkushtim\nn\u00eb interesin e kombit ton\u00eb q\u00eb ende vuen nga pasojat e s\u00eb kaluemes tragjike.<\/p>\n\n\n\n<p>Miq\u00ebsisht i jueji,<\/p>\n\n\n\n<p>Gjon Bu\u00e7aj<\/p>\n\n\n\n<p><em>P.S. P\u00ebr ata q\u00eb nuk e\ndijn\u00eb, n\u00eb aktakuz\u00ebn e Vatr\u00ebs s\u00eb Elmiut, jan\u00eb kat\u00ebr emna: Ahmet Xhafo q\u00eb asht\nkryetar i zgjedhun p\u00ebrpikm\u00ebnisht simbas Kanunores, Dr. Nexhat Kali\u00e7i i cili\ndrejton Fondacionin \u201cVatra Foundation, Inc\u201d, z. Armin Zotaj, kryetar i deg\u00ebs\nWashington DC, i cili u p\u00ebrpoq t\u00eb l\u00ebshonte drit\u00eb mbi \u00e7ka po fillonte me ndodh\u00eb\nme Vatr\u00ebn qysh\u00eb n\u00eb kuvendin e qershorit 2017, dhe Gjon Bu\u00e7aj, ish kryetar i\nVatr\u00ebs por tash kat\u00ebr vjet antar i thjesht\u00eb. Ndoshta pse un\u00eb p\u00ebrkrahi Vatr\u00ebn q\u00eb\norganizoi Kamisioni i 5 tetorit, tash m\u00eb padisin pse ushtroj t\u00eb drejt\u00ebn e\nfjal\u00ebs s\u00eb lir\u00eb dhe shpresojn\u00eb se nji gjygj n\u00eb vendin ma demokratik t\u00eb bo\u00ebs do\nt\u00eb thej\u00eb Kushtetut\u00ebn p\u00ebr qejfin e tyne? N\u00eb se ndokush di me ma spjegue, do t\u2019i\njem mir\u00ebnjoh\u00ebs.<\/em><\/p>\n","protected":false},"excerpt":{"rendered":"<p>By&nbsp;voal.ch&nbsp;| August 21, 2021 Midis editor\u00ebve t\u00eb Voice of Albanians \u2013 VOAL.CH ( Elida dhe Sk\u00ebnder Bu\u00e7papaj) dhe gazet\u00ebs Dielli, Vatra ka ngritur murin e censur\u00ebs. Shkak u b\u00eb nj\u00eb opinion i Elida Bu\u00e7papajt p\u00ebr ambasadorin e Shqip\u00ebris\u00eb n\u00eb Zvic\u00ebr Ilir Xhelil Gjoni, i cili prej dy mandatesh keqp\u00ebrdor postin si zyrtar publik. Por si&hellip;<\/p>\n","protected":false},"author":1,"featured_media":9250,"comment_status":"open","ping_status":"open","sticky":false,"template":"","format":"standard","meta":{"footnotes":""},"categories":[11],"tags":[],"class_list":["post-9249","post","type-post","status-publish","format-standard","has-post-thumbnail","hentry","category-publicistike"],"_links":{"self":[{"href":"https:\/\/revistakuvendi.org\/index.php?rest_route=\/wp\/v2\/posts\/9249","targetHints":{"allow":["GET"]}}],"collection":[{"href":"https:\/\/revistakuvendi.org\/index.php?rest_route=\/wp\/v2\/posts"}],"about":[{"href":"https:\/\/revistakuvendi.org\/index.php?rest_route=\/wp\/v2\/types\/post"}],"author":[{"embeddable":true,"href":"https:\/\/revistakuvendi.org\/index.php?rest_route=\/wp\/v2\/users\/1"}],"replies":[{"embeddable":true,"href":"https:\/\/revistakuvendi.org\/index.php?rest_route=%2Fwp%2Fv2%2Fcomments&post=9249"}],"version-history":[{"count":1,"href":"https:\/\/revistakuvendi.org\/index.php?rest_route=\/wp\/v2\/posts\/9249\/revisions"}],"predecessor-version":[{"id":9251,"href":"https:\/\/revistakuvendi.org\/index.php?rest_route=\/wp\/v2\/posts\/9249\/revisions\/9251"}],"wp:featuredmedia":[{"embeddable":true,"href":"https:\/\/revistakuvendi.org\/index.php?rest_route=\/wp\/v2\/media\/9250"}],"wp:attachment":[{"href":"https:\/\/revistakuvendi.org\/index.php?rest_route=%2Fwp%2Fv2%2Fmedia&parent=9249"}],"wp:term":[{"taxonomy":"category","embeddable":true,"href":"https:\/\/revistakuvendi.org\/index.php?rest_route=%2Fwp%2Fv2%2Fcategories&post=9249"},{"taxonomy":"post_tag","embeddable":true,"href":"https:\/\/revistakuvendi.org\/index.php?rest_route=%2Fwp%2Fv2%2Ftags&post=9249"}],"curies":[{"name":"wp","href":"https:\/\/api.w.org\/{rel}","templated":true}]}}