{"id":9225,"date":"2021-08-07T12:16:19","date_gmt":"2021-08-07T12:16:19","guid":{"rendered":"http:\/\/revistakuvendi.org\/?p=9225"},"modified":"2021-08-07T12:16:19","modified_gmt":"2021-08-07T12:16:19","slug":"cila-drejtesi","status":"publish","type":"post","link":"https:\/\/revistakuvendi.org\/?p=9225","title":{"rendered":"CILA DREJT\u00cbSI\u2026?"},"content":{"rendered":"\n<figure class=\"wp-block-image\"><img loading=\"lazy\" decoding=\"async\" width=\"160\" height=\"93\" src=\"https:\/\/revistakuvendi.org\/wp-content\/uploads\/2021\/08\/muci2.jpg\" alt=\"\" class=\"wp-image-9226\"\/><\/figure>\n\n\n\n<p>Nga\nMu\u00e7 Xhepa<\/p>\n\n\n\n<p>Zoti\nCarver d\u00ebgjonte dhe her\u00eb-her\u00eb shkruante n\u00eb bllok. Lluka Qafoku, nj\u00ebri prej\ndrejtor\u00ebve t\u00eb organizat\u00ebs \u201cSht\u00ebpia e Liris\u00eb Shqiptaro-Amerikane\u201d, fliste rreth\nr\u00ebnd\u00ebsis\u00eb q\u00eb kishte sistemi gjyq\u00ebsor. D\u00ebnimin e krimeve t\u00eb komunizmit.\nDiplomati q\u00eb d\u00ebgjonte ishte punonj\u00ebs, q\u00eb mbulonte Shqip\u00ebrin\u00eb n\u00eb Departamentin e\nShtetit.<\/p>\n\n\n\n<p>&#8211;\nP\u00ebrse nuk e b\u00ebni?- Zoti Carver pyeti i revoltuar. Qytetar i bot\u00ebs s\u00eb lir\u00eb.<\/p>\n\n\n\n<p>&#8211;\nCil\u00ebt do ta b\u00ebjn\u00eb?- Lluk\u00ebs i doli nga krah\u00ebrori.<\/p>\n\n\n\n<p>&#8211;\nDrejt\u00ebsia! Drejt\u00ebsia e sistemit demokratik! <\/p>\n\n\n\n<p>Lluka\nhapi \u00e7ant\u00ebn. Nxorri disa flet\u00eb formati t\u00eb mb\u00ebrthyera me kap\u00ebse.<\/p>\n\n\n\n<p>&#8211; Ky\n\u00ebsht\u00eb nj\u00eb punim. E kam p\u00ebrgatitur, pa qen\u00eb jurist. Por, jam k\u00ebshilluar me ta.<\/p>\n\n\n\n<p>Lluka\nfliste, mua m\u00eb r\u00ebndonin lot\u00ebt e Ilirit. Mikut t\u00eb rinis\u00eb s\u00eb hershme.<\/p>\n\n\n\n<p>&#8211;\nEdhe lumturin\u00eb e kemi dhimbje. Dhimbje q\u00eb \u00e7an malin.- Syt\u00eb iu mbush\u00ebn me lot.<\/p>\n\n\n\n<p>Ishte\nkthyer nga takimi me t\u00eb dashur\u00ebn. Vajz\u00eb n\u00eb vitin e tret\u00eb t\u00eb shkoll\u00ebs s\u00eb mesme.\nE bukur si drita. E quanim, mes nesh, Virna Lisi.<\/p>\n\n\n\n<p>\u201cDo\nt\u00eb t\u00eb pranoj\u2026 t\u00eb dua shum\u00eb, aq sa po \u00e7mendem\u201d.- Ia mbylla buz\u00ebt me t\u00eb miat. Ato\nu b\u00ebn\u00eb akull. Ktheu kok\u00ebn m\u00ebnjan\u00eb. Filloi t\u00eb qaj\u00eb me d\u00ebnes\u00eb. E lash\u00eb t\u00eb\nqet\u00ebsohet. <\/p>\n\n\n\n<p>\u201cKur\nburgos\u00ebn baban\u00eb\u201d, inxhinier, \u201cmaman\u00eb e hoq\u00ebn nga arsimi. E \u00e7uan t\u00eb punoj\u00eb n\u00eb\nkooperativ\u00eb. Me kazm\u00eb. Na nxorr\u00ebn edhe nga sht\u00ebpia. Sillte di\u00e7ka nga fusha,\nbarishte, q\u00eb i zienim. Buk\u00ebn e b\u00ebnim prej rr\u00ebnj\u00ebsh, q\u00eb mami i thante, i\nshtypte. Brum\u00eb. Ishim t\u00eb varf\u00ebr, sa s\u2019thuhet. Asnj\u00eb na ndihmonte. I t\u00ebr\u00eb fisi\nna kishin\u2026\u201d. E shtr\u00ebngova n\u00eb krah\u00ebror. P\u00ebrp\u00eblitej si zog. Per\u00ebndia ime. <\/p>\n\n\n\n<p>\u201cIsha\nkat\u00ebrmb\u00ebdhjet\u00eb vje\u00e7. Rrug\u00ebs p\u00ebr n\u00eb sht\u00ebpi, shtegu kalonte pran\u00eb baxhos. Ai doli\nte dera dhe ma b\u00ebri me dor\u00eb. I organizuar n\u00eb parti. Kishte mbledhur di\u00e7ka. Ula\nkok\u00ebn. Vazhdova udh\u00ebn. Hajde moj vajza m\u00ebsueses, t\u00eb kam prer\u00eb pak djath\u00eb,\nthirri. S\u2019e ngrita kok\u00ebn. M\u2019u afrua, ja, merre tha. Ma vuri n\u00eb dor\u00eb. Ja, hajde\nbrenda, kam pak buk\u00eb t\u00eb ngroht\u00eb, merre edhe at\u00eb. G\u00ebzoje m\u00ebsuesen. Qeshi. M\u00eb\nzuri nga dora. Me forc\u00eb. M\u00eb t\u00ebrhoqi brenda. Kud\u00ebrshtova. Th\u00ebrrita. Ul\u00ebrita p\u00ebr\nndihm\u00eb. M\u00eb mbylli goj\u00ebn. Baxhoxhiu, trupmadh, p\u00ebrbind\u00ebsh, m\u00eb shtriu n\u00eb\ndyshemene e yndyrt\u00eb. Rr\u00ebshqita. M\u00eb vuri posht\u00eb vetes. Gishtin e trash\u00eb t\u00eb dor\u00ebs\ntjet\u00ebr\u2026\u201d S\u2019e lash\u00eb t\u00eb vazhdoj\u00eb.<\/p>\n\n\n\n<p>Iliri\ndridhej, sut\u00eb iu zbardh\u00ebn.<\/p>\n\n\n\n<p>&#8211; Do\nta vras, do ta vras!<\/p>\n\n\n\n<p>&#8211;\nS\u2019ke p\u00ebrse t\u00eb b\u00ebhesh edhe ti p\u00ebr burg. Kall\u00ebzoje.<\/p>\n\n\n\n<p>&#8211;\nKujt t\u2019ia kall\u00ebzoj? E b\u00ebri e \u00ebma dhe e k\u00ebrc\u00ebnuan p\u00ebr ta futur edhe at\u00eb brenda.\nK\u00ebrkon t\u00eb b\u00ebsh partin\u00eb me balt\u00eb, i than\u00eb. Armike!<\/p>\n\n\n\n<p>Zoti Carver mori materialin dhe u ndam\u00eb me besimin se Amerika do t\u00eb na ndihmonte t\u00eb nd\u00ebrtonim nj\u00eb sistem drjet\u00ebsie t\u00eb v\u00ebrtet\u00eb.<\/p>\n\n\n\n<figure class=\"wp-block-image\"><img loading=\"lazy\" decoding=\"async\" width=\"400\" height=\"533\" src=\"https:\/\/revistakuvendi.org\/wp-content\/uploads\/2021\/08\/muci1.jpg\" alt=\"\" class=\"wp-image-9227\" srcset=\"https:\/\/revistakuvendi.org\/wp-content\/uploads\/2021\/08\/muci1.jpg 400w, https:\/\/revistakuvendi.org\/wp-content\/uploads\/2021\/08\/muci1-225x300.jpg 225w\" sizes=\"auto, (max-width: 400px) 100vw, 400px\" \/><\/figure>\n\n\n\n<p>Zoti\nCarver dhe Lluka Qafoku.<\/p>\n","protected":false},"excerpt":{"rendered":"<p>Nga Mu\u00e7 Xhepa Zoti Carver d\u00ebgjonte dhe her\u00eb-her\u00eb shkruante n\u00eb bllok. Lluka Qafoku, nj\u00ebri prej drejtor\u00ebve t\u00eb organizat\u00ebs \u201cSht\u00ebpia e Liris\u00eb Shqiptaro-Amerikane\u201d, fliste rreth r\u00ebnd\u00ebsis\u00eb q\u00eb kishte sistemi gjyq\u00ebsor. D\u00ebnimin e krimeve t\u00eb komunizmit. Diplomati q\u00eb d\u00ebgjonte ishte punonj\u00ebs, q\u00eb mbulonte Shqip\u00ebrin\u00eb n\u00eb Departamentin e Shtetit. &#8211; P\u00ebrse nuk e b\u00ebni?- Zoti Carver pyeti i&hellip;<\/p>\n","protected":false},"author":1,"featured_media":9226,"comment_status":"open","ping_status":"open","sticky":false,"template":"","format":"standard","meta":{"footnotes":""},"categories":[5],"tags":[],"class_list":["post-9225","post","type-post","status-publish","format-standard","has-post-thumbnail","hentry","category-letersi"],"_links":{"self":[{"href":"https:\/\/revistakuvendi.org\/index.php?rest_route=\/wp\/v2\/posts\/9225","targetHints":{"allow":["GET"]}}],"collection":[{"href":"https:\/\/revistakuvendi.org\/index.php?rest_route=\/wp\/v2\/posts"}],"about":[{"href":"https:\/\/revistakuvendi.org\/index.php?rest_route=\/wp\/v2\/types\/post"}],"author":[{"embeddable":true,"href":"https:\/\/revistakuvendi.org\/index.php?rest_route=\/wp\/v2\/users\/1"}],"replies":[{"embeddable":true,"href":"https:\/\/revistakuvendi.org\/index.php?rest_route=%2Fwp%2Fv2%2Fcomments&post=9225"}],"version-history":[{"count":1,"href":"https:\/\/revistakuvendi.org\/index.php?rest_route=\/wp\/v2\/posts\/9225\/revisions"}],"predecessor-version":[{"id":9228,"href":"https:\/\/revistakuvendi.org\/index.php?rest_route=\/wp\/v2\/posts\/9225\/revisions\/9228"}],"wp:featuredmedia":[{"embeddable":true,"href":"https:\/\/revistakuvendi.org\/index.php?rest_route=\/wp\/v2\/media\/9226"}],"wp:attachment":[{"href":"https:\/\/revistakuvendi.org\/index.php?rest_route=%2Fwp%2Fv2%2Fmedia&parent=9225"}],"wp:term":[{"taxonomy":"category","embeddable":true,"href":"https:\/\/revistakuvendi.org\/index.php?rest_route=%2Fwp%2Fv2%2Fcategories&post=9225"},{"taxonomy":"post_tag","embeddable":true,"href":"https:\/\/revistakuvendi.org\/index.php?rest_route=%2Fwp%2Fv2%2Ftags&post=9225"}],"curies":[{"name":"wp","href":"https:\/\/api.w.org\/{rel}","templated":true}]}}