{"id":9138,"date":"2021-06-07T20:32:55","date_gmt":"2021-06-07T20:32:55","guid":{"rendered":"http:\/\/revistakuvendi.org\/?p=9138"},"modified":"2021-06-07T20:32:55","modified_gmt":"2021-06-07T20:32:55","slug":"kalendari-i-51-ndeshjeve-te-kampionatit-europian","status":"publish","type":"post","link":"https:\/\/revistakuvendi.org\/?p=9138","title":{"rendered":"Kalendari i 51 ndeshjeve t\u00eb Kampionatit Europian"},"content":{"rendered":"\n<figure class=\"wp-block-image\"><img loading=\"lazy\" decoding=\"async\" width=\"160\" height=\"78\" src=\"http:\/\/revistakuvendi.org\/wp-content\/uploads\/2021\/06\/euro21.jpg\" alt=\"\" class=\"wp-image-9139\"\/><\/figure>\n\n\n\n<p>P\u00ebr her\u00eb t\u00eb par\u00eb Europiani do t\u00eb zhvillohet n\u00eb disa shtete, ku do t\u00eb jen\u00eb 11 qytete prit\u00ebse.<\/p>\n\n\n\n<p>Jan\u00eb 51 ndeshje q\u00eb\ndo t\u00eb luhen n\u00eb harkun kohor t\u00eb 1 muaji.<\/p>\n\n\n\n<p>24 ekipet\npjes\u00ebmarr\u00ebse jan\u00eb t\u00eb ndara n\u00eb 6 grupe, ku n\u00eb 1\/16-at do t\u00eb kualifikohen 2\nvendet e para dhe 4 t\u00eb tretat m\u00eb t\u00eb mira.<\/p>\n\n\n\n<p>UEFA ka publikuar\ndatat, orarin dhe vendin ku do t\u00eb luhen ndeshjet e \u201cEURO 2020\u201d.<\/p>\n\n\n\n<p>Kompeticioni nis n\u00eb Rom\u00eb me ndeshjen hap\u00ebse Itali-Turqi dhe mbyllet me finalen e 11 korrikut n\u00eb Lond\u00ebr.<\/p>\n\n\n\n<figure class=\"wp-block-image\"><img loading=\"lazy\" decoding=\"async\" width=\"640\" height=\"360\" src=\"http:\/\/revistakuvendi.org\/wp-content\/uploads\/2021\/06\/euro21-1.jpg\" alt=\"\" class=\"wp-image-9140\" srcset=\"https:\/\/revistakuvendi.org\/wp-content\/uploads\/2021\/06\/euro21-1.jpg 640w, https:\/\/revistakuvendi.org\/wp-content\/uploads\/2021\/06\/euro21-1-300x169.jpg 300w, https:\/\/revistakuvendi.org\/wp-content\/uploads\/2021\/06\/euro21-1-460x260.jpg 460w\" sizes=\"auto, (max-width: 640px) 100vw, 640px\" \/><\/figure>\n\n\n\n<p><strong>Kalendari\ni \u201cEURO 2020\u201d<\/strong><\/p>\n\n\n\n<p><strong>Grupi\nA (Rom\u00eb\/ Baku)<\/strong><\/p>\n\n\n\n<p>Turqi<\/p>\n\n\n\n<p>Itali (prit\u00ebs)<\/p>\n\n\n\n<p>Uells<\/p>\n\n\n\n<p>Zvic\u00ebr<\/p>\n\n\n\n<p><strong>Grupi\nB (Kopenhag\u00eb\/ Sh\u00ebn Petersburg)<\/strong><\/p>\n\n\n\n<p>Danimark\u00eb (prit\u00ebs)<\/p>\n\n\n\n<p>Finland\u00eb<\/p>\n\n\n\n<p>Belgjik\u00eb<\/p>\n\n\n\n<p>Rusi (prit\u00ebs)<\/p>\n\n\n\n<p><strong>Grupi\nC (Amsterdam\/ Bukuresht)<\/strong><\/p>\n\n\n\n<p>Holand\u00eb (prit\u00ebs)<\/p>\n\n\n\n<p>Ukrain\u00eb<\/p>\n\n\n\n<p>Austri<\/p>\n\n\n\n<p>Maqedonia e Veriut<\/p>\n\n\n\n<p><strong>Grupi\nD (Lond\u00ebr\/ Glasgow)<\/strong><\/p>\n\n\n\n<p>Angli (prit\u00ebs)<\/p>\n\n\n\n<p>Kroaci<\/p>\n\n\n\n<p>Skoci (prit\u00ebs)<\/p>\n\n\n\n<p>Republika \u00c7eke<\/p>\n\n\n\n<p><strong>Grupi\nE (Sevilje\/ Sh\u00ebn Petersburg)<\/strong><\/p>\n\n\n\n<p>Spanj\u00eb (prit\u00ebs)<\/p>\n\n\n\n<p>Suedi<\/p>\n\n\n\n<p>Poloni<\/p>\n\n\n\n<p>Sllovaki<\/p>\n\n\n\n<p><strong>Grupi\nF (Mynih\/ Budapest)<\/strong><\/p>\n\n\n\n<p>Hungari (prit\u00ebs)<\/p>\n\n\n\n<p>Portugali<\/p>\n\n\n\n<p>Franc\u00eb<\/p>\n\n\n\n<p>Gjermani (prit\u00ebs)<\/p>\n\n\n\n<p><strong>Faza\ne grupeve<\/strong><\/p>\n\n\n\n<p><strong>E\npremte 11 qershor<\/strong><\/p>\n\n\n\n<p>Grupi A: Turqi \u2013 Itali (21:00, Rom\u00eb )<\/p>\n\n\n\n<p><strong>E\nshtun\u00eb 12 qershor<\/strong><\/p>\n\n\n\n<p>Grupi A: Uells-Zvic\u00ebr (15:00, Baku )<\/p>\n\n\n\n<p>Grupi B: Danimark\u00eb-Finland\u00eb (18:00,\nKopenhag\u00eb )<\/p>\n\n\n\n<p>Grupi B: Belgjik\u00eb-Rusi (21:00, Sh\u00ebn\nPetersburg )<\/p>\n\n\n\n<p><strong>E\ndiel 13 qershor<\/strong><\/p>\n\n\n\n<p>Grupi D: Angli-Kroaci (15:00, Lond\u00ebr )<\/p>\n\n\n\n<p>Grupi C: Austri-Maqedoni e Veriut (18:00,\nBukuresht )<\/p>\n\n\n\n<p>Grupi C: Holand\u00eb-Ukrain\u00eb (21:00, Amsterdam\n)<\/p>\n\n\n\n<p><strong>E\nh\u00ebn\u00eb 14 qershor<\/strong><\/p>\n\n\n\n<p>Grupi D: Skoci-Republika \u00c7eke (15:00,\nGlasgow )<\/p>\n\n\n\n<p>Grupi E: Poloni-Sllovaki (18:00, Sh\u00ebn\nPetersburg )<\/p>\n\n\n\n<p>Grupi E: Spanj\u00eb-Suedi (21:00, Sevilje )<\/p>\n\n\n\n<p><strong>E\nmart\u00eb 15 qershor<\/strong><\/p>\n\n\n\n<p>Grupi F: Hungari-Portugali (18:00,\nBudapest )<\/p>\n\n\n\n<p>Grupi F: Franc\u00eb-Gjermani (21:00, Mynih )<\/p>\n\n\n\n<p><strong>E\nm\u00ebrkur\u00eb 16 qershor<\/strong><\/p>\n\n\n\n<p>Grupi B: Finland\u00eb-Rusi (15:00, Sh\u00ebn\nPetersburg )<\/p>\n\n\n\n<p>Grupi A: Turqi-Uells (18:00, Baku )<\/p>\n\n\n\n<p>Grupi A: Itali-Zvic\u00ebr (21:00, Rom\u00eb )<\/p>\n\n\n\n<p><strong>E\nenjte 17 qershor<\/strong><\/p>\n\n\n\n<p>Grupi C: Ukrain\u00eb-Maqedoni e Veriut (15:00,\nBukuresht )<\/p>\n\n\n\n<p>Grupi B: Danimark\u00eb-Belgjik\u00eb (18:00,\nKopenhag\u00eb )<\/p>\n\n\n\n<p>Grupi C: Holand\u00eb-Austri (21:00, Amsterdam\n)<\/p>\n\n\n\n<p><strong>E\npremte 18 qershor<\/strong><\/p>\n\n\n\n<p>Grupi E: Suedi-Sllovaki (15:00, Sh\u00ebn\nPetersburg )<\/p>\n\n\n\n<p>Grupi D: Kroaci-Republika \u00c7eke (18:00,\nGlasgow )<\/p>\n\n\n\n<p>Grupi D: Angli-Skoci (21:00, Lond\u00ebr )<\/p>\n\n\n\n<p><strong>E\nshtun\u00eb 19 qershor<\/strong><\/p>\n\n\n\n<p>Grupi F: Hungari-Franc\u00eb (15:00, Budapest )<\/p>\n\n\n\n<p>Grupi F: Portugali-Gjermani (18:00, Mynih\n)<\/p>\n\n\n\n<p>Grupi E: Spanj\u00eb-Poloni (21:00, Sevilje )<\/p>\n\n\n\n<p><strong>E\ndiel 20 qershor<\/strong><\/p>\n\n\n\n<p>Grupi A: Itali-Uells (18:00, Rom\u00eb )<\/p>\n\n\n\n<p>Grupi A: Zvic\u00ebr-Turqi (18:00, Baku )<\/p>\n\n\n\n<p><strong>E\nh\u00ebn\u00eb 21 qershor<\/strong><\/p>\n\n\n\n<p>Grupi C: Maqedoni e Veriut-Holand\u00eb (18:00,\nAmsterdam )<\/p>\n\n\n\n<p>Grupi C: Ukrain\u00eb-Austri (18:00, Bukuresht\n)<\/p>\n\n\n\n<p>Grupi B: Rusi-Danimark\u00eb (21:00, Kopenhag\u00eb\n)<\/p>\n\n\n\n<p>Grupi B: Finland\u00eb-Belgjik\u00eb (21:00 , Sh\u00ebn\nPetersburg )<\/p>\n\n\n\n<p><strong>E\nmart\u00eb 22 qershor<\/strong><\/p>\n\n\n\n<p>Grupi D: Republika \u00c7eke-Angli (21:00, Lond\u00ebr\n)<\/p>\n\n\n\n<p>Grupi D: Kroaci-Skoci (21:00, Glasgow )<\/p>\n\n\n\n<p><strong>E\nm\u00ebrkur\u00eb 23 qershor<\/strong><\/p>\n\n\n\n<p>Grupi E: Sllovaki-Spanj\u00eb (18:00, Sevilje )<\/p>\n\n\n\n<p>Grupi E: Suedi-Poloni (18:00, Sh\u00ebn\nPetersburg )<\/p>\n\n\n\n<p>Grupi F: Gjermani-Hungari (21:00, Mynih )<\/p>\n\n\n\n<p>Grupi F: Portugali-Franc\u00eb (21:00 ,\nBudapest )<\/p>\n\n\n\n<p><strong>Dit\u00ebt\ne pushimit n\u00eb 24 dhe 25 qershor<\/strong><\/p>\n\n\n\n<p>Raundi i 1\/16-ave<\/p>\n\n\n\n<p><strong>E\nshtun\u00eb 26 qershor<\/strong><\/p>\n\n\n\n<p>1: 2A \u2013 2B (18:00, Amsterdam )<\/p>\n\n\n\n<p>2: 1A \u2013 2C (21:00, Lond\u00ebr )<\/p>\n\n\n\n<p><strong>E\ndiel 27 qershor<\/strong><\/p>\n\n\n\n<p>3: 1C \u2013 3D \/ E \/ F (18:00, Budapest )<\/p>\n\n\n\n<p>4: 1B \u2013 3A \/ D \/ E \/ F (21:00, Sevilje )<\/p>\n\n\n\n<p><strong>E\nh\u00ebn\u00eb 28 qershor<\/strong><\/p>\n\n\n\n<p>5: 2D \u2013 2E (18:00, Kopenhag\u00eb )<\/p>\n\n\n\n<p>6: 1F \u2013 3A \/ B \/ C (21:00, Bukuresht )<\/p>\n\n\n\n<p><strong>E\nmart\u00eb 29 qershor<\/strong><\/p>\n\n\n\n<p>7: 1D \u2013 2F (18:00, Lond\u00ebr )<\/p>\n\n\n\n<p>8: 1E \u2013 3A \/ B \/ C \/ D (21:00, Glasgow )<\/p>\n\n\n\n<p>Dit\u00ebt e pushimit m\u00eb 30 qershor dhe 1\nkorrik<\/p>\n\n\n\n<p><strong>\u00c7erekfinalet<\/strong><\/p>\n\n\n\n<p><strong>E\npremte 2 korrik<\/strong><\/p>\n\n\n\n<p>QF1: Fituesi 6 \u2013 Fituesi 5 (18:00, Sh\u00ebn\nPetersburg )<\/p>\n\n\n\n<p>QF2: Fituesi 4 \u2013 Fituesi 2 (21:00, Mynih )<\/p>\n\n\n\n<p><strong>E\nshtun\u00eb 3 korrik<\/strong><\/p>\n\n\n\n<p>QF3: Fituesi 3 \u2013 Fituesi 1 (18:00, Baku )<\/p>\n\n\n\n<p>QF4: Fituesi 8 \u2013 Fituesi 7 (21:00, Rom\u00eb )<\/p>\n\n\n\n<p><strong>Dit\u00ebt\ne pushimit m\u00eb 4 dhe 5 korrik<\/strong><\/p>\n\n\n\n<p><strong>Gjysm\u00ebfinale<\/strong><\/p>\n\n\n\n<p><strong>E\nmart\u00eb 6 korrik<\/strong><\/p>\n\n\n\n<p>SF1: Fituesi QF2 \u2013 Fituesi QF1 (21:00,\nLond\u00ebr )<\/p>\n\n\n\n<p><strong>E\nm\u00ebrkur\u00eb 7 korrik<\/strong><\/p>\n\n\n\n<p>SF2: Fituesi QF4 \u2013 Fituesi QF3 (21:00,\nLond\u00ebr )<\/p>\n\n\n\n<p><strong>Dit\u00ebt\ne pushimit m\u00eb 8, 9, 10 korrik<\/strong><\/p>\n\n\n\n<p><strong>Finale<\/strong><\/p>\n\n\n\n<p><strong>E\ndiel 11 korrik<\/strong><\/p>\n\n\n\n<p>Fituesi SF1 \u2013 Fituesi SF2 (21:00, Lond\u00ebr)<\/p>\n\n\n\n<p>Huazuar nga Albdreams.net<\/p>\n","protected":false},"excerpt":{"rendered":"<p>P\u00ebr her\u00eb t\u00eb par\u00eb Europiani do t\u00eb zhvillohet n\u00eb disa shtete, ku do t\u00eb jen\u00eb 11 qytete prit\u00ebse. Jan\u00eb 51 ndeshje q\u00eb do t\u00eb luhen n\u00eb harkun kohor t\u00eb 1 muaji. 24 ekipet pjes\u00ebmarr\u00ebse jan\u00eb t\u00eb ndara n\u00eb 6 grupe, ku n\u00eb 1\/16-at do t\u00eb kualifikohen 2 vendet e para dhe 4 t\u00eb tretat m\u00eb&hellip;<\/p>\n","protected":false},"author":1,"featured_media":9139,"comment_status":"open","ping_status":"open","sticky":false,"template":"","format":"standard","meta":{"footnotes":""},"categories":[11],"tags":[],"class_list":["post-9138","post","type-post","status-publish","format-standard","has-post-thumbnail","hentry","category-publicistike"],"_links":{"self":[{"href":"https:\/\/revistakuvendi.org\/index.php?rest_route=\/wp\/v2\/posts\/9138","targetHints":{"allow":["GET"]}}],"collection":[{"href":"https:\/\/revistakuvendi.org\/index.php?rest_route=\/wp\/v2\/posts"}],"about":[{"href":"https:\/\/revistakuvendi.org\/index.php?rest_route=\/wp\/v2\/types\/post"}],"author":[{"embeddable":true,"href":"https:\/\/revistakuvendi.org\/index.php?rest_route=\/wp\/v2\/users\/1"}],"replies":[{"embeddable":true,"href":"https:\/\/revistakuvendi.org\/index.php?rest_route=%2Fwp%2Fv2%2Fcomments&post=9138"}],"version-history":[{"count":1,"href":"https:\/\/revistakuvendi.org\/index.php?rest_route=\/wp\/v2\/posts\/9138\/revisions"}],"predecessor-version":[{"id":9141,"href":"https:\/\/revistakuvendi.org\/index.php?rest_route=\/wp\/v2\/posts\/9138\/revisions\/9141"}],"wp:featuredmedia":[{"embeddable":true,"href":"https:\/\/revistakuvendi.org\/index.php?rest_route=\/wp\/v2\/media\/9139"}],"wp:attachment":[{"href":"https:\/\/revistakuvendi.org\/index.php?rest_route=%2Fwp%2Fv2%2Fmedia&parent=9138"}],"wp:term":[{"taxonomy":"category","embeddable":true,"href":"https:\/\/revistakuvendi.org\/index.php?rest_route=%2Fwp%2Fv2%2Fcategories&post=9138"},{"taxonomy":"post_tag","embeddable":true,"href":"https:\/\/revistakuvendi.org\/index.php?rest_route=%2Fwp%2Fv2%2Ftags&post=9138"}],"curies":[{"name":"wp","href":"https:\/\/api.w.org\/{rel}","templated":true}]}}