{"id":9085,"date":"2021-05-30T00:18:49","date_gmt":"2021-05-30T00:18:49","guid":{"rendered":"http:\/\/revistakuvendi.org\/?p=9085"},"modified":"2021-05-30T00:18:49","modified_gmt":"2021-05-30T00:18:49","slug":"poezi-nga-blerim-rrecaj","status":"publish","type":"post","link":"https:\/\/revistakuvendi.org\/?p=9085","title":{"rendered":"Poezi nga Blerim Rrecaj"},"content":{"rendered":"\n<figure class=\"wp-block-image\"><img loading=\"lazy\" decoding=\"async\" width=\"120\" height=\"160\" src=\"http:\/\/revistakuvendi.org\/wp-content\/uploads\/2021\/05\/blerim-Rrecaj.png\" alt=\"\" class=\"wp-image-9086\"\/><\/figure>\n\n\n\n<p><strong>KAM PRITUR\u2026<\/strong><\/p>\n\n\n\n<p>Kam pritur<\/p>\n\n\n\n<p>Dhe pres<\/p>\n\n\n\n<p>Pas nj\u00eb dite t\u00eb lodhshme duke\necur<\/p>\n\n\n\n<p>T\u00eb hidhem mes nj\u00eb peisazhi kudo<\/p>\n\n\n\n<p>T\u00eb ndjej shp\u00ebrthim ndjenjash<\/p>\n\n\n\n<p>Shoq\u00ebruar me fishekzjarre<\/p>\n\n\n\n<p>Q\u00eb pluhurosin qiellin<\/p>\n\n\n\n<p>Deri n\u00eb m\u00ebngjes<\/p>\n\n\n\n<p>Per keto e me shume<\/p>\n\n\n\n<p>Kam pritur<\/p>\n\n\n\n<p>E pres!<\/p>\n\n\n\n<p><strong>PARK-SHESH ULPIANE&nbsp;<\/strong><\/p>\n\n\n\n<p>Mbr\u00ebm\u00eb<\/p>\n\n\n\n<p>Isha n\u00eb nj\u00eb emision\nradiofonik&nbsp;<\/p>\n\n\n\n<p>Me shok\u00ebt e mi<\/p>\n\n\n\n<p>Ndertuam nje mozaik<\/p>\n\n\n\n<p>Tash&nbsp;<\/p>\n\n\n\n<p>Jam me ty&nbsp;<\/p>\n\n\n\n<p>V\u00eblla&nbsp;<\/p>\n\n\n\n<p>N\u00eb k\u00ebt\u00eb kafene<\/p>\n\n\n\n<p>Me em\u00ebr kulturor portali&nbsp;<\/p>\n\n\n\n<p>P\u00ebr t\u00eb par\u00ebn here<\/p>\n\n\n\n<p>Ketu<\/p>\n\n\n\n<p>E tash<\/p>\n\n\n\n<p>Vran\u00ebt<\/p>\n\n\n\n<p>Hirt\u00ebsi<\/p>\n\n\n\n<p>Er\u00eb e ca pika shi<\/p>\n\n\n\n<p>Pragver\u00eb<\/p>\n\n\n\n<p>Pran\u00eb xhamave&nbsp;<\/p>\n\n\n\n<p>T\u00eb nj\u00eb verande&nbsp;<\/p>\n\n\n\n<p>T\u00eb mbuluar&nbsp;<\/p>\n\n\n\n<p>P\u00ebllumba&nbsp;<\/p>\n\n\n\n<p>E trumcak\u00eb&nbsp;<\/p>\n\n\n\n<p>Bien e largohen&nbsp;<\/p>\n\n\n\n<p>Mbi \u00e7atin\u00eb e saj&nbsp;<\/p>\n\n\n\n<p>Era tund e shkund&nbsp;<\/p>\n\n\n\n<p>Ca \u00e7a\u00e7af\u00eb&nbsp;<\/p>\n\n\n\n<p>N\u00eb nj\u00eb ballkon&nbsp;<\/p>\n\n\n\n<p>Te ep\u00ebrm nd\u00ebrtese&nbsp;<\/p>\n\n\n\n<p>Te soliter\u00ebt&nbsp;<\/p>\n\n\n\n<p>Te fontana&nbsp;<\/p>\n\n\n\n<p>N\u00eb Ulpian\u00eb&nbsp;<\/p>\n\n\n\n<p>E rrethi i k\u00ebtij\npark-sheshi&nbsp;<\/p>\n\n\n\n<p>Se\u00e7 t\u00eb duket ndonj\u00ebher\u00eb&nbsp;<\/p>\n\n\n\n<p>Qend\u00ebr bote<\/p>\n\n\n\n<p>Te cilen tash<\/p>\n\n\n\n<p>E sterpikin ca pika shi&nbsp;<\/p>\n\n\n\n<p><strong>GURGULLIM\u00cb G\u00cbRMIE<\/strong><\/p>\n\n\n\n<p>Dit\u00eb me diell<br>\nDhe me fresk vjeshte<br>\nNj\u00eb zog fluturon lart<br>\nNga nj\u00ebri vargmal q\u00eb ka shrir\u00eb hijet<br>\nN\u00eb tjetrin q\u00eb rrezitet<br>\nDrejtvizorisht si n\u00ebp\u00ebr nj\u00eb litar ku varen rrobat<br>\nCa gjethe jan\u00eb zverdhur<br>\nSi fytyrat tona t\u00eb zhg\u00ebnjyera dekadash<br>\nCa bien<br>\nSi sisteme eksperimentale shkel e shko<br>\nPasi jan\u00eb m\u00ebrzitur<br>\nJan\u00eb mpir\u00eb tash sa koh\u00eb p\u00ebr deg\u00ebsh<br>\nNjer\u00ebzit ecin<br>\nUlen<br>\nRrijn\u00eb shtrir\u00eb<br>\nMelodi e bukur<br>\nGurgullim\u00eb e krojeve<\/p>\n\n\n\n<p><strong>N\u00cb VALBON\u00cb P\u00cbR HER\u00cb T\u00cb PAR\u00cb<\/strong><\/p>\n\n\n\n<p>Rrug\u00ebs nga dritarja e autobusit\nq\u00eb na bart&nbsp;<\/p>\n\n\n\n<p>Tufa p\u00ebllumbash&nbsp;<\/p>\n\n\n\n<p>E dall\u00ebndyshesh n\u00ebp\u00ebr\nqiell&nbsp;<\/p>\n\n\n\n<p>E grupe turtujsh&nbsp;<\/p>\n\n\n\n<p>E gjelb\u00ebrta e tok\u00ebs&nbsp;<\/p>\n\n\n\n<p>Dhe kalt\u00ebrsia e qiellit&nbsp;<\/p>\n\n\n\n<p>Shikojn\u00eb me zili nj\u00ebra-tjetr\u00ebn<\/p>\n\n\n\n<p>Me mall<\/p>\n\n\n\n<p>Kur zbresim&nbsp;<\/p>\n\n\n\n<p>Nj\u00eb shtegu t\u00eb gjer\u00eb\ngurishtjeje&nbsp;<\/p>\n\n\n\n<p>Ecim&nbsp;<\/p>\n\n\n\n<p>P\u00ebr t\u00eb arritur te kjo uj\u00ebvar\u00eb<\/p>\n\n\n\n<p>N\u00eb Valbon\u00eb&nbsp;<\/p>\n\n\n\n<p>P\u00ebr her\u00eb t\u00eb par\u00eb&nbsp;<\/p>\n\n\n\n<p>Kah kthehemi&nbsp;<\/p>\n\n\n\n<p>Nj\u00ebra pjes\u00eb e bjeshk\u00ebve&nbsp;<\/p>\n\n\n\n<p>Mbulohet me pluhurim\u00eb\nmjegulle&nbsp;<\/p>\n\n\n\n<p>Dhe na p\u00ebrcjell ky shi\nbjeshk\u00ebsh&nbsp;<\/p>\n\n\n\n<p>Q\u00eb lag dhe frytet e zeza t\u00eb\npishave&nbsp;<\/p>\n\n\n\n<p>Plot rr\u00ebshir\u00eb&nbsp;<\/p>\n\n\n\n<p><strong>P\u00cbRJETIM<\/strong><\/p>\n\n\n\n<p>N\u00eb mesdit\u00eb&nbsp;<\/p>\n\n\n\n<p>N\u00eb stacion treni&nbsp;<\/p>\n\n\n\n<p>Erdhi m\u00eb puthi nj\u00eb xix\u00ebllonj\u00eb<\/p>\n\n\n\n<p>Mendova se drit\u00eb mund t\u00eb dhuroj\nedhe un\u00eb&nbsp;<\/p>\n\n\n\n<p>Posa t\u00eb b\u00ebhet nat\u00eb!<\/p>\n\n\n\n<p>Prita\u2026.<\/p>\n","protected":false},"excerpt":{"rendered":"<p>KAM PRITUR\u2026 Kam pritur Dhe pres Pas nj\u00eb dite t\u00eb lodhshme duke ecur T\u00eb hidhem mes nj\u00eb peisazhi kudo T\u00eb ndjej shp\u00ebrthim ndjenjash Shoq\u00ebruar me fishekzjarre Q\u00eb pluhurosin qiellin Deri n\u00eb m\u00ebngjes Per keto e me shume Kam pritur E pres! PARK-SHESH ULPIANE&nbsp; Mbr\u00ebm\u00eb Isha n\u00eb nj\u00eb emision radiofonik&nbsp; Me shok\u00ebt e mi Ndertuam nje&hellip;<\/p>\n","protected":false},"author":1,"featured_media":9086,"comment_status":"open","ping_status":"open","sticky":false,"template":"","format":"standard","meta":{"footnotes":""},"categories":[7],"tags":[],"class_list":["post-9085","post","type-post","status-publish","format-standard","has-post-thumbnail","hentry","category-poezi"],"_links":{"self":[{"href":"https:\/\/revistakuvendi.org\/index.php?rest_route=\/wp\/v2\/posts\/9085","targetHints":{"allow":["GET"]}}],"collection":[{"href":"https:\/\/revistakuvendi.org\/index.php?rest_route=\/wp\/v2\/posts"}],"about":[{"href":"https:\/\/revistakuvendi.org\/index.php?rest_route=\/wp\/v2\/types\/post"}],"author":[{"embeddable":true,"href":"https:\/\/revistakuvendi.org\/index.php?rest_route=\/wp\/v2\/users\/1"}],"replies":[{"embeddable":true,"href":"https:\/\/revistakuvendi.org\/index.php?rest_route=%2Fwp%2Fv2%2Fcomments&post=9085"}],"version-history":[{"count":1,"href":"https:\/\/revistakuvendi.org\/index.php?rest_route=\/wp\/v2\/posts\/9085\/revisions"}],"predecessor-version":[{"id":9087,"href":"https:\/\/revistakuvendi.org\/index.php?rest_route=\/wp\/v2\/posts\/9085\/revisions\/9087"}],"wp:featuredmedia":[{"embeddable":true,"href":"https:\/\/revistakuvendi.org\/index.php?rest_route=\/wp\/v2\/media\/9086"}],"wp:attachment":[{"href":"https:\/\/revistakuvendi.org\/index.php?rest_route=%2Fwp%2Fv2%2Fmedia&parent=9085"}],"wp:term":[{"taxonomy":"category","embeddable":true,"href":"https:\/\/revistakuvendi.org\/index.php?rest_route=%2Fwp%2Fv2%2Fcategories&post=9085"},{"taxonomy":"post_tag","embeddable":true,"href":"https:\/\/revistakuvendi.org\/index.php?rest_route=%2Fwp%2Fv2%2Ftags&post=9085"}],"curies":[{"name":"wp","href":"https:\/\/api.w.org\/{rel}","templated":true}]}}