{"id":9080,"date":"2021-05-25T17:41:38","date_gmt":"2021-05-25T17:41:38","guid":{"rendered":"http:\/\/revistakuvendi.org\/?p=9080"},"modified":"2021-05-25T17:41:38","modified_gmt":"2021-05-25T17:41:38","slug":"rindertimi-i-sarajeve-te-gjon-marka-gjonit","status":"publish","type":"post","link":"https:\/\/revistakuvendi.org\/?p=9080","title":{"rendered":"RINDERTIMI I SARAJEVE TE GJON MARKA GJONIT!"},"content":{"rendered":"\n<figure class=\"wp-block-image\"><img loading=\"lazy\" decoding=\"async\" width=\"160\" height=\"155\" src=\"http:\/\/revistakuvendi.org\/wp-content\/uploads\/2021\/05\/bardha-gjonmarkaj.jpg\" alt=\"\" class=\"wp-image-9081\"\/><\/figure>\n\n\n\n<p><strong>Nga:\nBianca M. Gjomarkaj<\/strong><\/p>\n\n\n\n<p>Koha per rindertimin e Sarajeve te Oroshit ka\nardhur! Qysh nga momenti i djegies se Sarajeve, ne shtator te vitit 1944 e deri\nsot ka kaluar nje heshtje e trishte.Rindertimi i Sarajeve te Gjon Marka Gjonit\neshte nje inisiative private por nga e cila perfiton e gjithe Mirdita duke qene\nse ky projekt i perfunduar kthehet edhe ne nje qender te mirefillte kulture dhe\ne ringjalljes se historise se Oroshit.<\/p>\n\n\n\n<p>Sarajet dote jene nje qender mikpritje per te gjithe shqiptaret dhe te huajt ne te njejten menyre ku do te prekni e shijoni aktivitete kulturore e artisike, oborr klasik dhe mbi te gjitha do te njiheni me Muzeun e Sarajeve te Oroshit. Tek Sarajet do te gjeni natyre, histori dhe kulture ne \u00e7do kend te rindertuar.<\/p>\n\n\n\n<figure class=\"wp-block-image\"><img loading=\"lazy\" decoding=\"async\" width=\"612\" height=\"416\" src=\"http:\/\/revistakuvendi.org\/wp-content\/uploads\/2021\/05\/sarajet-e-kapidanit.png\" alt=\"\" class=\"wp-image-9082\" srcset=\"https:\/\/revistakuvendi.org\/wp-content\/uploads\/2021\/05\/sarajet-e-kapidanit.png 612w, https:\/\/revistakuvendi.org\/wp-content\/uploads\/2021\/05\/sarajet-e-kapidanit-300x204.png 300w\" sizes=\"auto, (max-width: 612px) 100vw, 612px\" \/><\/figure>\n\n\n\n<p>Pergjate komunizmit, Mirdita ishte e pushtuar\ndhe e sunduar. Kullat e Gjomarkajve ne Orosh me gjith\u00e7ka kishin brenda u dogjen\ndhe u shemben nga komunistet.<\/p>\n\n\n\n<p>Familja e Gjon Marka Gjonit u fshikullua neper\nburgje dhe internime dhe u shpernda ne te gjithe boten. Mirditoret kaluan nje\njete te veshtire 45 vjet te pushtimit komunist, kapidanet dhe udheheqesit e\ntyre tradicional u vrane nga komunistet, u burgosen dhe merguan.<\/p>\n\n\n\n<p>Shpresat e Mirditoreve kane shkuar deri ne\nshuarje dhe endrrat e mirditasve u prene.<\/p>\n\n\n\n<p>Jam rritur sa ne Rome sa ne New York. Ne vitin\n2012, une dhe bashkeshorti im vendosem te braktisim jetesen tone ne Shtetet e\nBashkuara te Amerikes dhe te fillojme nje jete te re ketu, ne Shkoder, ne\nbanesen e familjes time.<\/p>\n\n\n\n<p>Ishte nje vendim i veshtire per tu marre dhe nje\nkendveshtrim i ri i jetes time.<\/p>\n\n\n\n<p>Jemi transferuar ne shtepine e familjareve te mi\ndhe sot e gjithe Shkodra eshte e dashur si shtepia jone per ne. Gjate ksaj\nperiudhe reflektimi, kam filluar te imagjinoj rindertimin e Sarajeve dhe\ntransformimin e tyre ne nje Muze, ne respekt e memorje te familjes dhe te\nhistorise tone, por edhe si qender kulturale per Mirditen, per tu dhene mundesi\nmirditasve patriote te kuptojne se ne nuk i kemi harruar.<\/p>\n\n\n\n<p>Nuk ka kaluar nje dite e vetme qe gjyshi im\nKapidan Gjon Marka Gjoni dhe babaiim Kapidan Ndue Gjon Marku nuk flisnin per\nOroshin. Ishte shtepia e tyre pergjithmone.<\/p>\n\n\n\n<p>Edhe pse te kishin ndodhur gjera mjaft te\ntrishta ne Orosh, edhe pse kishin humbur te bijte dhe vellezerit ne lufte\nkunder komunizmit, gjyshi dhe babai im nuk e kane harruar kurre Oroshin dhe nuk\nkane dashur kurre nje vend me shume se Oroshin.<\/p>\n\n\n\n<p>Me kaq ne mendje dhe kujtese, jetoj gjithashtu\nme shpresen e madhe per t\u2019i shikuar te rindertuara Sarajet dhe per te shikuar\nnje fillim te Ri per Oroshin,Mirditen dhe mbare Shqiperine.<\/p>\n\n\n\n<p>Sarajet do te jene nje qender grumbullimi e\nmikpritje per te gjithe shqiptaret dhe turistet te cilet do te kene rastin te\nnjihen me historine reale te Deres se Gjomarkut, rendesine e saj historike dhe\nkulturore si dhe kontributin e saj per Mirditen dhe mbare Shqiperine.<\/p>\n\n\n\n<p>Sarajet jane nje vend ku mund te reflektohet mbi\nhistorine unike te Mirdites, mbi historine e Kapidan Gjon Marka Gjonit i cili\nnuk i ka harruar kurre sakrificat,humbjet, kontributin e mirditasve e mbi te\ngjitha besimin e mirditasve te kapidani i tyre.<\/p>\n\n\n\n<p>Si shqiptaro -amerikane, bija e k\u00ebsaj familje\nfisnike, e transferuar tashme ne trojet e Atit te saj, dua te falenderoj te\ngjithe ata qe me kane pritur me krahe hapur e me kane bere te ndiehem e\nmireseardhur.<\/p>\n\n\n\n<p>Atyre dhe njerezve te mbare Mirdites dua tu\nthem: \u201cTa transformojme kete enderr ne realitet, t\u2019i rindertojme bashkarisht\nSarajet, e t\u2019i gezohemi bashkarisht historise se mrekullueshme te Mirdites dhe\nmbare Shqiperise.<\/p>\n\n\n\n<p>Me mbeshtetjen tuaj ky sforcim me ndihmon te\nndihmoj Mirditen per te qene e njohur nga te gjithe.\u201d<\/p>\n\n\n\n<p>P\u00ebr t\u00eb mb\u00ebshtetur k\u00ebt\u00eb iniciativ\u00eb, ju lutemi\nvizitoni: <a href=\"http:\/\/www.sarajetgjonmarkagjonit.com\">www.sarajetgjonmarkagjonit.com<\/a><\/p>\n","protected":false},"excerpt":{"rendered":"<p>Nga: Bianca M. Gjomarkaj Koha per rindertimin e Sarajeve te Oroshit ka ardhur! Qysh nga momenti i djegies se Sarajeve, ne shtator te vitit 1944 e deri sot ka kaluar nje heshtje e trishte.Rindertimi i Sarajeve te Gjon Marka Gjonit eshte nje inisiative private por nga e cila perfiton e gjithe Mirdita duke qene se&hellip;<\/p>\n","protected":false},"author":1,"featured_media":9081,"comment_status":"open","ping_status":"open","sticky":false,"template":"","format":"standard","meta":{"footnotes":""},"categories":[3],"tags":[],"class_list":["post-9080","post","type-post","status-publish","format-standard","has-post-thumbnail","hentry","category-politike"],"_links":{"self":[{"href":"https:\/\/revistakuvendi.org\/index.php?rest_route=\/wp\/v2\/posts\/9080","targetHints":{"allow":["GET"]}}],"collection":[{"href":"https:\/\/revistakuvendi.org\/index.php?rest_route=\/wp\/v2\/posts"}],"about":[{"href":"https:\/\/revistakuvendi.org\/index.php?rest_route=\/wp\/v2\/types\/post"}],"author":[{"embeddable":true,"href":"https:\/\/revistakuvendi.org\/index.php?rest_route=\/wp\/v2\/users\/1"}],"replies":[{"embeddable":true,"href":"https:\/\/revistakuvendi.org\/index.php?rest_route=%2Fwp%2Fv2%2Fcomments&post=9080"}],"version-history":[{"count":1,"href":"https:\/\/revistakuvendi.org\/index.php?rest_route=\/wp\/v2\/posts\/9080\/revisions"}],"predecessor-version":[{"id":9083,"href":"https:\/\/revistakuvendi.org\/index.php?rest_route=\/wp\/v2\/posts\/9080\/revisions\/9083"}],"wp:featuredmedia":[{"embeddable":true,"href":"https:\/\/revistakuvendi.org\/index.php?rest_route=\/wp\/v2\/media\/9081"}],"wp:attachment":[{"href":"https:\/\/revistakuvendi.org\/index.php?rest_route=%2Fwp%2Fv2%2Fmedia&parent=9080"}],"wp:term":[{"taxonomy":"category","embeddable":true,"href":"https:\/\/revistakuvendi.org\/index.php?rest_route=%2Fwp%2Fv2%2Fcategories&post=9080"},{"taxonomy":"post_tag","embeddable":true,"href":"https:\/\/revistakuvendi.org\/index.php?rest_route=%2Fwp%2Fv2%2Ftags&post=9080"}],"curies":[{"name":"wp","href":"https:\/\/api.w.org\/{rel}","templated":true}]}}