{"id":9054,"date":"2021-05-15T13:30:10","date_gmt":"2021-05-15T13:30:10","guid":{"rendered":"http:\/\/revistakuvendi.org\/?p=9054"},"modified":"2021-05-15T13:30:10","modified_gmt":"2021-05-15T13:30:10","slug":"active-albanians-platforma-qe-bashkon-shqiptaret","status":"publish","type":"post","link":"https:\/\/revistakuvendi.org\/?p=9054","title":{"rendered":"Active Albanians: Platforma q\u00eb bashkon shqiptar\u00ebt"},"content":{"rendered":"\n<figure class=\"wp-block-image\"><img loading=\"lazy\" decoding=\"async\" width=\"120\" height=\"160\" src=\"http:\/\/revistakuvendi.org\/wp-content\/uploads\/2021\/05\/ermirab.jpg\" alt=\"\" class=\"wp-image-9055\"\/><\/figure>\n\n\n\n<p><em>P\u00ebrgatiti\nE.B. dhe Marsela Bregu<\/em><\/p>\n\n\n\n<p>Organizata &#8220;Active Albanians&#8221; (Shqiptar\u00ebt Aktiv) u themelua n\u00eb shtator 2018 n\u00eb Los Anxhelos, Kaliforni, nga Marsel Alickolli dhe Mario Ismaili. Fillimisht, faqa e facebookut &#8220;Active Albanians Los Angeles&#8221; sh\u00ebrbeu si platform\u00eb p\u00ebr t\u00eb organizuar aktivitet p\u00ebr komunitetin shqiptar. T\u00eb motivuar p\u00ebr t\u00eb b\u00ebr\u00eb dicka ndryshe, Mario dhe Marseli organizuan nj\u00eb seri \u00a0aktivitetesh n\u00eb zon\u00ebn e Los Anxhelosit, si \u201cekskursione\u201d n\u00eb Palos Verdes, dit\u00eb volejbolli dhe plazhi q\u00eb rezultuan n\u00eb nj\u00eb pjes\u00ebmarrje t\u00eb suksesshme. <\/p>\n\n\n\n<figure class=\"wp-block-image\"><img loading=\"lazy\" decoding=\"async\" width=\"448\" height=\"336\" src=\"http:\/\/revistakuvendi.org\/wp-content\/uploads\/2021\/05\/ermirab1.jpg\" alt=\"\" class=\"wp-image-9056\" srcset=\"https:\/\/revistakuvendi.org\/wp-content\/uploads\/2021\/05\/ermirab1.jpg 448w, https:\/\/revistakuvendi.org\/wp-content\/uploads\/2021\/05\/ermirab1-300x225.jpg 300w\" sizes=\"auto, (max-width: 448px) 100vw, 448px\" \/><\/figure>\n\n\n\n<p>Duke pasur parasysh interesin e shtuar dhe numrin e an\u00ebtar\u00ebve t\u00eb rinj, \u201cActive Albanians\u201d filluan t\u00eb organizojn\u00eb veprimtari shum\u00eb t\u00eb suksesshme. Nd\u00ebr m\u00eb t\u00eb njohurat jan\u00eb: \u201cPaint Balling\u201d (Shtator 2019), \u201cRock Climbing\u201d (Shkurt 2019), Mud Run (Shkurt 2020), Bowling (N\u00ebntor 2019), Hiking (Dhjetor 2018), Surfing (Mars 2019). Aktiviteti me ndikimin m\u00eb t\u00eb madh nga t\u00eb gjitha ishte mbledhja e fondeve gjat\u00eb t\u00ebrmetit n\u00eb Shqip\u00ebri n\u00eb vitin 2019.<\/p>\n\n\n\n<figure class=\"wp-block-image\"><img loading=\"lazy\" decoding=\"async\" width=\"1024\" height=\"770\" src=\"http:\/\/revistakuvendi.org\/wp-content\/uploads\/2021\/05\/ermirab4-1024x770.jpg\" alt=\"\" class=\"wp-image-9058\" srcset=\"https:\/\/revistakuvendi.org\/wp-content\/uploads\/2021\/05\/ermirab4-1024x770.jpg 1024w, https:\/\/revistakuvendi.org\/wp-content\/uploads\/2021\/05\/ermirab4-300x225.jpg 300w, https:\/\/revistakuvendi.org\/wp-content\/uploads\/2021\/05\/ermirab4-768x577.jpg 768w, https:\/\/revistakuvendi.org\/wp-content\/uploads\/2021\/05\/ermirab4.jpg 1280w\" sizes=\"auto, (max-width: 1024px) 100vw, 1024px\" \/><\/figure>\n\n\n\n<p>An\u00ebtar\u00ebt e \u2018Active Albanians\u2019 tregojn\u00eb se jeta e tyre \u00ebsht\u00eb ndikuar pozitivisht si rezultat i drejtp\u00ebrdrejt\u00eb i aktiviteteve t\u00eb grupit. Rena Kujxhiu, nj\u00eb an\u00ebtare e \u2018Active Albanains\u2019 shprehet: &#8220;Un\u00eb tani kam m\u00eb shum\u00eb miq shqiptar\u00eb q\u00eb do i kem gjat\u00eb gjith\u00eb jet\u00ebs sime vet\u00ebm p\u00ebr shkak t\u00eb aktiviteteve tona.&#8221; Besiana Husted tregon se, &#8220;Kjo organizat\u00eb m\u00eb ka lejuar t\u00eb lidhem me pjes\u00eb t\u00eb vetes q\u00eb mendoja se i kisha humbur q\u00ebkur u transferova n\u00eb Shtetet e Bashkuara. Ne jemi rritur n\u00eb m\u00ebnyr\u00eb aq t\u00eb ngjashme, sa edhe pse nuk jemi rritur s\u00eb bashku, duket sikur e kemi njohur nj\u00ebri-tjetrin q\u00eb kur ishim t\u00eb vegj\u00ebl. Eksplorimi i natyr\u00ebs dhe aventurat tona na kan\u00eb lidhur m\u00eb shum\u00eb nd\u00ebrsa \u00a0m\u00ebsojm\u00eb dhe inspirohemi nga nj\u00ebri-tjetri. Vjen nj\u00eb moment q\u00eb e kupton sa jemi shum\u00eb fatlum\u00eb q\u00eb kemi t\u00eb njejt\u00ebn mark\u00eb: \u2018Prodhuar n\u00eb Shqip\u00ebri\u2019.\u201d<\/p>\n\n\n\n<figure class=\"wp-block-image\"><img loading=\"lazy\" decoding=\"async\" width=\"1024\" height=\"768\" src=\"http:\/\/revistakuvendi.org\/wp-content\/uploads\/2021\/05\/ermirab2-1024x768.jpg\" alt=\"\" class=\"wp-image-9057\" srcset=\"https:\/\/revistakuvendi.org\/wp-content\/uploads\/2021\/05\/ermirab2-1024x768.jpg 1024w, https:\/\/revistakuvendi.org\/wp-content\/uploads\/2021\/05\/ermirab2-300x225.jpg 300w, https:\/\/revistakuvendi.org\/wp-content\/uploads\/2021\/05\/ermirab2-768x576.jpg 768w, https:\/\/revistakuvendi.org\/wp-content\/uploads\/2021\/05\/ermirab2.jpg 1280w\" sizes=\"auto, (max-width: 1024px) 100vw, 1024px\" \/><\/figure>\n\n\n\n<p>\u201cJam i\nlumtur t\u00eb shikoj rritjen dhe impaktin pozitiv q\u00eb ka sot Active Albanians n\u00eb\nAmerik\u00eb dhe jo vet\u00ebm. Jemi t\u00eb p\u00ebrkushtuar t\u2019i sh\u00ebrbejm\u00eb komunitetit ton\u00eb\nshqiptar dhe shpresojm\u00eb t\u00eb forcojm\u00eb akoma m\u00eb tep\u00ebr rolin aktiv n\u00eb Sh.B.A.,\u201d tha\nMario Ismaili, bashk\u00eb-themelues i shoqat\u00ebs \u201cActive Albanians\u201d. <\/p>\n\n\n\n<p><strong>Intervist\u00eb\nme bashk\u00eb-themeluesin e organizat\u00ebs \u201cActive Albanians\u201d<\/strong> <strong>Marsel Alickollin<\/strong><\/p>\n\n\n\n<h1 class=\"wp-block-heading\">Mund t\u00eb na tregoni pak p\u00ebr veten tuaj dhe motivimi\ni krijimit t\u00eb organizat\u00ebs \u201cActive Albanians\u201d?&nbsp;\n<\/h1>\n\n\n\n<p><strong>Marsel Alickolli: <\/strong>Un\u00eb kam lindur n\u00eb\nqytetin e bukur t\u00eb Pogradecit dhe u zhvendosa n\u00eb Sh.B.A. n\u00eb vitin 2002. Nj\u00eb nga arritjet kryesore\nn\u00eb aspektin profesional ka qen\u00eb diplomimi n\u00eb\nUniversitetin DePaul n\u00eb \u00c7ikago n\u00eb\nfush\u00ebn e financ\u00ebs. Pavar\u00ebsisht se komuniteti shqiptar n\u00eb Shtetet e Bashkuara\n\u00ebsht\u00eb rritur ndjesh\u00ebm q\u00eb nga dy\ndekada m\u00eb par\u00eb kur un\u00eb u largova nga Shqip\u00ebria, un\u00eb gjithmon\u00eb kam menduar\nse ne gjithmon\u00eb mund t\u00eb b\u00ebjm\u00eb\ndi\u00e7ka m\u00eb shum\u00eb p\u00ebr t\u00eb forcuar komunitetin ton\u00eb. <\/p>\n\n\n\n<p>Ideja, n\u00eb\nfillim, ishte t&#8217;i jepja komunitetit tim Shqiptar nj\u00eb shans p\u00ebr t\u00eb provuar p\u00ebrvoja t\u00eb reja aktive pa u shqet\u00ebsuar\np\u00ebr kostot, (ne ndam\u00eb pajisje p\u00ebr ski,\nzhytje, peshkim, s\u00ebrf) dhe nd\u00ebrkoh\u00eb t\u2019i lejoja ata t\u00eb gjejn\u00eb miq\u00ebsi t\u00eb reja q\u00eb\nzgjasin p\u00ebr gjith\u00eb jet\u00ebn. Grupi\n\u201cActive Albanians\u201d \u00ebsht\u00eb nj\u00eb &nbsp;mund\u00ebsi e mir\u00eb p\u00ebr dik\u00eb q\u00eb t\u00eb gjej\u00eb\npasione t\u00eb reja dhe t\u00eb sfidoj\u00eb veten nd\u00ebrkoh\u00eb q\u00eb \u00ebsht\u00eb pjes\u00eb e nj\u00eb komuniteti mb\u00ebshtet\u00ebs dhe miq\u00ebsor. Nga\nana tjet\u00ebr, ne kemi nj\u00eb s\u00ebr\u00eb aktivitetesh t\u00eb ndryshme &nbsp;&nbsp;&nbsp;&nbsp;&nbsp;&nbsp;&nbsp;&nbsp;&nbsp;(madje edhe ato q\u00eb p\u00ebrfshijn\u00eb t\u00eb\ngjith\u00eb familjen) dhe roli im \u00ebsht\u00eb t\u00eb organizoj nj\u00eb larmi eventesh &nbsp;&nbsp;ku t\u00eb gjith\u00eb ndihen t\u00eb mir\u00ebpritur. <\/p>\n\n\n\n<p>\u201cActive Albanians\u201d aktualisht \u00ebsht\u00eb nj\u00eb organizat\u00eb modeste\npor efektive. Q\u00ebllimi im \u00ebsht\u00eb ta kthej k\u00ebt\u00eb grup n\u00eb nj\u00eb organizat\u00eb\njofitimprur\u00ebse n\u00eb m\u00ebnyr\u00eb q\u00eb t\u00eb siguroj\nrritje dhe vazhdim\u00ebsi n\u00eb t\u00eb ardhmen.<\/p>\n\n\n\n<h1 class=\"wp-block-heading\">Kur u\nthemelua klubi \u201cActive Albanians\u201d dhe\nmisioni i grupit?<\/h1>\n\n\n\n<p><strong>Marsel Alickolli: <\/strong>Ideja e krijimit t\u00eb\nnj\u00eb klubi q\u00eb shkonte p\u00ebrtej grupit shoq\u00ebror, ishte diskutuar shpesh n\u00eb takimet tona. Sidoqoft\u00eb, n\u00eb 9\nShtator 2018 u hap faqja jon\u00eb e par\u00eb zyrtare n\u00eb Facebook &#8220;Active Albanians Los Angeles&#8221; p\u00ebr komunitetin\nshqiptar n\u00eb Los Anxhelos dhe shtetet rrethuese. M\u00eb kujtohet q\u00eb bashk\u00eb me Marion diskutonim se si mund ti\np\u00ebrhapnim aktivitetet tona n\u00eb faqet e tjera\nshqiptare n\u00eb Kaliforni, Arizona, Nevada q\u00eb zakonisht ndanin deri diku t\u00eb\nnj\u00ebjtat aktivitete si ne me audiencat\ne tyre. <\/p>\n\n\n\n<p>Q\u00ebllimi\nfillestar i klubit ishte t\u00eb prezantonte an\u00ebtar\u00ebt e tjer\u00eb t\u00eb komunitetit\nshqiptar me aktivitetet q\u00eb nuk ishin njohur m\u00eb par\u00eb, dhe t\u00eb\npromovonte aktivitete q\u00eb t\u00eb gjith\u00eb do t\u00eb sugjeronin. Kjo ishte nj\u00eb qasje e suksesshme q\u00eb rriti radh\u00ebt tona dhe na\nsfidoi t\u00eb shtrijm\u00eb aktivitetet jasht\u00eb\nshtetit ton\u00eb t\u00eb origjin\u00ebs. Jam i lumtur t\u00eb them se q\u00ebllimi q\u00eb ne pat\u00ebm\nfillimisht, \u00ebsht\u00eb tani nj\u00eb mision.\n\u00cbsht\u00eb misioni yn\u00eb ta kthejm\u00eb organizat\u00ebn \u201cActive Albanians\u201d n\u00eb\nnj\u00eb organizat\u00eb t\u00eb strukturuar\njofitimprur\u00ebse, nj\u00eb organizat\u00eb q\u00eb mund t\u00eb marr\u00eb jet\u00eb dhe t&#8217;i jap\u00eb shum\u00eb m\u00eb tep\u00ebr komunitetit ton\u00eb shqiptar\nkrahasuar me fillimet e saj.<\/p>\n\n\n\n<h1 class=\"wp-block-heading\">Cila \u00ebsht\u00eb platforma aktuale e klubit?<\/h1>\n\n\n\n<p><strong>Marsel Alickolli: <\/strong>\u201cActive Albanians\u201d tashm\u00eb ka tre platforma. Faqja origjinale e \u201cActive Albanians Los Angelos\u201d n\u00eb facebook, nj\u00eb\nfaqe e re e \u201cActive Albanians DFW\u201d (n\u00eb zon\u00ebn e\nDallas &#8211; Forth Worth) n\u00eb facebook q\u00eb synon t\u00eb organizoj\u00eb komunitetin\nton\u00eb fantastik n\u00eb Dallas, dhe nj\u00eb faqe n\u00eb Instagram \u201cActive Albanians\u201d q\u00eb ka si funksion t\u00eb sh\u00ebrbej\u00eb si nj\u00eb pik\u00eblidhje p\u00ebr &nbsp;&nbsp;&nbsp;&nbsp;<strong>&nbsp;<\/strong>t\u00eb gjith\u00eb shqiptar\u00ebt n\u00eb\nShtetet e Bashkuara dhe pse jo n\u00eb t\u00eb gjith\u00eb bot\u00ebn. Ne shpresojm\u00eb q\u00eb kur t\u00eb arrijm\u00eb\nstatusin jofitimprur\u00ebs, t\u00eb gjitha platformat do t\u00eb lidhen n\u00ebn nj\u00eb ombrell\u00eb t\u00eb madhe. Q\u00ebllimi \u00ebsht\u00eb bashkimi dhe fuqizimi i\nshqiptarve kudo ku ata ndodhen.<\/p>\n\n\n\n<h1 class=\"wp-block-heading\">Cil\u00ebt jan\u00eb disa nga organizator\u00ebt kur u themelua klubi?<\/h1>\n\n\n\n<p><strong>Marsel Alickolli: <\/strong>Un\u00eb dhe Mario Ismaili\nfilluam k\u00ebt\u00eb familje modeste dhe si me magji an\u00ebtar\u00ebt filluan t\u00eb rriteshin. Disa nga an\u00ebtar\u00ebt p\u00ebrfshijn\u00eb: Imir\nMetushi, Rena Kujxhiu, Nasho Aleksi, Sam &nbsp;&nbsp;&nbsp;<strong>&nbsp;<\/strong>Prapaniku, Irini Duro, Besiana Husted,\nKlejdis dhe Ervina Rodoni, Erjana Rodoni, Joana Marku, Endrit Agastra, <a>Stela Kantiou <\/a>dhe shum\u00eb e shum\u00eb t\u00eb tjer\u00eb.<\/p>\n\n\n\n<h1 class=\"wp-block-heading\">A mund t\u00eb\nna flisni p\u00ebr disa nga aktivitetet\nq\u00eb grupi ka organizuar?<\/h1>\n\n\n\n<p><strong>Marsel Alickolli<\/strong>: N\u00ebse ka di\u00e7ka p\u00ebr t\u00eb\ncil\u00ebn kjo organizat\u00eb krenohet \u00ebsht\u00eb spektri i larmish\u00ebm i aktiviteteve q\u00eb ka kryer me sukses deri m\u00eb\ntani. Ne nuk mund t\u00eb harrojm\u00eb koh\u00ebn kur djemt\u00eb dhe vajzat e \u201cActive Albanians\u201d shkuan t\u00eb zhyteshin\nn\u00eb zon\u00ebn e mbushur me leshterik\u00eb n\u00eb La Jolla&nbsp;\nKaliforni. T\u00eb kapur dor\u00eb p\u00ebr dore ngrit\u00ebn n\u00ebn uj\u00eb flamurin Shqiptar dhe\nat\u00eb Amerikan. Ngjarjet e shumta t\u00eb skijimit n\u00eb Big Bear dhe Mammoth,\nKalifornia nuk kan\u00eb qen\u00eb vet\u00ebm tem\u00eb e gjunj\u00ebve t\u00eb mavijosur, qepallave dhe historive rreth\nzjarrit, por gjithashtu kan\u00eb pasur nj\u00eb ndikim jo t\u00eb vog\u00ebl tek t\u00eb rinjve tan\u00eb q\u00eb jan\u00eb pjes\u00eb e\n\u201cAktive Albanians.\u201d Jan\u00eb po k\u00ebta t\u00eb\nrinj t\u00eb cil\u00ebt mbajn\u00eb n\u00eb zem\u00ebr moton ton\u00eb shqiptare &#8220;kurr\u00eb\nmos u dor\u00ebzo&#8221; dhe e zbatojn\u00eb at\u00eb n\u00eb jet\u00ebn e tyre personale dhe profesionale. <\/p>\n\n\n\n<p>N\u00ebse do t\u00eb\nzgjidhja nj\u00eb ngjarje q\u00eb un\u00eb personalisht e mbaj si m\u00eb t\u00eb r\u00ebnd\u00ebsishmen e t\u00eb gjithave \u00ebsht\u00eb mbledhja e fondeve q\u00eb kemi\norganizuar gjat\u00eb t\u00ebrmetit n\u00eb Shqip\u00ebri n\u00eb vitin 2019. Organizata jon\u00eb donte t\u00eb b\u00ebnte m\u00eb t\u00eb mir\u00ebn p\u00ebr t\u00eb ndihmuar vendin q\u00eb na ka dh\u00ebn\u00eb aq shum\u00eb ne t\u00eb gjith\u00ebve,\nidentitetin ton\u00eb. Nd\u00ebrsa platforma dhe an\u00ebtar\u00ebt e \u201cActive Albanians\u201d rrit\u00ebn nd\u00ebrgjegj\u00ebsimin\nn\u00eb komunitet, ne gjithashtu u angazhuam nje mbledhje fondesh p\u00ebr t\u00eb ndihmuar n\u00eb leht\u00ebsimin e asaj tragjedie\np\u00ebr njer\u00ebzit tan\u00eb n\u00eb Shqip\u00ebri.\nLogjistika ngriti disa sfida q\u00eb &nbsp;shpresojm\u00eb t\u00eb jen\u00eb m\u00eb pak penges\u00eb\nkur t\u2019a kalojm\u00eb k\u00ebt\u00eb organizat\u00eb n\u00eb nj\u00eb organizat\u00eb jofitimprur\u00ebse.<\/p>\n\n\n\n<h1 class=\"wp-block-heading\">\u00c7far\u00eb aktivitetesh t\u00eb tjera\nka promovuar grupi?<\/h1>\n\n\n\n<p><strong>Marsel Alickolli: <\/strong>Disa muaj m\u00eb par\u00eb ne mor\u00ebm nj\u00eb sugjerim nga nj\u00eb\nprej an\u00ebtar\u00ebve, Jonida Lika p\u00ebr t\u00eb organizuar nj\u00eb klas\u00eb pikture. P\u00ebr shkak t\u00eb k\u00ebmb\u00ebnguljes\ns\u00eb Jonid\u00ebs dhe gatishm\u00ebris\u00eb s\u00eb saj p\u00ebr t\u00eb organizuar vet\u00eb aktivitetin, u realizua, dhe \u00ebsht\u00eb eventi\ni vet\u00ebm me vajza deri m\u00eb tani.<\/p>\n\n\n\n<h1 class=\"wp-block-heading\">Cila ka\nqen\u00eb reagimi nga an\u00ebtar\u00ebt e grupit dhe t\u00eb tjer\u00ebt t\u00eb\np\u00ebrfshir\u00eb?<\/h1>\n\n\n\n<p><strong>Marsel Alickolli: <\/strong>Gjat\u00eb koh\u00ebs q\u00eb\n\u201cActive Albanians\u201d ka qen\u00eb nj\u00eb grup aktiv, kam par\u00eb dy lloj pjes\u00ebmarr\u00ebsish dhe reagimet e tyre jan\u00eb\npaksa t\u00eb ndryshme. Ka nga ata q\u00eb q\u00ebndrojn\u00eb anash dhe brohorisin aktivitetet e suksesshme t\u00eb organizat\u00ebs son\u00eb. Ky grup\n\u00ebsht\u00eb i ndar\u00eb midis atyre q\u00eb ne i quajm\u00eb\n&#8220;tifozat e p\u00ebrhersh\u00ebm&#8221;, &#8220;atyre q\u00eb duan, por nuk marrin\npjes\u00eb&#8221; dhe &#8220;t\u00eb konvertuarit&#8221;. Tek n\u00ebn-grupi i par\u00eb hyjn\u00eb ata q\u00eb nuk duan asgj\u00eb m\u00eb shum\u00eb p\u00ebrve\u00e7 se\nt\u00eb shohin shqiptar\u00ebt tan\u00eb t\u00eb bashkohen\ndhe t\u00eb p\u00ebrmir\u00ebsojn\u00eb jet\u00ebn e atyre, gjysh\u00ebrit jan\u00eb nj\u00eb shembull i k\u00ebtij\nn\u00ebngrupi. &#8220;Ata q\u00eb &nbsp;duan, por nuk marrin pjes\u00eb&#8221; jan\u00eb\nata q\u00eb kurr\u00eb nuk gjejn\u00eb guximin t\u00eb vijn\u00eb n\u00eb t\u00eb v\u00ebrtet\u00eb dhe t\u00eb p\u00ebrjetojn\u00eb aktivitetet tona pavar\u00ebsisht\nnga d\u00ebshira e tyre. &#8220;T\u00eb konvertuarit&#8221; nga ana tjet\u00ebr jan\u00eb ata &nbsp;q\u00eb\njan\u00eb gjithnj\u00eb e m\u00eb af\u00ebr t\u00eb b\u00ebrit pjes\u00ebmarr\u00ebs n\u00eb secilin aktivitet.<\/p>\n\n\n\n<p>P\u00ebrve\u00e7\nk\u00ebtyre tre grupeve, ata q\u00eb ja vlen t\u00eb p\u00ebrmenden jan\u00eb personat aktiv\u00eb q\u00eb\nbashkohen me ne, dhe n\u00eb fund t\u00eb\nfundit, do t\u00eb ken\u00eb m\u00eb shum\u00eb histori rreth zjarrit p\u00ebr nip\u00ebrit e mbesat e tyre\nn\u00eb nj\u00eb nat\u00eb t\u00eb gjat\u00eb e t\u00eb ftoht\u00eb\ndimri n\u00eb t\u00eb ardhmen. Historia gjithnj\u00eb fillon me, &#8220;kur isha un\u00eb n\u00eb mosh\u00ebn t\u00ebnde.&#8221;<\/p>\n\n\n\n<h1 class=\"wp-block-heading\">Cili \u00ebsht\u00eb mesazhi juaj p\u00ebr rinin\u00eb shqiptare sot?<\/h1>\n\n\n\n<p><strong>Marsel Alickolli: <\/strong>Kur isha i vog\u00ebl mezi\nprisja q\u00eb t\u00eb rritesha. Si nj\u00eb i rritur, gjith\u00e7ka q\u00eb dua \u00ebsht\u00eb t\u00eb jetoj si adoleshent. Nga p\u00ebrvoja ime,\n10 vjet nga tani, n\u00ebse shikoni pas n\u00eb\nkoh\u00eb gjasat jan\u00eb shum\u00eb t\u00eb ngjashme se\ndo t\u00eb zhg\u00ebnjeheni m\u00eb shum\u00eb nga p\u00ebrvojat q\u00eb nuk keni pasur se sa nga ato q\u00eb keni jetuar. Gjyshi im n\u00eb Shqip\u00ebri\nthoshte: &#8220;Gjella me krip\u00eb dhe kripa me karar.&#8221; Me fjal\u00eb t\u00eb tjera, jeta \u00ebsht\u00eb plot me p\u00ebrvoja dhe\nnjeriu duhet t\u00eb jet\u00eb n\u00eb gjendje t\u00eb dal\u00eb, eksperiencoj\u00eb dhe t\u00eb provoj\u00eb sa m\u00eb shum\u00eb, por gjith\u00e7ka me mas\u00eb.\nNdoshta ky \u00ebsht\u00eb \u00e7el\u00ebsi i nj\u00eb jet\u00eb t\u00eb lumtur, t\u00eb p\u00ebrmbushur dhe t\u00eb sh\u00ebndetshme.<\/p>\n","protected":false},"excerpt":{"rendered":"<p>P\u00ebrgatiti E.B. dhe Marsela Bregu Organizata &#8220;Active Albanians&#8221; (Shqiptar\u00ebt Aktiv) u themelua n\u00eb shtator 2018 n\u00eb Los Anxhelos, Kaliforni, nga Marsel Alickolli dhe Mario Ismaili. Fillimisht, faqa e facebookut &#8220;Active Albanians Los Angeles&#8221; sh\u00ebrbeu si platform\u00eb p\u00ebr t\u00eb organizuar aktivitet p\u00ebr komunitetin shqiptar. T\u00eb motivuar p\u00ebr t\u00eb b\u00ebr\u00eb dicka ndryshe, Mario dhe Marseli organizuan nj\u00eb&hellip;<\/p>\n","protected":false},"author":1,"featured_media":9055,"comment_status":"open","ping_status":"open","sticky":false,"template":"","format":"standard","meta":{"footnotes":""},"categories":[11],"tags":[],"class_list":["post-9054","post","type-post","status-publish","format-standard","has-post-thumbnail","hentry","category-publicistike"],"_links":{"self":[{"href":"https:\/\/revistakuvendi.org\/index.php?rest_route=\/wp\/v2\/posts\/9054","targetHints":{"allow":["GET"]}}],"collection":[{"href":"https:\/\/revistakuvendi.org\/index.php?rest_route=\/wp\/v2\/posts"}],"about":[{"href":"https:\/\/revistakuvendi.org\/index.php?rest_route=\/wp\/v2\/types\/post"}],"author":[{"embeddable":true,"href":"https:\/\/revistakuvendi.org\/index.php?rest_route=\/wp\/v2\/users\/1"}],"replies":[{"embeddable":true,"href":"https:\/\/revistakuvendi.org\/index.php?rest_route=%2Fwp%2Fv2%2Fcomments&post=9054"}],"version-history":[{"count":1,"href":"https:\/\/revistakuvendi.org\/index.php?rest_route=\/wp\/v2\/posts\/9054\/revisions"}],"predecessor-version":[{"id":9059,"href":"https:\/\/revistakuvendi.org\/index.php?rest_route=\/wp\/v2\/posts\/9054\/revisions\/9059"}],"wp:featuredmedia":[{"embeddable":true,"href":"https:\/\/revistakuvendi.org\/index.php?rest_route=\/wp\/v2\/media\/9055"}],"wp:attachment":[{"href":"https:\/\/revistakuvendi.org\/index.php?rest_route=%2Fwp%2Fv2%2Fmedia&parent=9054"}],"wp:term":[{"taxonomy":"category","embeddable":true,"href":"https:\/\/revistakuvendi.org\/index.php?rest_route=%2Fwp%2Fv2%2Fcategories&post=9054"},{"taxonomy":"post_tag","embeddable":true,"href":"https:\/\/revistakuvendi.org\/index.php?rest_route=%2Fwp%2Fv2%2Ftags&post=9054"}],"curies":[{"name":"wp","href":"https:\/\/api.w.org\/{rel}","templated":true}]}}