{"id":8979,"date":"2021-04-16T19:52:23","date_gmt":"2021-04-16T19:52:23","guid":{"rendered":"http:\/\/revistakuvendi.org\/?p=8979"},"modified":"2021-04-16T19:52:23","modified_gmt":"2021-04-16T19:52:23","slug":"liridon-mziu-baleti-per-mua-eshte-oksigjen","status":"publish","type":"post","link":"https:\/\/revistakuvendi.org\/?p=8979","title":{"rendered":"Liridon Mziu: Baleti p\u00ebr mua \u00ebsht\u00eb oksigjen"},"content":{"rendered":"\n<figure class=\"wp-block-image\"><img loading=\"lazy\" decoding=\"async\" width=\"129\" height=\"160\" src=\"http:\/\/revistakuvendi.org\/wp-content\/uploads\/2021\/04\/babamusta10.jpg\" alt=\"\" class=\"wp-image-8980\"\/><\/figure>\n\n\n\n<p>Intervistoi\nE.B., Nju Jork<\/p>\n\n\n\n<p>Liridon\nMziu ka lindur n\u00eb vitin 1990 n\u00eb Mitrovic\u00eb, Kosov\u00eb. \u00cbsht\u00eb balerin profesionist i\ndiplomuar prej 12 vitesh. Shkoll\u00ebn e mesme e ka kryer n\u00eb Prishtin\u00eb n\u00eb 2010. Ka\np\u00ebrfunduar Akademin\u00eb e Arteve, dega Muzik\u00eb n\u00eb vitin 2017. <\/p>\n\n\n\n<p>K\u00ebrcimin\ne ka filluar q\u00eb n\u00eb mosh\u00ebn 15 vje\u00e7are kur filloi t\u00eb m\u00ebsoj\u00eb hapat e baletit,\nkarrier\u00eb t\u00eb cil\u00ebn e ka ndjekur dhe si nj\u00eb profesionist i talentuar n\u00ebn kujdesin\ne profesor\u00ebve Januz Beqiraj dhe Ahmet Brahimaj. Ve\u00e7on vall\u00ebzimin neoklasik dhe kontemporan\np\u00ebr stilet e tij t\u00eb preferuara.<\/p>\n\n\n\n<p>N\u00eb\nvitin 2010 Liridon Mziu u b\u00eb pjes\u00eb e trup\u00ebs profesionale t\u00eb Baletit Komb\u00ebtar t\u00eb\nKosov\u00ebs. Njihet p\u00ebr shfaqet: Bukuroshja e fjetur, Carmen, Oh my god, Don\nQuixote, O. Taka, And\u00ebrr, La fille mal gard\u00e9e, Sisters, Spartacus, etj. N\u00eb\nvitin 2011ka marr\u00eb pjes\u00eb n\u00eb festivalin e Zyrihut n\u00eb Zvic\u00ebr me shfaqen \u201cOh my\nGod\u201d, e cila b\u00ebri shum\u00eb buj\u00eb p\u00ebr publikun zviceran. <\/p>\n\n\n\n<p><strong>Si\ne p\u00ebrshkruani jet\u00ebn e nj\u00eb balerine n\u00eb Kosov\u00eb?<\/strong><\/p>\n\n\n\n<p><strong>Liridon\nMziu: <\/strong>Jeta\ne nj\u00eb balerini n\u00eb Kosov\u00eb nuk \u00ebsht\u00eb aspak e leht\u00eb p\u00ebr faktin se kushtet n\u00eb t\u00eb cilat\npunojm\u00eb jan\u00eb t\u00eb mjerueshme.<\/p>\n\n\n\n<p><strong>Cilat\njan\u00eb \u00ebnd\u00ebrrat e tua? <\/strong><\/p>\n\n\n\n<p><strong>Liridon\nMziu: <\/strong>\u00cbndrrat\ne mia jan\u00eb qe t\u00eb krijoj shfaqje dhe t\u00eb arrijm\u00eb nj\u00eb nivel m\u00eb t\u00eb lart\u00eb artistik. <\/p>\n\n\n\n<p><strong>Kur\nu b\u00ebt\u00eb pjes\u00eb e Baletit Komb\u00ebtar t\u00eb Kosov\u00ebs? Si e konsideroni pjes\u00ebmarrjen tuaj\nn\u00eb BLK?<\/strong><\/p>\n\n\n\n<p><strong>Liridon\nMziu:<\/strong>\nN\u00eb vitin 2006 si student pastaj n\u00eb vitin 2010 si profesionist. \u00cbsht\u00eb mjaft privilegj\ndhe k\u00ebnaq\u00ebsi t\u00eb jesh pjes\u00eb e Baletit Komb\u00ebtar t\u00eb Kosov\u00ebs.<\/p>\n\n\n\n<p><strong>Cil\u00ebn\nshfaqe do ve\u00e7onit? <\/strong><\/p>\n\n\n\n<p><strong>Liridon\nMziu: <\/strong>Shfaqja\n\u201cNgjyrat e Vallzimit\u201d me koreografi nga Mehmet Ballkan.Nuk kam patur\nndonj\u00eb rol t\u00eb ve\u00e7ant\u00eb, mirpo g\u00ebrshetimi i muzik\u00ebs me l\u00ebvizjet e Baletit \u00ebsht\u00eb\narsyeja pse me b\u00ebn t\u2019a ve\u00e7oj. <\/p>\n\n\n\n<p><strong>\u00c7far\u00eb\n\u00ebsht\u00eb baleti p\u00ebr ju?<\/strong><\/p>\n\n\n\n<p><strong>Liridon\nMziu: <\/strong>Baleti\n\u00ebsht\u00eb pjes\u00eb e jet\u00ebs sime, me t\u00eb jetoj. \u00cbsht\u00eb vall\u00ebzim i cili t\u00eb b\u00ebn t\u2019i harrosh\nt\u00eb gjitha problemet n\u00eb bot\u00ebn e jashtme. Baleti p\u00ebr mua \u00ebsht\u00eb Oksigjen.<\/p>\n\n\n\n<p><strong>Si\ne p\u00ebrshkruani stilin tuaj dhe \u00e7far\u00eb lloj vall\u00ebzimi ju p\u00eblqen?<\/strong><\/p>\n\n\n\n<p><strong>Liridon\nMziu: <\/strong>Zakonisht\ne k\u00ebrcejm\u00eb at\u00eb \u00e7far\u00eb koreografi e k\u00ebrkon mirpo vall\u00ebzimi neoklasik dhe kontemporan\njan\u00eb vall\u00ebzime t\u00eb cilat i kisha ve\u00e7uar.<\/p>\n\n\n\n<p><strong>Ku\njeni p\u00ebrgatitur si balerin?<\/strong><\/p>\n\n\n\n<p><strong>Liridon\nMziu: <\/strong>N\u00eb\nPrishtin\u00eb.<\/p>\n\n\n\n<p><strong>P\u00ebr\ncilat shfaqe ruani kujtimet m\u00eb t\u00eb mira dhe pse?<\/strong><\/p>\n\n\n\n<p><strong>Liridon\nMziu: <\/strong>Gjat\u00eb\np\u00ebrgaditjeve t\u00eb shfaqjeve gjithmon\u00eb kemi kujtime t\u00eb mira por e kisha ve\u00e7uar\nshfaqjen \u201cBukuroshja e fjetur|\u201d sepse ka qen\u00eb nj\u00ebra nd\u00ebr shfaqjet e para q\u00eb kam\nmarr pjes\u00eb si balerin.<\/p>\n\n\n\n<p><strong>Po\np\u00ebr mentorin apo profesorin tuaj?<\/strong><\/p>\n\n\n\n<p><strong>Liridon\nMziu: <\/strong>Fatmirsisht\nkam pas fatin t\u2019i kem dy profesor, profesorin Januz Beqiraj dhe Ahmet Brahimaj.\nK\u00ebta kan\u00eb dh\u00ebn\u00eb nj\u00eb kontribut t\u00eb madh n\u00eb ngritjen dhe nivelin tim e sidomos\nprof. Ahmet i cili jo vet\u00ebm p\u00ebr mua por p\u00ebr t\u00eb gjith\u00eb balerin\u00ebt ka dh\u00ebn\u00eb shum\u00eb.\n<\/p>\n\n\n\n<p><strong>Cilat\nmomente do ve\u00e7onit n\u00eb performanca jasht\u00eb vendit? Si ju kan\u00eb pritur?<\/strong><\/p>\n\n\n\n<p><strong>Liridon\nMziu: <\/strong>Do\nta ve\u00e7oja pjesmarrjen n\u00eb festivalin e Zyrihut n\u00eb Zvic\u00ebr, ku kemi pas nj\u00eb pritje\nt\u00eb jasht\u00ebzakonshme si nga organizator\u00ebt ashtu edhe nga publiku. <\/p>\n\n\n\n<p><strong>\u00c7far\u00eb\nkonsideroni si arritjet e juaja me t\u00eb cilat krenoheni n\u00eb karrier\u00ebn tuaj?<\/strong><\/p>\n\n\n\n<p><strong>Liridon\nMziu: <\/strong>Krenohemi\nme at\u00eb qe jemi pjes\u00eb e nj\u00eb trupe profesionale dhe me ndikimin q\u00eb kemi tek\npubliku i cili deri m\u00eb tani nuk na ka braktisur as edhe nj\u00eb her\u00eb.<\/p>\n\n\n\n<p><strong>Me\ncil\u00ebn shfaqe po angazhoheni tani? <\/strong><\/p>\n\n\n\n<p><strong>Liridon\nMziu: <\/strong>Tani\njemi duke punuar n\u00eb shfaqjen \u201cEntres des Aguas\u201d dhe \u201cTroy Game\u201d, nj\u00eb shfaqje e\npunuar nga koreografi i mir\u00ebnjohur amerikan Robert North.<\/p>\n\n\n\n<p><strong>P\u00ebrve\u00e7\nbaletit, \u00e7far\u00eb tjet\u00ebr ju p\u00eblqen?<\/strong><\/p>\n\n\n\n<p><strong>Liridon\nMziu: <\/strong>Perve\u00e7\nbaletit me p\u00eblqen t\u00eb luaj kitar ose piano dhe ecja n\u00eb natyr\u00eb. <\/p>\n","protected":false},"excerpt":{"rendered":"<p>Intervistoi E.B., Nju Jork Liridon Mziu ka lindur n\u00eb vitin 1990 n\u00eb Mitrovic\u00eb, Kosov\u00eb. \u00cbsht\u00eb balerin profesionist i diplomuar prej 12 vitesh. Shkoll\u00ebn e mesme e ka kryer n\u00eb Prishtin\u00eb n\u00eb 2010. Ka p\u00ebrfunduar Akademin\u00eb e Arteve, dega Muzik\u00eb n\u00eb vitin 2017. K\u00ebrcimin e ka filluar q\u00eb n\u00eb mosh\u00ebn 15 vje\u00e7are kur filloi t\u00eb m\u00ebsoj\u00eb&hellip;<\/p>\n","protected":false},"author":1,"featured_media":8980,"comment_status":"open","ping_status":"open","sticky":false,"template":"","format":"standard","meta":{"footnotes":""},"categories":[1],"tags":[],"class_list":["post-8979","post","type-post","status-publish","format-standard","has-post-thumbnail","hentry","category-intervista"],"_links":{"self":[{"href":"https:\/\/revistakuvendi.org\/index.php?rest_route=\/wp\/v2\/posts\/8979","targetHints":{"allow":["GET"]}}],"collection":[{"href":"https:\/\/revistakuvendi.org\/index.php?rest_route=\/wp\/v2\/posts"}],"about":[{"href":"https:\/\/revistakuvendi.org\/index.php?rest_route=\/wp\/v2\/types\/post"}],"author":[{"embeddable":true,"href":"https:\/\/revistakuvendi.org\/index.php?rest_route=\/wp\/v2\/users\/1"}],"replies":[{"embeddable":true,"href":"https:\/\/revistakuvendi.org\/index.php?rest_route=%2Fwp%2Fv2%2Fcomments&post=8979"}],"version-history":[{"count":1,"href":"https:\/\/revistakuvendi.org\/index.php?rest_route=\/wp\/v2\/posts\/8979\/revisions"}],"predecessor-version":[{"id":8981,"href":"https:\/\/revistakuvendi.org\/index.php?rest_route=\/wp\/v2\/posts\/8979\/revisions\/8981"}],"wp:featuredmedia":[{"embeddable":true,"href":"https:\/\/revistakuvendi.org\/index.php?rest_route=\/wp\/v2\/media\/8980"}],"wp:attachment":[{"href":"https:\/\/revistakuvendi.org\/index.php?rest_route=%2Fwp%2Fv2%2Fmedia&parent=8979"}],"wp:term":[{"taxonomy":"category","embeddable":true,"href":"https:\/\/revistakuvendi.org\/index.php?rest_route=%2Fwp%2Fv2%2Fcategories&post=8979"},{"taxonomy":"post_tag","embeddable":true,"href":"https:\/\/revistakuvendi.org\/index.php?rest_route=%2Fwp%2Fv2%2Ftags&post=8979"}],"curies":[{"name":"wp","href":"https:\/\/api.w.org\/{rel}","templated":true}]}}