{"id":8962,"date":"2021-04-11T20:34:16","date_gmt":"2021-04-11T20:34:16","guid":{"rendered":"http:\/\/revistakuvendi.org\/?p=8962"},"modified":"2021-04-11T20:34:16","modified_gmt":"2021-04-11T20:34:16","slug":"aulone-nuhiu-dashuria-dhe-sakrifica-per-baletin","status":"publish","type":"post","link":"https:\/\/revistakuvendi.org\/?p=8962","title":{"rendered":"Aulon\u00eb Nuhiu: Dashuria dhe Sakrifica p\u00ebr Baletin"},"content":{"rendered":"\n<figure class=\"wp-block-image\"><img loading=\"lazy\" decoding=\"async\" width=\"160\" height=\"133\" src=\"http:\/\/revistakuvendi.org\/wp-content\/uploads\/2021\/04\/babamusta9.jpg\" alt=\"\" class=\"wp-image-8963\"\/><\/figure>\n\n\n\n<p><em>Intervistoi:\nE.B., Nju Jork <\/em><\/p>\n\n\n\n<p>Aulon\u00eb Nuhiu \u00ebsht\u00eb e lindur m\u00eb 22 prill 1993 n\u00eb Prishtin\u00eb. Ajo ushtron profesionin e balerin\u00ebs n\u00eb Trup\u00ebn e Baletit t\u00eb Kosov\u00ebs q\u00eb nga viti 2008 fillimisht si nx\u00ebn\u00ebse n\u00eb shkoll\u00ebn e mesme t\u00eb muzik\u00ebs drejtimi balet, kurse pas p\u00ebrfundimit t\u00eb shkoll\u00ebs s\u00eb mesme, ka vazhduar tutje nga viti 2011 si balerin\u00eb profesionale e Trup\u00ebs. Aktualisht ajo \u00ebsht\u00eb gjithashtu absolvente n\u00eb fakultetin juridik. Profesionin e balerin\u00ebs e ushtron me shum\u00eb pasion dhe vullnet duke qen\u00eb edhe pjes\u00eb e 40 premierave p\u00ebr 10 vite. Nd\u00ebr shfaqjet m\u00eb t\u00eb pikasura nga Aulona jan\u00eb: \u201cPushimi i kalor\u00ebsve\u201d, \u201cGisele\u201d, \u201cKarmen\u201d, \u201cAnd\u00ebrr\u201d, \u201cPa mure\u201d, \u201cLe Corsaire\u201d, \u201cRecomposed\u201d, \u201cSpartaku\u201d, \u201cLa Sylphide\u201d, \u201cDasma\u201d, \u201cLa fille malgarde\u201d, \u201cNe\u00eb born\u201d, \u201cOtaka\u201d, \u201cExile\u201d etj. <\/p>\n\n\n\n<figure class=\"wp-block-image\"><img loading=\"lazy\" decoding=\"async\" width=\"566\" height=\"480\" src=\"http:\/\/revistakuvendi.org\/wp-content\/uploads\/2021\/04\/babamusta8.jpg\" alt=\"\" class=\"wp-image-8964\" srcset=\"https:\/\/revistakuvendi.org\/wp-content\/uploads\/2021\/04\/babamusta8.jpg 566w, https:\/\/revistakuvendi.org\/wp-content\/uploads\/2021\/04\/babamusta8-300x254.jpg 300w\" sizes=\"auto, (max-width: 566px) 100vw, 566px\" \/><\/figure>\n\n\n\n<p><strong>Si e p\u00ebrshkruani\njet\u00ebn e nj\u00eb balerine n\u00eb Kosov\u00eb? <\/strong><\/p>\n\n\n\n<p><strong>Aulon\u00eb\nNuhiu:<\/strong>\nBaleti \u00ebsht\u00eb nj\u00eb art q\u00eb k\u00ebrkon shum\u00eb pun\u00eb, vulln\u00ebt,\nangazhim, pasion, dashuri, e specifikisht n\u00eb Kosov\u00eb edhe shum\u00eb sakrific\u00eb. Them\nq\u00eb duhet shum\u00eb sakrific\u00eb pasiq\u00eb n\u00eb vendin ton\u00eb p\u00ebr t\u00eb ushtruar k\u00ebt\u00eb profesion\nna mungojn\u00eb kushtet elementare p\u00ebr pun\u00eb. Me k\u00ebto kushte q\u00eb ne punojm\u00eb, po t\u00eb na\nmungonte dashuria dhe vullneti p\u00ebr k\u00ebt\u00eb profesion, baleti n\u00eb Kosov\u00eb do t\u00eb p\u00ebsonte\nngecje esenciale p\u00ebr t\u00eb mos th\u00ebn\u00eb d\u00ebshtim total. T\u00eb ushtrosh profesionin e\nbalerin\u00ebs\/balerinit n\u00eb Kosov\u00eb, do t\u00eb thot\u00eb t\u00eb p\u00ebrballesh \u00e7do dit\u00eb me luft\u00eb p\u00ebr\nmbijetes\u00eb, luft\u00eb t\u00eb cil\u00ebn ne e fitojm\u00eb \u00e7do her\u00eb fal\u00eb p\u00ebrkushtimit ton\u00eb\nmaksimal. <\/p>\n\n\n\n<p><strong>\u00c7far\u00eb \u00ebsht\u00eb\nbaleti p\u00ebr ju?<\/strong><\/p>\n\n\n\n<p><strong>Aulon\u00eb\nNuhiu:<\/strong>\nBaleti p\u00ebr ne fillimisht \u00ebsht\u00eb sakrific\u00eb dhe dashuri e\nmadhe. \u00cbsht\u00eb dashuri aq e madhe saq\u00eb nuk e braktisim dot, e p\u00ebr t\u00eb mos e\nbraktis\u00eb detyrohemi t\u00eb b\u00ebjme shume sakrifica qe ta mbajm\u00eb gjall\u00eb si art n\u00eb\nKosov\u00eb, ta p\u00ebrfaq\u00ebsojm\u00eb Kosov\u00ebn n\u00eb m\u00ebnyr\u00ebn m\u00eb t\u00eb mir\u00eb t\u00eb mundshme, dhe ta\njetojm\u00eb si \u00e7do profesion tjet\u00ebr, sepse p\u00ebr ne baleti \u00ebsht\u00eb vet jeta. <\/p>\n\n\n\n<p><strong>Ku jeni\npregatitur si balerin\u00eb?<\/strong><\/p>\n\n\n\n<p><strong>Aulon\u00eb Nuhiu:<\/strong> N\u00eb Kosov\u00eb e vetmja rrug\u00eb p\u00ebr t\u00eb ushtruar profesionin e balerin\u00ebs \u00ebsht\u00eb p\u00ebrmes shkollimit q\u00eb e ofronte vetem shkolla e mesme e muzik\u00ebs \u201ePrenk Jakova\u201c. Aty fillon karier\u00ebn \u00e7do balerin\u00eb dhe balerin, e tutje vazhdon n\u00eb Trup\u00ebn e Baletit t\u00eb Kosov\u00ebs. K\u00ebshtu ka filluar dhe vazhdon edhe kariera ime si balerin\u00eb. <\/p>\n\n\n\n<figure class=\"wp-block-image\"><img loading=\"lazy\" decoding=\"async\" width=\"480\" height=\"480\" src=\"http:\/\/revistakuvendi.org\/wp-content\/uploads\/2021\/04\/babamusta7.jpg\" alt=\"\" class=\"wp-image-8965\" srcset=\"https:\/\/revistakuvendi.org\/wp-content\/uploads\/2021\/04\/babamusta7.jpg 480w, https:\/\/revistakuvendi.org\/wp-content\/uploads\/2021\/04\/babamusta7-150x150.jpg 150w, https:\/\/revistakuvendi.org\/wp-content\/uploads\/2021\/04\/babamusta7-300x300.jpg 300w, https:\/\/revistakuvendi.org\/wp-content\/uploads\/2021\/04\/babamusta7-50x50.jpg 50w\" sizes=\"auto, (max-width: 480px) 100vw, 480px\" \/><\/figure>\n\n\n\n<p><strong>Si e p\u00ebrshkruani\nstilin tuaj dhe \u00e7far\u00eb lloj vall\u00ebzimi ju p\u00eblqen?<\/strong><\/p>\n\n\n\n<p><strong>Aulon\u00eb\nNuhiu:<\/strong>\nSi balerin\u00eb e Trup\u00ebs s\u00eb Baletit kemi pasur rastin t\u00eb\npunojm\u00eb me koreograf t\u00eb ndrysh\u00ebm t\u00eb stileve t\u00eb ndryshme, andaj jam ballafaquar\nt\u00eb luaj shfaqje thuajse t\u00eb t\u00eb gjitha stileve t\u00eb baletit. Un\u00eb individualisht\ngjithmon\u00eb duke mos e anashkaluar baletin klasik, parap\u00eblqej edhe at\u00eb modern\nsepse \u00ebsht\u00eb m\u00ebnyr\u00eb m\u00eb e l\u00ebht\u00eb p\u00ebr t\u00eb shprehur dhe shfaqur storien dhe emocionet\ne nj\u00eb shfaqjeje. <\/p>\n\n\n\n<p><strong>Kur u b\u00ebt\u00eb\npjes\u00eb e Baletit Komb\u00ebtar\u00eb t\u00eb Kosov\u00ebs dhe si e konsideroni pjesmarrjen tuaj?<\/strong><\/p>\n\n\n\n<p><strong>Aulon\u00eb\nNuhiu:<\/strong>\nUn\u00eb jam\u00eb b\u00ebr\u00eb zyrtarisht pjes\u00eb e Baletit Komb\u00ebtar\u00eb n\u00eb\nvitin 2011, dhe q\u00eb nga at\u00ebher jeta ime ka ndryshuar rr\u00ebnj\u00ebsisht, pasiq\u00eb duke e\nkonsideruar si nj\u00eb hap shum\u00eb t\u00eb r\u00ebnd\u00ebsish\u00ebm t\u00eb jet\u00ebs time t\u00eb qenurit balerin\u00eb e\nBaletit t\u00eb Kosov\u00ebs, m\u00eb ka sjell\u00eb sa privilegj dhe k\u00ebnaq\u00ebsi ashtu edhe p\u00ebrgjegj\u00ebsi.\n<\/p>\n\n\n\n<p><strong>P\u00ebr cilat\nshfaqje ruani kujtimet m\u00eb t\u00eb mira?<\/strong><\/p>\n\n\n\n<p><strong>Aulon\u00eb\nNuhiu:<\/strong>\nSecila nga 40 shfaqjet q\u00eb kam\u00eb marr\u00eb pjes\u00eb bart\u00eb n\u00eb vete\nve\u00e7anti speciale dhe kujtime t\u00eb ve\u00e7anta. Por nd\u00ebr shfaqjet q\u00eb kan\u00eb l\u00ebn\u00eb m\u00eb shum\u00eb\ngjurm\u00eb tek un\u00eb jan\u00eb: \u201ePa mure\u201c , \u201eAnd\u00ebrr\u201c, \u201eSisters\u201c, dhe shfaqja q\u00eb aktualisht\njemi duke e p\u00ebrgatitur.<\/p>\n\n\n\n<p><strong>Po p\u00ebr\nmentorin apo profesorin tuaj?<\/strong><\/p>\n\n\n\n<p><strong>Aulon\u00eb\nNuhiu:<\/strong>\n\u00c7do moment kur p\u00ebrmendet emri dhe figura e prof\u00ebs Ahmet\nrrahjet e zemr\u00ebs b\u00ebhen m\u00eb t\u00eb shpejta dhe syt\u00eb na p\u00ebrloten. Ende \u00ebsht\u00eb i\npashmangsh\u00ebm malli p\u00ebr t\u00eb, ende na mungon jasht mase. Kjo do t\u00eb thot\u00eb q\u00eb ai ka\nqen\u00eb dhe mbetet personi m\u00eb i r\u00ebnd\u00ebsish\u00ebm sa i p\u00ebrket karier\u00ebs sime si balerin\u00eb,\npasi ishte mesuesi i hapave t\u00eb par\u00eb t\u00eb baletit p\u00ebr mua dhe koleg\u00ebt\/koleget e\nmia. Pa angazhimin e tij, Kosova sot nuk do t\u00eb kishte fare Trup\u00eb t\u00eb Baletit,\nandaj me k\u00ebt\u00eb besoj kuptohet dhe r\u00ebnd\u00ebsia e tij si tek secili prej neve e\ngjithashtu edhe si figur\u00eb jashtzakonisht e r\u00ebnd\u00ebsishme e artit dhe kultur\u00ebs n\u00eb\nKosov\u00eb.<\/p>\n\n\n\n<p><strong>A keni luajtur role kryesore n\u00eb\nndonj\u00eb shfaqje?<\/strong><\/p>\n\n\n\n<p><strong>Aulon\u00eb\nNuhiu:<\/strong>\nPo kam luajtur. Jan\u00eb pik\u00ebrisht shfaqjet q\u00eb i p\u00ebrmenda m\u00eb lart\u00eb si shfaqjet me\nkujtime m\u00eb t\u00eb ve\u00e7anta tek une si balerin\u00eb, pasi n\u00eb k\u00ebto shfaqje mu besua t\u00eb\nluaj rolin kryesor. Ka qen\u00eb nder\u00eb dhe privilegj, por gjithashtu edhe\np\u00ebrgjegj\u00ebsi. <\/p>\n\n\n\n<p><strong>Cilat momente do ti veqonit\njasht\u00eb vendit dhe si ju kan pritur? <\/strong><\/p>\n\n\n\n<p><strong>Aulon\u00eb\nNuhiu:<\/strong>\nP\u00ebrgjat\u00eb k\u00ebtyre 10 viteve, thuajse \u00e7do vit kemi qen\u00eb pjesmarr\u00ebs n\u00eb festival t\u00eb\nndryshme n\u00ebp\u00ebr bot\u00eb, duke e perfaq\u00ebsuar gjithmon\u00eb Kosov\u00ebn si shtet. Nd\u00ebr shum\u00eb\npjesmarrje do t\u00eb veqoja: performimi n\u00eb Paris me shfaqjen \u201cRecomposed\u201d,\nperformimi n\u00eb Berlin dhe Hamburg t\u00eb Gjermanis\u00eb me shfaqjen \u201cNe\u00eb born\u201d, tutje n\u00eb\nItali, Bullgari, Austri, Zvic\u00ebrr, Finland, Turqi, Shqip\u00ebri, Maqedoni etj. <\/p>\n\n\n\n<p>Duhet\nt\u00eb theksoj se mik\u00ebpritja n\u00eb secilin prej k\u00ebtyre shteteve ka qen\u00eb mbresl\u00ebn\u00ebse\ndhe jemi ndi shum\u00eb krenar\u00eb q\u00eb po e p\u00ebrfaq\u00ebsojme vendin denj\u00ebsisht, pasi n\u00eb\nsecilin vend publiku me duartrokitje n aka treguar se po e vler\u00ebsojn\u00eb shum\u00eb\nperformanc\u00ebn ton\u00eb. <\/p>\n\n\n\n<p><strong>Me cil\u00ebn shfaqje po angazhoheni\ntani?<\/strong><\/p>\n\n\n\n<p><strong>Aulon\u00eb\nNuhiu:<\/strong>\nTani jemi duke punuar me premieren e re t\u00eb titulluar \u201cEntre dos aguas \u2013 the\ntroy game\u201d. \u00cbsht\u00eb shfaqje shum\u00eb interesant\u00eb e ndar\u00eb n\u00eb dy pjes\u00eb, e punuar nga\nkoreografi i njohur amerikan Robert Nort. <\/p>\n","protected":false},"excerpt":{"rendered":"<p>Intervistoi: E.B., Nju Jork Aulon\u00eb Nuhiu \u00ebsht\u00eb e lindur m\u00eb 22 prill 1993 n\u00eb Prishtin\u00eb. Ajo ushtron profesionin e balerin\u00ebs n\u00eb Trup\u00ebn e Baletit t\u00eb Kosov\u00ebs q\u00eb nga viti 2008 fillimisht si nx\u00ebn\u00ebse n\u00eb shkoll\u00ebn e mesme t\u00eb muzik\u00ebs drejtimi balet, kurse pas p\u00ebrfundimit t\u00eb shkoll\u00ebs s\u00eb mesme, ka vazhduar tutje nga viti 2011 si&hellip;<\/p>\n","protected":false},"author":1,"featured_media":8963,"comment_status":"open","ping_status":"open","sticky":false,"template":"","format":"standard","meta":{"footnotes":""},"categories":[1],"tags":[],"class_list":["post-8962","post","type-post","status-publish","format-standard","has-post-thumbnail","hentry","category-intervista"],"_links":{"self":[{"href":"https:\/\/revistakuvendi.org\/index.php?rest_route=\/wp\/v2\/posts\/8962","targetHints":{"allow":["GET"]}}],"collection":[{"href":"https:\/\/revistakuvendi.org\/index.php?rest_route=\/wp\/v2\/posts"}],"about":[{"href":"https:\/\/revistakuvendi.org\/index.php?rest_route=\/wp\/v2\/types\/post"}],"author":[{"embeddable":true,"href":"https:\/\/revistakuvendi.org\/index.php?rest_route=\/wp\/v2\/users\/1"}],"replies":[{"embeddable":true,"href":"https:\/\/revistakuvendi.org\/index.php?rest_route=%2Fwp%2Fv2%2Fcomments&post=8962"}],"version-history":[{"count":1,"href":"https:\/\/revistakuvendi.org\/index.php?rest_route=\/wp\/v2\/posts\/8962\/revisions"}],"predecessor-version":[{"id":8966,"href":"https:\/\/revistakuvendi.org\/index.php?rest_route=\/wp\/v2\/posts\/8962\/revisions\/8966"}],"wp:featuredmedia":[{"embeddable":true,"href":"https:\/\/revistakuvendi.org\/index.php?rest_route=\/wp\/v2\/media\/8963"}],"wp:attachment":[{"href":"https:\/\/revistakuvendi.org\/index.php?rest_route=%2Fwp%2Fv2%2Fmedia&parent=8962"}],"wp:term":[{"taxonomy":"category","embeddable":true,"href":"https:\/\/revistakuvendi.org\/index.php?rest_route=%2Fwp%2Fv2%2Fcategories&post=8962"},{"taxonomy":"post_tag","embeddable":true,"href":"https:\/\/revistakuvendi.org\/index.php?rest_route=%2Fwp%2Fv2%2Ftags&post=8962"}],"curies":[{"name":"wp","href":"https:\/\/api.w.org\/{rel}","templated":true}]}}