{"id":8941,"date":"2021-04-07T15:27:28","date_gmt":"2021-04-07T15:27:28","guid":{"rendered":"http:\/\/revistakuvendi.org\/?p=8941"},"modified":"2021-04-07T15:27:28","modified_gmt":"2021-04-07T15:27:28","slug":"nje-rrjedhe-vardari-ne-krijimtarine-e-nje-atdhetari","status":"publish","type":"post","link":"https:\/\/revistakuvendi.org\/?p=8941","title":{"rendered":"NJE RRJEDHE VARDARI NE KRIJIMTARINE E NJE ATDHETARI"},"content":{"rendered":"\n<p>ZEF PERGEGA<\/p>\n\n\n\n<figure class=\"wp-block-image\"><img loading=\"lazy\" decoding=\"async\" width=\"160\" height=\"113\" src=\"http:\/\/revistakuvendi.org\/wp-content\/uploads\/2021\/04\/BAKI-YMERI.png\" alt=\"\" class=\"wp-image-8942\"\/><\/figure>\n\n\n\n<p> \u00a0\u00a0\u00a0\u00a0\u00a0\u00a0\u00a0Foto: Baki Ymeri\u00a0\u00a0\u00a0 <\/p>\n\n\n\n<p> \u00a0\u00a0\u00a0\u00a0\u00a0\u00a0\u00a0\u00a0\u00a0 \u00a0Nj\u0451 krijues nuk \u0451sht\u0451 shum\u0451 e nevojshme t\u2019a njohesh fizikisht. Vepra \u0451sht\u0451 testamenti m\u0451 i mir\u0451 i njohj\u0451s e, sidomos p\u0451r njer\u0451zit, q\u0451 kan\u0451 arritur t\u2019a marrin pasaporten e kultures komb\u0451tare me kontributin e tyre. Ne, p\u0451r shum\u0451 vite apo dekada nuk kemi qen\u0451 t\u0451 njohur as n\u0451p\u0451rmjet shkrimeve me shkrimtar\u0451, poet, p\u0451rkthyes nga trevat shqiptare t\u0451 cunguara n\u0451 trungun am\u0451. Madje edhe kur fryu ajo pak ere e demokracis\u0451, nuk e tregua e dashur me kultur\u0451n dhe njer\u0451zit e tij, por p\u0451rqafoi m\u0451 shum\u0451 politiken, mashtrimin, inkuziconin artistik, duke p\u0451rdhosur vlerat e p\u0451rbashketa si komb. Nje komb nuk shuhet nga luftat se ne kemi b\u0451r\u0451 qindra t\u0451 tilla me 56 her\u0451 pushtime, q\u0451 ia jane bere Shqip\u0451ris\u0451, por m\u0451 zhdukjen e kujtes\u0451s komb\u0451tare, q\u0451 sot mund t\u0451 them se \u0451sht\u0451 b\u0451re nj\u0451 tabel\u0451 shosh\u0451 nga plumbat e huaj e t\u0451 vetvet\u0451s. Nj\u0451 njeri q\u0451 k\u0451rkon t\u0451 lart\u0451soj\u0451 mitin e cultures ilire dhe t\u0451 gjuh\u0451s se saj, n\u0451 Rumani \u0451sht\u0451 edhe Baki Ymeri, t\u0451 cilin e njoh vet\u0451m n\u0451p\u0451rnjet shkrimeve. Kjo nuk do t\u0451 thot\u0451 p\u0451r mua nj\u0451 penges\u0451, p\u0451r t\u0451 paraqitur disa spekte t\u0451 veprimtaris\u0451 e tij, n\u0451p\u0451rmjet t\u0451 tjer\u0451ve, q\u0451 shqiptar\u0451t e Amerik\u0451s t\u201da njohin m\u0451 shum\u0451.<\/p>\n\n\n\n<figure class=\"wp-block-image\"><img loading=\"lazy\" decoding=\"async\" width=\"448\" height=\"289\" src=\"http:\/\/revistakuvendi.org\/wp-content\/uploads\/2021\/04\/BAKI-YMERI-1.png\" alt=\"\" class=\"wp-image-8943\" srcset=\"https:\/\/revistakuvendi.org\/wp-content\/uploads\/2021\/04\/BAKI-YMERI-1.png 448w, https:\/\/revistakuvendi.org\/wp-content\/uploads\/2021\/04\/BAKI-YMERI-1-300x194.png 300w\" sizes=\"auto, (max-width: 448px) 100vw, 448px\" \/><\/figure>\n\n\n\n<p>&nbsp;&nbsp;&nbsp; Baki Ymeri \u00ebsht\u00eb i njohur si poet,\np\u00ebrkthyes, eseist dhe publicist. U lind n\u00eb Shipkovic\u00eb t\u00eb Tetov\u00ebs, me 1 gusht\n1949, nga nj\u00eb baba shqiptar, Ajvaz Voka, dhe nga nana rumune ,Aurelia Graur.\nKreu studimet e larta per, gjuh\u00eb dhe let\u00ebrsin\u00eb shqipe n\u00eb Fakultetin Filozofik\nt\u00eb Universitetit t\u00eb Kosov\u00ebs&nbsp; n\u00eb Prishtin\u00eb\nme 1973.&nbsp;&nbsp; Duke qen\u00eb i ndjekur nga pushteti\nkomunist i ish-Jugosllavis\u00eb, arratiset n\u00eb Rumani, 1973, vazhdon studimet e\nspecializimit n\u00eb Vjen\u00eb 1974 dhe&nbsp;&nbsp; n\u00eb\nBukuresht 1975. Nd\u00ebrkoh\u00eb shkruan, p\u00ebrkthen dhe boton artikuj estudime mbi lidhjet\nfarefisnore rumuno-shqiptare, p\u00ebrhap literature shqipe n\u00eb relacionin Bukuresht-Shipkovic\u00eb-Prishtin\u00eb.\nArrestohet me1975 dhe d\u00ebnohet nga Gjykata komuniste e Qarkut t\u00eb Shkupit me\ngjasht\u00eb vjet burg t\u00eb r\u00ebnd\u00eb me1976, me motivacionin: \u201cVeprimtariarmiq\u00ebsore kund\u00ebr\nbashk\u00ebsis\u00eb son\u00eb socialiste!\u201d Q\u00eb nga viti 1971 p\u00ebrkthen let\u00ebrsin\u00eb shqipe n\u00eb\ngjuh\u00ebn rumune dhe&nbsp;&nbsp; anasjelltas,&nbsp; jep&nbsp;&nbsp;\nprovimet e&nbsp;&nbsp; doktorat\u00ebs&nbsp; n\u00eb&nbsp;\nUniversitetin e Bukureshtit, polemizon, afirmon dhe mbron \u00e7\u00ebshtjen shqiptare\nt\u00ebKosov\u00ebs n\u00eb shtypin rumun dhe at\u00eb&nbsp; &nbsp;shqiptar, merr&nbsp;&nbsp; pjes\u00eb&nbsp;&nbsp;\nn\u00eb simpoziume nd\u00ebrkomb\u00ebtare p\u00ebr mbrojtjen e t\u00eb drejtave t\u00eb njeriut,\nafirmon&nbsp;&nbsp; diaspor\u00ebn shqiptare,&nbsp; bombardon mesazhet raciste t\u00eb kriminel\u00ebve t\u00eb\ngjuh\u00ebs&nbsp;&nbsp; shqipe,&nbsp; fshikullon propagandat serbe n\u00eb median rumune,\nbashk\u00ebpunon me nj\u00eb&nbsp;&nbsp; varg&nbsp; revistash e gazetash n\u00eb veri dhe jug t\u00eb\nDanubit, vepron n\u00eb kuadrin e K\u00ebshillit Udh\u00ebheq\u00ebs t\u00eb Bashk\u00ebsin\u00eb Kulturore t\u00eb\nShqiptar\u00ebve t\u00eb Rumanis\u00eb, themelon Shoqat\u00ebn e Miq\u00ebsis\u00eb Rumuno-Shqiptare, afirmon\ndh ep\u00ebrkrah bijt\u00eb dhe bijat e rilind\u00ebsve tan\u00eb, t\u00eb gjitha aktivitetet i kryen vullnetarisht,\npa kurrfar\u00eb t\u00eb ardhurash. Gjat\u00eb viteve t\u00eb fundit ka p\u00ebrkthyer dhe botuar\ndhjetra poet\u00eb nga Kosova n\u00eb gjuh\u00ebn rumune si: Sali Bashota, Miradije Ramiqi,\nIbrahim Kadriu, Sabile Ke\u00e7mezi-Basha, Shaip Beqiri, Nexhat Rexha, Flora\nBrovina, Sabit Rrustemi,Halil&nbsp;&nbsp;\nHaxhosaj,&nbsp;&nbsp; Edi&nbsp;&nbsp; Shukriu,&nbsp;&nbsp;\nEngj\u00ebll&nbsp;&nbsp; Koliqi,&nbsp;&nbsp; Brahim&nbsp;&nbsp;\nAvdyli, Fatmir F. Salihu, Ramadan Mehmeti, Sar\u00eb Gjergji, Hysen K\u00ebqiku,Jeton\nKelmendi, Agim Vinca, etj.<\/p>\n\n\n\n<p> \u00a0\u00a0\u00a0\u00a0\u00a0 Baki Ymeri \u00ebsht\u00eb autor i qindra artikujve p\u00ebr diaspor\u00ebn shqiptare dhe bashkautor i dy monografive si \u201cV\u00ebllez\u00ebrit tan\u00eb n\u00eb veri t\u00eb Danubit\u201d, \u201cShqiptar\u00ebt\u00a0\u00a0 e\u00a0\u00a0 Rumanis\u00eb\u201d, bashkautor,\u00a0\u00a0 Tetov\u00eb,1994,\u00a0 \u201cEmigracioni\u00a0\u00a0 nga\u00a0\u00a0 Maqedonia\u00a0\u00a0 Per\u00ebndimore\u00a0\u00a0 n\u00eb\u00a0\u00a0 Rumani\u201d , bashkautor, Shkup, 2004. Ai \u00ebsht\u00eb nj\u00ebher\u00ebsh njoh\u00ebs i njohur i gjuh\u00ebsh\u00a0 t\u00eb\u00a0 huaja, zbulues thesaresh t\u00eb shoq\u00ebris\u00eb \u201cDrita\u201d, an\u00ebtar i Lidhjes s\u00eb Shkrimtar\u00ebve t\u00eb Rumanis\u00eb, prezent n\u00eb disa antologji poetike, laureat mir\u00ebnjohjesh t\u00eb ndryshme, i nominuar nga Instituti Biografik Amerikan (ABI): \u201cNjeriu i Vitit 2001\u201d.<\/p>\n\n\n\n<figure class=\"wp-block-image\"><img loading=\"lazy\" decoding=\"async\" width=\"448\" height=\"325\" src=\"http:\/\/revistakuvendi.org\/wp-content\/uploads\/2021\/04\/BAKI-YMERI-3.png\" alt=\"\" class=\"wp-image-8944\" srcset=\"https:\/\/revistakuvendi.org\/wp-content\/uploads\/2021\/04\/BAKI-YMERI-3.png 448w, https:\/\/revistakuvendi.org\/wp-content\/uploads\/2021\/04\/BAKI-YMERI-3-300x218.png 300w\" sizes=\"auto, (max-width: 448px) 100vw, 448px\" \/><\/figure>\n\n\n\n<p>&nbsp; Jeton dhekrijon n\u00eb Bukuresht, ku jep\nkontribut p\u00ebr afirmimin e vleraveletrare&nbsp;&nbsp;\nt\u00eb&nbsp;&nbsp; Kosov\u00ebs&nbsp;&nbsp; n\u00eb&nbsp;&nbsp;\ngjuh\u00ebn&nbsp;&nbsp; rumune,&nbsp;&nbsp; boton,&nbsp;&nbsp;\nudh\u00ebheq&nbsp;&nbsp; dheshp\u00ebrndan\nrevist\u00ebn&nbsp; Shqiptari\/Albanezul dheKosova. Bibliografil\nirike: \u201cKaltrina\u201d (poezi, botim dygjuh\u00ebsh shqip-rumanisht, Editura KRITERION,\nBukuresht, 1994, \u201cDardania\u201d,&nbsp; botim&nbsp; dygjuh\u00ebsh,&nbsp;\nBukuresht, 1999,&nbsp; \u201cZjarr i&nbsp;&nbsp; Shenjt\u00eb\u201d Poezi, \u201cDrita e Dardanis\u00eb\u201d&nbsp; Poezi n\u00eb gjuh\u00ebn rumune, Botoi&nbsp;&nbsp; Muzeul&nbsp;\nLiteraturii&nbsp;&nbsp; Romane,&nbsp; Bukuresht,&nbsp;&nbsp;\n2004, \u201cRruga e Ferrit p\u00ebrn\u00eb Parajs\u00eb\u201d, Bukuresht, 2005, etj.<\/p>\n\n\n\n<p>&nbsp;&nbsp;&nbsp;&nbsp;&nbsp; &nbsp;Mir\u00ebnjohje nga Kombet e Bashkuara, Qendra p\u00ebr\nt\u00eb Drejtat e Njeriut, 1994,&nbsp;&nbsp; Laureat i\nUrdh\u00ebrit Kavalier i Mioric\u00ebs n\u00eb Fokshan t\u00eb Rumanis\u00eb 2006, Laureat&nbsp;&nbsp; i&nbsp;&nbsp;\n\u00e7mimit t\u00eb Mir\u00ebnjohjes&nbsp; p\u00ebr Kritik\u00eb\nletrare nga ana e Klubit t\u00eb Shkrimtar\u00ebve \u201cDrita\u201d dhe Drejtoria eRevist\u00ebs\nletrare \u201cPelegrin\u201d&nbsp; n\u00eb&nbsp;&nbsp; Athin\u00eb&nbsp;&nbsp;\n(2006).&nbsp; Mir\u00ebnjohje &nbsp;nga&nbsp;&nbsp;\nBiblioteka&nbsp;&nbsp; Komb\u00ebtare&nbsp;&nbsp; dhe Universitare e Kosov\u00ebs 2007, etj. Q\u00eb nga\nviti 1971, Bakiu p\u00ebrkthen let\u00ebrsin\u00eb ton\u00eb shqipe n\u00eb gjuh\u00ebn rumune dhe anasjelltas!<\/p>\n\n\n\n<p><em>&nbsp;&nbsp;&nbsp;&nbsp;&nbsp;&nbsp;&nbsp; Nj\u00eb&nbsp;&nbsp; model jet\u00ebsor q\u00eb t\u2019i&nbsp;&nbsp; p\u00ebrkujton idealet e Rilindjes Komb\u00ebtare<\/em><\/p>\n\n\n\n<p>\u00a0\u00a0\u00a0\u00a0\u00a0\u00a0\u00a0\u00a0\u00a0 Z\u00ebri i tij \u00ebsht\u00eb i pranish\u00ebm n\u00eb gjith\u00eb hap\u00ebsirat shqiptare, sepse mendoj se ka tejet t\u00eb zhvilluarndjenj\u00ebn qytetare t\u00eb atdhetarizmit, dhe \u00ebsht\u00eb nj\u00eb gazetar aktiv q\u00eb reaksionon p\u00ebr probleme t\u00eb ndryshme q\u00eb lidhen me kultur\u00ebn ton\u00eb, me politikat ballkanike, e m\u00eb gj\u00ebr\u00eb.<\/p>\n\n\n\n<figure class=\"wp-block-image\"><img loading=\"lazy\" decoding=\"async\" width=\"517\" height=\"334\" src=\"http:\/\/revistakuvendi.org\/wp-content\/uploads\/2021\/04\/BAKI-YMERI-2.png\" alt=\"\" class=\"wp-image-8945\" srcset=\"https:\/\/revistakuvendi.org\/wp-content\/uploads\/2021\/04\/BAKI-YMERI-2.png 517w, https:\/\/revistakuvendi.org\/wp-content\/uploads\/2021\/04\/BAKI-YMERI-2-300x194.png 300w\" sizes=\"auto, (max-width: 517px) 100vw, 517px\" \/><\/figure>\n\n\n\n<p>&nbsp;&nbsp;&nbsp;&nbsp;&nbsp;&nbsp;&nbsp;&nbsp;&nbsp;&nbsp;&nbsp;&nbsp;\nBaki Ymeri&nbsp; p\u00ebrb\u00ebn&nbsp; nj\u00eb&nbsp;\nmodel&nbsp; jet\u00ebsor q\u00eb&nbsp;&nbsp; t\u2019i&nbsp;&nbsp;\np\u00ebrkujton&nbsp;&nbsp; modelet&nbsp;&nbsp; e Rilindjes Komb\u00ebtare, nj\u00eb jet\u00eb e\nmartirizuar p\u00ebr nj\u00eb ideal t\u00eb lart\u00eb. Bakiu \u00ebsht\u00eb njeriu q\u00eb shkriu jet\u00ebn p\u00ebr\nhistorin\u00eb e shqiptar\u00ebve t\u00eb Rumanis\u00eb, dhe mbi t\u00eb gjitha p\u00ebr poezin\u00eb, k\u00ebt\u00eb\ndhurat\u00eb hyjnore, q\u00eb e ka b\u00ebr\u00eb dhe vazhdon ta b\u00ebj\u00eb t\u00eb frytshme.&nbsp;&nbsp;&nbsp;&nbsp;&nbsp;&nbsp;&nbsp;&nbsp;&nbsp;&nbsp;&nbsp;&nbsp;&nbsp;&nbsp;&nbsp;&nbsp;&nbsp;&nbsp;&nbsp;&nbsp;&nbsp;&nbsp;&nbsp;&nbsp;&nbsp;&nbsp;&nbsp;&nbsp;&nbsp;&nbsp;&nbsp;&nbsp;&nbsp; <\/p>\n\n\n\n<p>&nbsp;&nbsp;&nbsp;&nbsp;&nbsp;&nbsp;&nbsp;&nbsp;&nbsp;&nbsp;&nbsp;&nbsp;&nbsp;&nbsp;&nbsp;&nbsp;&nbsp;&nbsp;&nbsp;&nbsp;&nbsp;&nbsp;&nbsp;&nbsp;&nbsp;&nbsp;&nbsp;&nbsp;&nbsp;&nbsp;&nbsp;&nbsp;&nbsp;&nbsp;&nbsp;&nbsp; &nbsp;&nbsp;&nbsp;&nbsp;&nbsp;&nbsp;&nbsp;&nbsp;&nbsp;&nbsp;&nbsp;&nbsp;&nbsp;&nbsp;&nbsp;&nbsp;&nbsp;&nbsp;&nbsp;&nbsp;&nbsp;&nbsp;&nbsp;&nbsp;&nbsp;&nbsp;&nbsp;&nbsp;&nbsp;&nbsp;&nbsp;&nbsp;&nbsp;&nbsp;&nbsp;&nbsp;&nbsp;&nbsp;&nbsp;&nbsp;&nbsp;&nbsp;&nbsp;&nbsp;&nbsp;&nbsp;&nbsp;&nbsp;&nbsp;&nbsp;&nbsp;&nbsp;&nbsp;&nbsp;&nbsp;&nbsp;&nbsp;&nbsp;<em>Luan Top\u00e7iu, 2004<\/em><\/p>\n\n\n\n<p>&nbsp;&nbsp;&nbsp;&nbsp;&nbsp;&nbsp;&nbsp;&nbsp;&nbsp;&nbsp;&nbsp;&nbsp; Nuk i ndala dot lotet kur e lexova\nedhe poezine \u201cShipkovica\u201d&nbsp; qe ishte nje\npjese e mozaikut te humbur nder vitet e tmerrit, por edhe te krenarise sone.\nJu&nbsp;&nbsp; pergezoj, duke iu deshiruar shendet\ndhe mireqenje Juve dhe te gjithe atyre qe Ju I doni dhe respektoni. Une i\npercjell te gjitha shkrimet tuaja dhe ua dergoj atyre qe i dua dhe e\nrespektojne fjalen e shkruar dhe ikonsiderojne njerezit e pendes dhe shkences,\nmisionare te popullit, qe i perkkasin, por edhe njerezimit. Pa\u00e7i fatin e mir\u00eb\ndhe Ju prift\u00eb embara!<\/p>\n\n\n\n<p>&nbsp;&nbsp;&nbsp;&nbsp;&nbsp;&nbsp;&nbsp;&nbsp;&nbsp;&nbsp;&nbsp;&nbsp;&nbsp;&nbsp;&nbsp;&nbsp;&nbsp;&nbsp;&nbsp;&nbsp;&nbsp;&nbsp;&nbsp;&nbsp;&nbsp;&nbsp;&nbsp;&nbsp;&nbsp;&nbsp;&nbsp;&nbsp;&nbsp;&nbsp;&nbsp;&nbsp;&nbsp;&nbsp;&nbsp;&nbsp;&nbsp;&nbsp;&nbsp;&nbsp;&nbsp;&nbsp;&nbsp;&nbsp;&nbsp;&nbsp;&nbsp;&nbsp;&nbsp;&nbsp;&nbsp;&nbsp;&nbsp;&nbsp;&nbsp;&nbsp;&nbsp;&nbsp;&nbsp;&nbsp;&nbsp;&nbsp;&nbsp;&nbsp;&nbsp;&nbsp;&nbsp;&nbsp;&nbsp;&nbsp;&nbsp;&nbsp;&nbsp;&nbsp;&nbsp;&nbsp;&nbsp;&nbsp;&nbsp;&nbsp;&nbsp;&nbsp;&nbsp;\n<em>Prof. Dr. Isuf Dedushaj<\/em><\/p>\n\n\n\n<p>&nbsp;&nbsp;&nbsp;&nbsp;&nbsp;&nbsp; Ka koh\u00eb q\u00eb nuk kam lexuar nj\u00eb studim kaq\nt\u00eb p\u00ebrkushtuar dhe t\u00eb thelluar me dokumente e sintetizues n\u00eb mendime. Le t\u00eb\njet\u00eb k\u00ebrkimi juaj, puna juaj dhe analiza jua jhistorike, etnike, etnografike e\nkulturore nj\u00eb sinjal i mir\u00eb i brezit t\u00ebri&nbsp;\nt\u00eb&nbsp; studiuesve. <\/p>\n\n\n\n<p><em>&nbsp;&nbsp;&nbsp;&nbsp;&nbsp;&nbsp;&nbsp;&nbsp;&nbsp;&nbsp;&nbsp;&nbsp;&nbsp;&nbsp;&nbsp;&nbsp;&nbsp;&nbsp;&nbsp;&nbsp;\n&nbsp;Begzad Baliu, ekspert &nbsp;shkencor n\u00eb InstitutinAlbanologjik t\u00eb Kosov\u00ebs.<\/em><\/p>\n\n\n\n<p>&nbsp;&nbsp;&nbsp;&nbsp;&nbsp;&nbsp;&nbsp;&nbsp;&nbsp;&nbsp;&nbsp;&nbsp;&nbsp;&nbsp;&nbsp;&nbsp; Baki Ymeri duhet t\u00eb ndihmohet\nngase \u00ebsht\u00eb n\u00eb rrjedh\u00eb t\u00eb \u00e7\u00ebshtjes komb\u00ebtare. Puna e tij \u00ebsht\u00eb e \u00e7muar dhe si e\ntill\u00eb duhet t\u00ebvler\u00ebsohet, prandaj \u00e7do ndihm\u00eb ndaj zotit Baki \u00ebsht\u00eb ndihm\u00eb\nndaj\u00e7\u00ebshtjes&nbsp; son\u00eb. <\/p>\n\n\n\n<p>&nbsp;&nbsp;&nbsp;&nbsp;&nbsp;&nbsp;&nbsp;&nbsp;&nbsp;&nbsp;&nbsp;&nbsp;&nbsp;&nbsp;&nbsp;&nbsp;&nbsp;&nbsp;&nbsp;&nbsp;&nbsp;&nbsp;&nbsp;&nbsp;&nbsp;&nbsp;&nbsp;&nbsp;&nbsp;&nbsp;&nbsp;&nbsp;&nbsp;&nbsp;&nbsp;&nbsp;&nbsp;&nbsp;&nbsp;&nbsp;&nbsp;&nbsp;&nbsp;&nbsp;&nbsp;&nbsp;&nbsp;&nbsp;&nbsp;&nbsp;&nbsp;&nbsp;&nbsp;&nbsp;&nbsp;&nbsp;&nbsp;&nbsp;&nbsp;&nbsp;&nbsp;&nbsp;&nbsp;&nbsp;&nbsp;&nbsp;&nbsp;&nbsp;&nbsp;&nbsp;&nbsp;&nbsp;&nbsp;&nbsp;&nbsp;&nbsp;&nbsp;\nAli Podrimja <\/p>\n\n\n\n<p>&nbsp;&nbsp;&nbsp;&nbsp;&nbsp;&nbsp;&nbsp; Afirmimi i letrave shqipe n\u00eb diaspor\u00eb. Baki\nYmeri, nj\u00eb veprimtar i shquar i diaspor\u00ebs n\u00eb Rumani Veprimtaria atdhetare n\u00eb\nfush\u00ebn e artit dhe t\u00eb kultur\u00ebs &#8211; drejt njohjes s\u00ebidentitetit komb\u00ebtar t\u00eb nj\u00eb\npopulli &#8211; \u00ebsht\u00eb nj\u00eb rrug\u00ebtim i gjakimit t\u00ebengj\u00ebjve k\u00ebmb\u00ebzbathur, nj\u00eb rrug\u00eb e\ngjat\u00eb n\u00ebp\u00ebr eg\u00ebrsit\u00eb e koh\u00ebrave t\u00ebthinjura t\u00eb shtruara me jarg\u00eb ujq\u00ebrish. N\u00ebp\u00ebr\nk\u00ebto rrug\u00eb, si shum\u00eb t\u00eb tjer\u00eb, nga rendi edhe shkrimtari yn\u00eb &#8211; Baki Ymeri, i\ncili me t\u00ebr\u00eb qenien e vet iu dha kauz\u00ebs son\u00eb madhore p\u00ebr t\u00eb sotmen, i\nmb\u00ebshtjell\u00eb mengroht\u00ebsin\u00eb e ngjyrave komb\u00ebtare si harku i ylberit triumfal\nmbirrjedh\u00ebn e lumit &#8211; duke kuptuar se arti dhe kultura, jan\u00eb substancat kryesore,\nthelbi dhe shpirti i nj\u00eb kombi a i nj\u00eb etnosi.<\/p>\n\n\n\n<p>&nbsp;&nbsp;&nbsp;&nbsp;&nbsp;&nbsp;&nbsp;&nbsp;&nbsp;&nbsp;\nBaki Ymeri i njohur si poet, p\u00ebrkthyes, eseist dhe publicist, tash me\nvendbanimn\u00eb Bukuresht t\u00eb Rumanis\u00eb, me veprimtarin\u00eb e tij prej nj\u00eb atdhetari\nt\u00ebdevotsh\u00ebm dhe krijuesi t\u00eb mir\u00ebfillt\u00eb t\u00eb letrave shqipe, q\u00ebmoti u vesh me petkun\nkomb\u00ebtar t\u00eb cilin s\u2019e hoqi kurr\u00eb nga mendja dhe shpirti. Pra, I mb\u00ebshtjell\u00eb me\nngroht\u00ebsin\u00eb e atdheut, ky krijues, me shpirt altruisti, vazhdon rrug\u00ebtimin e\ntij drejt rrjedh\u00ebs s\u00eb lumit, p\u00ebr ta shuar etjen ton\u00ebme imazhin e s\u00eb v\u00ebrtet\u00ebs\nshqiptare, duke i shtruar vlerat tona komb\u00ebtarean\u00ebp\u00ebran\u00eb bot\u00ebs s\u00eb qytet\u00ebruar.\nKy njeri ve\u00e7an, kurr\u00eb nuk u pajtua me t\u00eb b\u00ebmat e s\u00eb kaluar\u00ebs dhe me ato t\u00eb\nsotmes, duke e luftuar n\u00eb vazhdim\u00ebsit\u00eb keqen, e cila akoma shpurdh\u00eb me tendenc\u00eb\np\u00ebr t`i njollosur vlerat dhet\u00eb arriturat tona, q\u00eb tashm\u00eb jan\u00eb t\u00eb\npadiskutueshme.<\/p>\n\n\n\n<p>&nbsp;&nbsp;&nbsp;&nbsp;&nbsp;&nbsp; Krijuesi\nyn\u00eb, Baki Ymeri, me plot dinjitet njer\u00ebzor dhe pa e kursyer shpirtin q\u00eb na e\nfali, mbeti I paluhatsh\u00ebm n\u00eb sh\u00ebrbim t\u00eb artit dhe t\u00eb kultur\u00ebs, sepse t\u00eb gjitha\nhistorit\u00eb fillojn\u00eb nga arti dhe nga kultura, si arma m\u00eb e fuqishme p\u00ebr\nmbrojtjendhe njohjen e identitetit ton\u00eb komb\u00ebtar. Prandaj, me shkrimet e tija\nt\u00ebshumta n\u00ebp\u00ebr shum\u00eb revista, gazeta dhe n\u00eb masmediat rumune, e vazhdoi luft\u00ebn\ne tij prej intelektuali t\u00eb d\u00ebshmuar kund\u00ebr poligonit qit\u00ebs, qe n\u00eb vazhdim\u00ebsi\nrrjedh\u00eb nga uj\u00ebrat e zeza q\u00eb burojn\u00eb nga toka e bajlozit t\u00eb zi dhe agjenturave\nt\u00eb tjera sekrete t\u00eb orkestruara n\u00ebn psikoz\u00ebne shkenc\u00ebs dhe t\u00eb urrejtjes p\u00ebr t\u00eb\nzhvler\u00ebsuar \u00e7do vler\u00eb q\u00eb shk\u00eblqen n\u00eb gjerdanin ton\u00eb t\u00eb kultur\u00ebs shqiptare. <\/p>\n\n\n\n<p>&nbsp;&nbsp;&nbsp;&nbsp;&nbsp;&nbsp;&nbsp;&nbsp;&nbsp;&nbsp;&nbsp;&nbsp;&nbsp;&nbsp;&nbsp;&nbsp;&nbsp;&nbsp;&nbsp;&nbsp;&nbsp;&nbsp;&nbsp;&nbsp;&nbsp;&nbsp;&nbsp;&nbsp;&nbsp;&nbsp;&nbsp;&nbsp;&nbsp;&nbsp;&nbsp;&nbsp;&nbsp;&nbsp;&nbsp;&nbsp;&nbsp;&nbsp;&nbsp;&nbsp;&nbsp;&nbsp;&nbsp;&nbsp;&nbsp;&nbsp;&nbsp;&nbsp;&nbsp;&nbsp;&nbsp;&nbsp;&nbsp;&nbsp;&nbsp;&nbsp;&nbsp;&nbsp;&nbsp;&nbsp;&nbsp;&nbsp;&nbsp;&nbsp;&nbsp;&nbsp;&nbsp;&nbsp;&nbsp;&nbsp;&nbsp;&nbsp;&nbsp;&nbsp;&nbsp;&nbsp;&nbsp;&nbsp;&nbsp;&nbsp;&nbsp;\n<em>Remzi Limani<\/em><\/p>\n\n\n\n<p>&nbsp;&nbsp;&nbsp;&nbsp;&nbsp;&nbsp;&nbsp;&nbsp;&nbsp;&nbsp;&nbsp;&nbsp;&nbsp; <em>Baki Ymeri dhe g\u00ebzimi i drit\u00ebs q\u00eb mund ta prekish me shpirt<\/em><\/p>\n\n\n\n<p>&nbsp;&nbsp;&nbsp;&nbsp;&nbsp;&nbsp;&nbsp;&nbsp;&nbsp;&nbsp;&nbsp;&nbsp; P\u00ebllumbi i fjal\u00ebve t\u00eb bukura \u00ebsht\u00eb\nshqiptari q\u00eb e dashuron vendlindjen, por pa e harruar edhe K\u00ebshtjell\u00ebn e\nBukuris\u00eb, Bukureshti sipastij&nbsp;&nbsp; duke&nbsp;&nbsp; qen\u00eb&nbsp;&nbsp;\nkryeqendra&nbsp;&nbsp; bot\u00ebrore&nbsp;&nbsp; e&nbsp;&nbsp;\nfrym\u00ebzimit.&nbsp;&nbsp; Brisht\u00ebsia&nbsp;&nbsp; e&nbsp;&nbsp;\nfemr\u00ebs&nbsp;&nbsp; dhedielli i fjal\u00ebve t\u00eb\ntij e shtojn\u00eb etjen p\u00ebr jet\u00eb, kombi dhe dashuria duke qen\u00ebtema t\u00eb shenjta mbi\nikonostasin e tij poetik.&nbsp;&nbsp;&nbsp;&nbsp;&nbsp;&nbsp;&nbsp;&nbsp;&nbsp;&nbsp;&nbsp;&nbsp;&nbsp;&nbsp;&nbsp;&nbsp;&nbsp;&nbsp;&nbsp;&nbsp;&nbsp;&nbsp;&nbsp;&nbsp;&nbsp;&nbsp;&nbsp; <\/p>\n\n\n\n<p>&nbsp;&nbsp;&nbsp;&nbsp;&nbsp;&nbsp;&nbsp;&nbsp;&nbsp;&nbsp;&nbsp;&nbsp;&nbsp;&nbsp;&nbsp;&nbsp;&nbsp;&nbsp;&nbsp;&nbsp;&nbsp;&nbsp;&nbsp;&nbsp;&nbsp;&nbsp;&nbsp;&nbsp;&nbsp;&nbsp;&nbsp;&nbsp;&nbsp;&nbsp;&nbsp;&nbsp;&nbsp;&nbsp;&nbsp;&nbsp;&nbsp;&nbsp;&nbsp;&nbsp;&nbsp;&nbsp;&nbsp;&nbsp;&nbsp;&nbsp;&nbsp;&nbsp;&nbsp;&nbsp;&nbsp;&nbsp;&nbsp;&nbsp;&nbsp;&nbsp;&nbsp;&nbsp;&nbsp;&nbsp;&nbsp;&nbsp;&nbsp;&nbsp;&nbsp;&nbsp;&nbsp;&nbsp;&nbsp;&nbsp;&nbsp;&nbsp;&nbsp;&nbsp;&nbsp;\nMonica Mure\u015fan<\/p>\n\n\n\n<p>&nbsp;&nbsp;&nbsp;&nbsp;&nbsp;&nbsp;&nbsp;&nbsp; \u2026Ai shkruan duke e mbajtur ritmin e\nmelosit t\u00eb brendsh\u00ebm, ekzakt si\u00e7 e intrepreton pas veshit muzikanti i dhuruar\nme nj\u00eb talent gjenial nj\u00eb partiture t\u00eb muzik\u00ebs klasike, apo si\u00e7 e mban nga\ninstinkti penelin ai q\u00eb \u00ebsht\u00eb i pajisur me dhuntin\u00eb e piktur\u00ebs. Mahnitja e\nudh\u00ebzon p\u00ebrmes p\u00ebrvoj\u00ebs personale t\u00eb jet\u00ebs, nd\u00ebrsa k\u00ebndi i trajtimit t\u00eb maturitetit\nmban llogari ndaj f\u00ebmij\u00ebs n\u00ebvetvete, z\u00ebrin e s\u00eb cil\u00ebs nuk e gul\u00e7on, dhe mu p\u00ebr\nk\u00ebt\u00eb rigjenden n\u00eb tekstet etij tonalitete t\u00eb ndryshme, subjekte dhe tema t\u00eb\nkundruara nga kjo prizm\u00eb,baza dhe paralelet e barabarta t\u00eb t\u00eb cilit jan\u00eb k\u00ebto\ndy identitete apo moshabaz\u00eb e autorit: f\u00ebmija dhe njeriu i rritur.N\u00eb nj\u00ebr\u00ebn\nan\u00eb, zem\u00ebrdlir\u00ebsia m\u00eb optimiste, n\u00eb an\u00ebn tjet\u00ebr optimisti m\u00ebi dashuruar.\nNd\u00ebrmjet dashuris\u00eb te paster, t\u00eb pafajshme t\u00eb qenjes s\u00eb brisht\u00eb dhedelikate,\ndhe asaj&nbsp;&nbsp; pasionale t\u00eb burrit t\u00eb p\u00ebrsosur,\n&nbsp;ekziston nj\u00eb raport i&nbsp;&nbsp; \u00e7uditsh\u00ebm legaliteti n\u00ebp\u00ebrmjet aspiratash q\u00eb\nevoluojn\u00eb paralelisht. I pari do t\u2019i rindjej\u00eb impresionet e bukuris\u00eb s\u00eb bot\u00ebs\nme epshin e eksplorimit p\u00ebrball\u00ebzbulimit t\u00eb s\u00eb par\u00ebs, pra efektet e k\u00ebnaq\u00ebsis\u00eb\nn\u00eb pjes\u00ebn e par\u00eb t\u00eb poezis\u00eb. \u201cPerla e k\u00ebnaq\u00ebsis\u00eb\u201d: \u201c<\/p>\n\n\n\n<p>Thuase je nj\u00eb \u00ebmb\u00eblsir\u00eb<\/p>\n\n\n\n<p>P\u00ebshp\u00ebritjesh t\u00eb etshme<\/p>\n\n\n\n<p>Ti ndez zjarrin&nbsp; e shenjt\u00eb.&nbsp;&nbsp;\n<\/p>\n\n\n\n<p>&nbsp;&nbsp;&nbsp;&nbsp; \u2026Ajo q\u00eb \u00ebsht\u00eb p\u00ebrs\u00ebri interesante, \u00ebsht\u00eb\nsepoeti i dashuris\u00eb jo vet\u00ebm q\u00eb e sheh, por edhe e d\u00ebgjon bot\u00ebn. Duke e d\u00ebgjuar\nbot\u00ebn, jehona kaplon konture n\u00eb veten e tij poetike p\u00ebrmes metamorfizimit t\u00eb\natyre z\u00ebrave t\u00eb pad\u00ebgjuar n\u00eb m\u00ebnyr\u00eb normale: \/Kush \u00ebsht\u00eb ky engj\u00ebll\/ Q\u00eb rri\nduke priturn\u00eb dritare\/&#8230;\/ E pyeta h\u00ebn\u00ebn\/ Dhe ajo m\u2019u p\u00ebrgjigj:\/ M\u00eb mir\u00eb \u00ebsht\u00eb\nmos tadish!\u201d (Fryt i ndaluar).<\/p>\n\n\n\n<p>&nbsp;&nbsp;&nbsp;&nbsp;&nbsp;&nbsp;&nbsp;&nbsp;&nbsp; Kjo pjes\u00eb \u00ebsht\u00eb nj\u00eb determinativ\ntjet\u00ebr i poezis\u00eb s\u00eb tij, qoft\u00eb se \u00ebsht\u00eb fjala p\u00ebr Ilirin\u00eb, p\u00ebr fondin e\np\u00ebrbashk\u00ebt t\u00eb fjal\u00ebve rumuno-shqiptare, qoft\u00eb p\u00ebr&nbsp;&nbsp; hymnizimin e vendlindjes apo t\u00eb nj\u00eb vashe t\u00eb\nbukur &#8211; kombi&nbsp; dhe dashuria duke qen\u00eb\ntema t\u00eb shenjta ne tharmin e tij poetik. <\/p>\n\n\n\n<p>&nbsp;&nbsp;&nbsp;&nbsp;&nbsp;&nbsp;&nbsp;&nbsp;&nbsp;&nbsp;&nbsp;&nbsp;&nbsp;&nbsp;&nbsp;&nbsp;\nKy ishte nj\u0451 sh\u0451nim i shkurt\u0451r sa p\u0451r t\u0451 krijuar nje ide p\u0451r krijuesin e\ndiaspor\u0451s n\u0451 Rumani, kolegun ton\u0451 Baki Ymeri\u2026!<\/p>\n","protected":false},"excerpt":{"rendered":"<p>ZEF PERGEGA \u00a0\u00a0\u00a0\u00a0\u00a0\u00a0\u00a0Foto: Baki Ymeri\u00a0\u00a0\u00a0 \u00a0\u00a0\u00a0\u00a0\u00a0\u00a0\u00a0\u00a0\u00a0 \u00a0Nj\u0451 krijues nuk \u0451sht\u0451 shum\u0451 e nevojshme t\u2019a njohesh fizikisht. Vepra \u0451sht\u0451 testamenti m\u0451 i mir\u0451 i njohj\u0451s e, sidomos p\u0451r njer\u0451zit, q\u0451 kan\u0451 arritur t\u2019a marrin pasaporten e kultures komb\u0451tare me kontributin e tyre. Ne, p\u0451r shum\u0451 vite apo dekada nuk kemi qen\u0451 t\u0451 njohur as n\u0451p\u0451rmjet shkrimeve&hellip;<\/p>\n","protected":false},"author":1,"featured_media":8942,"comment_status":"open","ping_status":"open","sticky":false,"template":"","format":"standard","meta":{"footnotes":""},"categories":[11],"tags":[],"class_list":["post-8941","post","type-post","status-publish","format-standard","has-post-thumbnail","hentry","category-publicistike"],"_links":{"self":[{"href":"https:\/\/revistakuvendi.org\/index.php?rest_route=\/wp\/v2\/posts\/8941","targetHints":{"allow":["GET"]}}],"collection":[{"href":"https:\/\/revistakuvendi.org\/index.php?rest_route=\/wp\/v2\/posts"}],"about":[{"href":"https:\/\/revistakuvendi.org\/index.php?rest_route=\/wp\/v2\/types\/post"}],"author":[{"embeddable":true,"href":"https:\/\/revistakuvendi.org\/index.php?rest_route=\/wp\/v2\/users\/1"}],"replies":[{"embeddable":true,"href":"https:\/\/revistakuvendi.org\/index.php?rest_route=%2Fwp%2Fv2%2Fcomments&post=8941"}],"version-history":[{"count":1,"href":"https:\/\/revistakuvendi.org\/index.php?rest_route=\/wp\/v2\/posts\/8941\/revisions"}],"predecessor-version":[{"id":8946,"href":"https:\/\/revistakuvendi.org\/index.php?rest_route=\/wp\/v2\/posts\/8941\/revisions\/8946"}],"wp:featuredmedia":[{"embeddable":true,"href":"https:\/\/revistakuvendi.org\/index.php?rest_route=\/wp\/v2\/media\/8942"}],"wp:attachment":[{"href":"https:\/\/revistakuvendi.org\/index.php?rest_route=%2Fwp%2Fv2%2Fmedia&parent=8941"}],"wp:term":[{"taxonomy":"category","embeddable":true,"href":"https:\/\/revistakuvendi.org\/index.php?rest_route=%2Fwp%2Fv2%2Fcategories&post=8941"},{"taxonomy":"post_tag","embeddable":true,"href":"https:\/\/revistakuvendi.org\/index.php?rest_route=%2Fwp%2Fv2%2Ftags&post=8941"}],"curies":[{"name":"wp","href":"https:\/\/api.w.org\/{rel}","templated":true}]}}