{"id":8937,"date":"2021-04-05T23:01:17","date_gmt":"2021-04-05T23:01:17","guid":{"rendered":"http:\/\/revistakuvendi.org\/?p=8937"},"modified":"2021-04-05T23:01:17","modified_gmt":"2021-04-05T23:01:17","slug":"poezi-nga-bajame-hoxha-celiku","status":"publish","type":"post","link":"https:\/\/revistakuvendi.org\/?p=8937","title":{"rendered":"Poezi nga Bajame Hoxha-\u00c7eliku"},"content":{"rendered":"\n<figure class=\"wp-block-image\"><img loading=\"lazy\" decoding=\"async\" width=\"142\" height=\"160\" src=\"http:\/\/revistakuvendi.org\/wp-content\/uploads\/2021\/04\/Bajame-Hoxha-Celiku.jpg\" alt=\"\" class=\"wp-image-8938\"\/><\/figure>\n\n\n\n<p>PAGUAJ<\/p>\n\n\n\n<p>Paguaj, paguaj e merr \u00e7mimet e 20-t\u00ebs.<\/p>\n\n\n\n<p>Paguaj, o njeri e nes\u00ebr n\u00eb faqe t\u00eb par\u00eb t\u00eb gazet\u00ebs&#8230;<\/p>\n\n\n\n<p>Paguaj, paguaj hop del libri i par\u00eb,<\/p>\n\n\n\n<p>Paguaj, o i mjer\u00eb, vijn\u00eb t\u00eb tjer\u00eb libra me radh\u00eb&#8230;<\/p>\n\n\n\n<p>Paguaj,\npaguaj o ti mik, e ti e imja mikesh\u00eb!<\/p>\n\n\n\n<p>Paguaj,\ndhe gjith\u00e7ka jep p\u00ebr nj\u00eb \u00e7mim t\u00eb shkret\u00eb.<\/p>\n\n\n\n<p>Paguaj,\npaguaj dhe mburru se \u00e7\u2019do t\u00eb kesh,<\/p>\n\n\n\n<p>Paguaj,\no i mjer\u00eb dhe merr nj\u00eb karton n\u00eb xhep!<\/p>\n\n\n\n<p>SHESIM\nTITUJ&#8230;\u00c7MIME<\/p>\n\n\n\n<p>Shesim\ntituj, \u00e7mime pa racion,<\/p>\n\n\n\n<p>Me\nshumic\u00eb, kush do t\u00eb blej\u00eb?<\/p>\n\n\n\n<p>Kemi\nvul\u00ebn dhe motivacionin,<\/p>\n\n\n\n<p>Ti\npaguaj, ne shkruajm\u00eb emrin.<\/p>\n\n\n\n<p>Kemi\nshkruar libra i shesim lir\u00eb,<\/p>\n\n\n\n<p>Poezi,\nproz\u00eb po b\u00ebjm\u00eb k\u00ebrdin\u00eb.<\/p>\n\n\n\n<p>Paguan\njo shum\u00eb, euro nj\u00eb mij\u00eb,<\/p>\n\n\n\n<p>Emri\nsakaq mbi Kopertin\u00eb. (Ballin\u00eb)<\/p>\n\n\n\n<p>Ti\nthuaj emrin, thuaje a t\u00eb vraft\u00eb!<\/p>\n\n\n\n<p>T\u00eb\ntjerat i ndreqim nge me nge.<\/p>\n\n\n\n<p>Ti\nmos harro: ato, eurot, parat\u00eb,<\/p>\n\n\n\n<p>Poet,\nprozator t\u00eb b\u00ebjm\u00eb ne!<\/p>\n\n\n\n<p>Kemi\nnxjerr\u00eb n\u00eb shitje, karton\u00eb,<\/p>\n\n\n\n<p>\u201cMir\u00ebnjohje\u201d\nquhen, kush do?<\/p>\n\n\n\n<p>P\u00ebr\nsot, nj\u00ebqind euro nj\u00eb cop\u00eb, <\/p>\n\n\n\n<p>E\nnes\u00ebr rrisim \u00e7mimin kudo.<\/p>\n\n\n\n<p>Sa\nbukur q\u00eb ka dal\u00eb sot n\u00eb mod\u00eb,<\/p>\n\n\n\n<p>M\u00eb\njep para, t\u00eb b\u00ebj usta!<\/p>\n\n\n\n<p>Poezi,\nproz\u00eb jo dosido e kot\u00eb,<\/p>\n\n\n\n<p>T\u00eb\n\u00e7uditesh t\u2019ia b\u00ebsh: ua!<\/p>\n\n\n\n<p>Nga\ni vog\u00ebl t\u00eb b\u00ebjm\u00eb shpejt t\u00eb madh,<\/p>\n\n\n\n<p>Kemi\nvegla, t\u00eb rrisim menj\u00ebher\u00eb.<\/p>\n\n\n\n<p>Kur\nlibrat t\u00eb t\u2019i lexojn\u00eb, &nbsp;zemrat u kall,<\/p>\n\n\n\n<p>Do\nulesh kafeneve me t\u00eb m\u00ebdhenj.<\/p>\n\n\n\n<p>Karton\u00eb,\nlule plot ngjyra japim,<\/p>\n\n\n\n<p>T\u00eb\nverdha, t\u00eb kuqe, jeshile.<\/p>\n\n\n\n<p>N\u00eb\nmes do t\u00eb jet\u00eb dhe fotografia,<\/p>\n\n\n\n<p>Q\u00eb\ndo ta shpotit\u00eb k\u00ebt\u00eb hile.<\/p>\n\n\n\n<p>Ejani,\nblini, veproni menj\u00ebher\u00eb,<\/p>\n\n\n\n<p>Ka\nedhe t\u00eb tjer\u00eb q\u00eb shesin.<\/p>\n\n\n\n<p>Shesin,\nbetohemi n\u00eb tonelata<\/p>\n\n\n\n<p>&nbsp;nder,<\/p>\n\n\n\n<p>Me\neuro e mbushin thesin.<\/p>\n\n\n\n<p>Ne\nt\u00eb b\u00ebjm\u00eb fur\u00e7e dhe n\u00eb gazet\u00eb,<\/p>\n\n\n\n<p>Si\npoeti m\u00eb i mir\u00eb k\u00ebt\u00eb vit,<\/p>\n\n\n\n<p>Por\nki parasysh, i dashur!<\/p>\n\n\n\n<p>T\u00eb\nhollat do t\u2019i shtosh dhe nj\u00eb \u00e7ik\u00eb&#8230;<\/p>\n\n\n\n<p>Por\nkam dhe nj\u00eb studio moderne,<\/p>\n\n\n\n<p>Recitoj\naq bukur, rekord!<\/p>\n\n\n\n<p>Por\nme pak euro p\u00ebrsip\u00ebr,<\/p>\n\n\n\n<p>T\u00eb\nb\u00ebj t\u00eb famsh\u00ebm q\u00eb sot.<\/p>\n\n\n\n<p>.<\/p>\n\n\n\n<p>N\u00eb\ngazeta \u00e7do dit\u00eb trumbetojm\u00eb,<\/p>\n\n\n\n<p>Pa\u00e7avureve\nu japim vler\u00eb.<\/p>\n\n\n\n<p>Dhe\nvet\u00eb e dim\u00eb q\u00eb po gabojm\u00eb,<\/p>\n\n\n\n<p>P\u00ebr\nfat, ju, na keni bler\u00eb!<\/p>\n\n\n\n<p>Ti\nprap\u00eb vet\u00ebm paguaj, o paguaj!<\/p>\n\n\n\n<p>Turpin\ne mbajm\u00eb ne pask\u00ebtaj.<\/p>\n\n\n\n<p>Nj\u00eb\nlib\u00ebr nga fillimi t\u00eb shkruajm\u00eb,<\/p>\n\n\n\n<p>Ti\nmerr em\u00ebr, tituj pandar\u00eb!<\/p>\n","protected":false},"excerpt":{"rendered":"<p>PAGUAJ Paguaj, paguaj e merr \u00e7mimet e 20-t\u00ebs. Paguaj, o njeri e nes\u00ebr n\u00eb faqe t\u00eb par\u00eb t\u00eb gazet\u00ebs&#8230; Paguaj, paguaj hop del libri i par\u00eb, Paguaj, o i mjer\u00eb, vijn\u00eb t\u00eb tjer\u00eb libra me radh\u00eb&#8230; Paguaj, paguaj o ti mik, e ti e imja mikesh\u00eb! Paguaj, dhe gjith\u00e7ka jep p\u00ebr nj\u00eb \u00e7mim t\u00eb shkret\u00eb.&hellip;<\/p>\n","protected":false},"author":1,"featured_media":8938,"comment_status":"open","ping_status":"open","sticky":false,"template":"","format":"standard","meta":{"footnotes":""},"categories":[7],"tags":[],"class_list":["post-8937","post","type-post","status-publish","format-standard","has-post-thumbnail","hentry","category-poezi"],"_links":{"self":[{"href":"https:\/\/revistakuvendi.org\/index.php?rest_route=\/wp\/v2\/posts\/8937","targetHints":{"allow":["GET"]}}],"collection":[{"href":"https:\/\/revistakuvendi.org\/index.php?rest_route=\/wp\/v2\/posts"}],"about":[{"href":"https:\/\/revistakuvendi.org\/index.php?rest_route=\/wp\/v2\/types\/post"}],"author":[{"embeddable":true,"href":"https:\/\/revistakuvendi.org\/index.php?rest_route=\/wp\/v2\/users\/1"}],"replies":[{"embeddable":true,"href":"https:\/\/revistakuvendi.org\/index.php?rest_route=%2Fwp%2Fv2%2Fcomments&post=8937"}],"version-history":[{"count":1,"href":"https:\/\/revistakuvendi.org\/index.php?rest_route=\/wp\/v2\/posts\/8937\/revisions"}],"predecessor-version":[{"id":8939,"href":"https:\/\/revistakuvendi.org\/index.php?rest_route=\/wp\/v2\/posts\/8937\/revisions\/8939"}],"wp:featuredmedia":[{"embeddable":true,"href":"https:\/\/revistakuvendi.org\/index.php?rest_route=\/wp\/v2\/media\/8938"}],"wp:attachment":[{"href":"https:\/\/revistakuvendi.org\/index.php?rest_route=%2Fwp%2Fv2%2Fmedia&parent=8937"}],"wp:term":[{"taxonomy":"category","embeddable":true,"href":"https:\/\/revistakuvendi.org\/index.php?rest_route=%2Fwp%2Fv2%2Fcategories&post=8937"},{"taxonomy":"post_tag","embeddable":true,"href":"https:\/\/revistakuvendi.org\/index.php?rest_route=%2Fwp%2Fv2%2Ftags&post=8937"}],"curies":[{"name":"wp","href":"https:\/\/api.w.org\/{rel}","templated":true}]}}