{"id":8928,"date":"2021-04-04T17:28:48","date_gmt":"2021-04-04T17:28:48","guid":{"rendered":"http:\/\/revistakuvendi.org\/?p=8928"},"modified":"2021-04-04T17:28:48","modified_gmt":"2021-04-04T17:28:48","slug":"ne-njivjetorin-e-jonuz-ndreut-3-prill-2021","status":"publish","type":"post","link":"https:\/\/revistakuvendi.org\/?p=8928","title":{"rendered":"N\u00eb njivjetorin e Jonuz Ndreut \u2013 3 prill 2021"},"content":{"rendered":"\n<figure class=\"wp-block-image\"><img loading=\"lazy\" decoding=\"async\" width=\"149\" height=\"160\" src=\"http:\/\/revistakuvendi.org\/wp-content\/uploads\/2021\/04\/GJON-BUCAJ.png\" alt=\"\" class=\"wp-image-8929\"\/><\/figure>\n\n\n\n<p><strong>Gjon Bu\u00e7aj <\/strong><\/p>\n\n\n\n<p>E nderueme Desi dhe e gjith\u00eb familja e Jonuz\nNdreut,<\/p>\n\n\n\n<p>Me\nrastin e njivjetorit t\u00eb kalimit n\u00eb jet\u00ebn e amshueme t\u00eb njeriut tuej t\u00eb dashtun,\nju p\u00ebrsh\u00ebndes me pak fjal\u00eb t\u00eb p\u00ebrzem\u00ebrta solidariteti, tue marr\u00eb pjes\u00eb&nbsp;&nbsp;bashk\u00eb me ju n\u00eb dhim\u00ebn dhe krenarin\u00eb e k\u00ebsaj\ndite.<\/p>\n\n\n\n<p>Miqt\u00eb e\nJonuzit, t\u00eb pranish\u00ebm ose nga larg p\u00ebr rrethana t\u00eb ve\u00e7anta kufizimi, ia\nkujtojn\u00eb virtytet me t\u00eb cilat ishte i pjisun n\u00eb familjen fam\u00ebmadhe q\u00eb e rriti\ndhe Ai i ruejti t\u00eb pastra gjat\u00eb jet\u00ebs.<\/p>\n\n\n\n<p>Besa,\nbujaria e trimnija dhe ndershm\u00ebnia q\u00eb bashk\u00eb me p\u00ebrbuzjen e hipokrizis\u00eb,\np\u00ebrbajn\u00eb burrnin\u00eb e shqiptarit t\u00eb tradit\u00ebs, ishin vetit\u00eb morale t\u00eb Jonuz\nNdreut, N\u00eb jet\u00ebn e tij jan\u00eb shum\u00eb ngjarje q\u00eb i xjerrin n\u00eb pah k\u00ebto veti, t\u00eb\ncilat kam pas\u00eb nderin me ia njoft\u00eb edhe un\u00eb qysh\u00eb kur u njoft\u00ebm s\u00eb pari n\u00eb\nKuvendin e Bashkimit Demokrat Shqiptar n\u00eb shtator t\u00eb vitit&nbsp;1974 n\u00eb &nbsp;Firenze.<\/p>\n\n\n\n<p>At\u00eb parti\nnaciomaliste q\u00eb kryesohej nga i vllaj, atdhetari&nbsp; filantropist Isa Ndreu,\ne soll\u00ebn n\u00eb Shqipni mbas ramjes s\u00eb komunizmit dhe, logjikisht, e l\u00ebshuen n\u00eb\ndor\u00eb ta drejtojshin ata q\u00eb vuejt\u00ebn gjat\u00eb gjith\u00eb koh\u00ebs s\u00eb diktatur\u00ebs. &nbsp;I\nforte ishte zhg\u00ebnjimi por edhe dizaprovimi i Jonuzit kur mori vesh se kryetari\ni saj ishte ul\u00eb m\u00eb tavolin\u00eb bisedimesh me Edi Ram\u00eb dhe me Skender Gjinushin, n\u00eb\nvend q\u00eb ti luftonte si kund\u00ebrshtar\u00eb politik\u00eb. Shto edhe d\u00ebshprimin prej faktit\nse at\u00eb p\u00ebrson Jonuzi e kishte n\u00eb fis.<\/p>\n\n\n\n<p>Jonuz Ndreu\nka qen\u00eb i respektuesh\u00ebm n\u00eb sjellje me t\u00eb tjer\u00ebt, por me disa tek t\u00eb cil\u00ebt ka\ngjet\u00eb sinqeritet n\u00eb bashk\u00ebpunim dhe n\u00eb marr\u00ebdhanje shoqnore, ka pas\u00eb miqsi t\u00eb\nnd\u00ebrsjellt\u00eb. Prej shum\u00eb rastevet q\u00eb kam pas\u00eb k\u00ebnaqsin\u00eb me vrejt\u00eb, po p\u00ebrmendi\nvet\u00ebm dy t\u00eb viteve t\u00eb fundit.<\/p>\n\n\n\n<p>E ruej me\np\u00ebrmallim nji fotografi ku shihen tue u p\u00ebrsh\u00ebndet\u00eb Jonuzi dhe Agim Karagjozi,\nn\u00eb nji dark\u00eb t\u00eb p\u00ebrkujtimit t\u00eb pavar\u00ebsis\u00eb, ku Jonuzi ishte sjell\u00eb me karroc\u00eb\ndhe ku Agimi nuk vinte shpesh p\u00ebr shkak t\u00eb mosh\u00ebs.<\/p>\n\n\n\n<p>N\u00eb dhetorin\ne vitit 2019, e vizitova Jonuzin n\u00eb shpi t\u00eb vet dhe u shmalluem n\u00eb nji bised\u00eb\nt\u00eb p\u00ebrzm\u00ebrt. M\u00eb pyeti p\u00ebr Zef P\u00ebrndoca\u00ebn, mikun dhe bashk\u00ebpuntorin shum\u00ebvje\u00e7ar\nq\u00eb ishte n\u00eb shtrat i paralizuem. M\u00eb k\u00ebrkoi adres\u00ebn e tij. \u201cDo t\u00eb m\u00eb \u00e7oj\u00eb dikush\nme makin\u00eb, due ta shoh edhe nji here\u201d, m\u00eb tha. P\u00ebr Vatr\u00ebn shtoi: \u201cJam k\u00ebshtu me\nkarroc\u00eb e nuk mund t\u00eb ndimoj gja, por thueju ene shok\u00ebvet se un\u00eb jam\nqindp\u00ebrqind me&nbsp;<em>Komisionin<\/em>\u201d.<\/p>\n\n\n\n<p>I\np\u00ebrkushtuem, besnik e bujar deri n\u00eb fund, Jonuz Ndreu ishte optimist, shtyll\u00eb\nsuksesi n\u00eb \u00e7do pun\u00eb.&nbsp; Shembulli i jet\u00ebs s\u00eb Tijt asht frym\u00ebzues p\u00ebr ne dhe\np\u00ebr ata q\u00eb vijn\u00eb mbas nesh. Nuk mund t\u00eb bahemi si Ai, por ia kemi borxh\nmir\u00ebnjohjen dhe respektimin e q\u00ebndrimeve dhe rrug\u00ebs s\u00eb tij.<\/p>\n\n\n\n<p>Uroj t\u2019ju\nvijm\u00eb n\u00eb tubime g\u00ebzimesh n\u00eb t\u2019ardhmen!<\/p>\n","protected":false},"excerpt":{"rendered":"<p>Gjon Bu\u00e7aj E nderueme Desi dhe e gjith\u00eb familja e Jonuz Ndreut, Me rastin e njivjetorit t\u00eb kalimit n\u00eb jet\u00ebn e amshueme t\u00eb njeriut tuej t\u00eb dashtun, ju p\u00ebrsh\u00ebndes me pak fjal\u00eb t\u00eb p\u00ebrzem\u00ebrta solidariteti, tue marr\u00eb pjes\u00eb&nbsp;&nbsp;bashk\u00eb me ju n\u00eb dhim\u00ebn dhe krenarin\u00eb e k\u00ebsaj dite. Miqt\u00eb e Jonuzit, t\u00eb pranish\u00ebm ose nga larg&hellip;<\/p>\n","protected":false},"author":1,"featured_media":8929,"comment_status":"open","ping_status":"open","sticky":false,"template":"","format":"standard","meta":{"footnotes":""},"categories":[12],"tags":[],"class_list":["post-8928","post","type-post","status-publish","format-standard","has-post-thumbnail","hentry","category-jete-komuniteti"],"_links":{"self":[{"href":"https:\/\/revistakuvendi.org\/index.php?rest_route=\/wp\/v2\/posts\/8928","targetHints":{"allow":["GET"]}}],"collection":[{"href":"https:\/\/revistakuvendi.org\/index.php?rest_route=\/wp\/v2\/posts"}],"about":[{"href":"https:\/\/revistakuvendi.org\/index.php?rest_route=\/wp\/v2\/types\/post"}],"author":[{"embeddable":true,"href":"https:\/\/revistakuvendi.org\/index.php?rest_route=\/wp\/v2\/users\/1"}],"replies":[{"embeddable":true,"href":"https:\/\/revistakuvendi.org\/index.php?rest_route=%2Fwp%2Fv2%2Fcomments&post=8928"}],"version-history":[{"count":1,"href":"https:\/\/revistakuvendi.org\/index.php?rest_route=\/wp\/v2\/posts\/8928\/revisions"}],"predecessor-version":[{"id":8930,"href":"https:\/\/revistakuvendi.org\/index.php?rest_route=\/wp\/v2\/posts\/8928\/revisions\/8930"}],"wp:featuredmedia":[{"embeddable":true,"href":"https:\/\/revistakuvendi.org\/index.php?rest_route=\/wp\/v2\/media\/8929"}],"wp:attachment":[{"href":"https:\/\/revistakuvendi.org\/index.php?rest_route=%2Fwp%2Fv2%2Fmedia&parent=8928"}],"wp:term":[{"taxonomy":"category","embeddable":true,"href":"https:\/\/revistakuvendi.org\/index.php?rest_route=%2Fwp%2Fv2%2Fcategories&post=8928"},{"taxonomy":"post_tag","embeddable":true,"href":"https:\/\/revistakuvendi.org\/index.php?rest_route=%2Fwp%2Fv2%2Ftags&post=8928"}],"curies":[{"name":"wp","href":"https:\/\/api.w.org\/{rel}","templated":true}]}}