{"id":8924,"date":"2021-03-31T19:48:41","date_gmt":"2021-03-31T19:48:41","guid":{"rendered":"http:\/\/revistakuvendi.org\/?p=8924"},"modified":"2021-03-31T19:48:41","modified_gmt":"2021-03-31T19:48:41","slug":"labinot-ramadani-pasioni-per-muziken-dhe-aktrimin","status":"publish","type":"post","link":"https:\/\/revistakuvendi.org\/?p=8924","title":{"rendered":"Labinot Ramadani, pasioni p\u00ebr muzik\u00ebn dhe aktrimin"},"content":{"rendered":"\n<figure class=\"wp-block-image\"><img loading=\"lazy\" decoding=\"async\" width=\"121\" height=\"160\" src=\"http:\/\/revistakuvendi.org\/wp-content\/uploads\/2021\/03\/labinot-ramadani.png\" alt=\"\" class=\"wp-image-8925\"\/><\/figure>\n\n\n\n<p><em>Nga\nE.B., Nju Jork<\/em><\/p>\n\n\n\n<p>Labinot\nRamadani njihet n\u00eb sken\u00ebn artistike me emrin \u201cLab\u201d lindur n\u00eb vitin 1984 n\u00eb\nRahovic\u00eb, Ferizaj t\u00eb Kosov\u00ebs. \u00cbsht\u00eb k\u00ebng\u00ebtar, aktor dhe shkruan tekse k\u00ebng\u00ebsh.\nShkoll\u00ebn e mesme ekonomike e ka kryer n\u00eb Ferizaj n\u00eb 2004. Q\u00eb nga viti 2006\njeton n\u00eb Gjenev\u00eb, Zvic\u00ebr bashk\u00eb me familjen. <\/p>\n\n\n\n<p>N\u00eb f\u00ebmij\u00ebri ka patur pasion karaten\u00eb, futbollin dhe k\u00ebndimin. \u00cbsht\u00eb mar\u00eb me aktrim n\u00eb vitet 2000 deri 2006 n\u00ebp\u00ebrmjet teatrit modern \u201cPo Po\u201d n\u00eb Ferizaj. N\u00ebp\u00ebrmjet trup\u00ebs s\u00eb teatrit ka luajtur shfaqe n\u00eb Gjermani, Amsterdam, Roterdam, etj dhe ka fituar disa vende t\u00eb para. P\u00ebrkat\u00ebsisht dy shfaqet \u201cFutja pa lidhje del me lidhje\u201d (2005) dhe \u201cKu jan\u00eb\u201d (2001) me regji t\u00eb Resul Jusufit kan\u00eb marr\u00eb vendin e par\u00eb n\u00eb Kosov\u00eb. <\/p>\n\n\n\n<figure class=\"wp-block-image\"><img loading=\"lazy\" decoding=\"async\" width=\"336\" height=\"336\" src=\"http:\/\/revistakuvendi.org\/wp-content\/uploads\/2021\/03\/Labino-Ramadani.jpg\" alt=\"\" class=\"wp-image-8926\" srcset=\"https:\/\/revistakuvendi.org\/wp-content\/uploads\/2021\/03\/Labino-Ramadani.jpg 336w, https:\/\/revistakuvendi.org\/wp-content\/uploads\/2021\/03\/Labino-Ramadani-150x150.jpg 150w, https:\/\/revistakuvendi.org\/wp-content\/uploads\/2021\/03\/Labino-Ramadani-300x300.jpg 300w, https:\/\/revistakuvendi.org\/wp-content\/uploads\/2021\/03\/Labino-Ramadani-50x50.jpg 50w\" sizes=\"auto, (max-width: 336px) 100vw, 336px\" \/><\/figure>\n\n\n\n<p>Labinot\nRamadani ka luajtur n\u00eb disa filma me metrazh t\u00eb shkurt\u00ebr n\u00eb Franc\u00eb dhe Zvic\u00ebr\nsi \u201cConfiance\u201d (2009) dhe \u201cLes Histoire\u201d (2011). Njihet p\u00ebr rolet n\u00eb shfaqet e\nsuksesshme teatrale: \u201cKu Jan\u00eb\u201d (2001), \u201cHijet dhe dritat\u201d (2002), \u201cAlajdini\u201d (2003),\n\u201cKur s\u2019ka a ka\u201d (2004), \u201cFutja palidhje del me lidhje\u201d (2005), etj.<\/p>\n\n\n\n<p>Si\npjes\u00eb e trup\u00ebs Teatri Modern \u201cPo Po\u201d Ferizaj, Labinot Ramadani mori mir\u00ebnjohje\nnga Drejtoria p\u00ebr Kultur\u00eb, Rini dhe Sport p\u00ebr pjes\u00ebmarrjen n\u00eb Festivalin e\nTeatrove t\u00eb Kosov\u00ebs 2003 p\u00ebr dram\u00ebn \u201cKur s\u2019ka a ka\u201d me autor dhe regji t\u00eb Resul\nJusufi. Me rastin e \u201cJav\u00ebs s\u00eb kultur\u00ebs\u201d teatri modern \u201cPo Po\u201d mori vendin e\npar\u00eb p\u00ebr manifestimin tradicional mbajtur m\u00eb 24-30 mars, 2001. Gjithashtu trupa\nteatrale mori nj\u00eb mir\u00ebnjohje nga Kuvendi i komun\u00ebs Fush\u00eb-Kosov\u00eb p\u00ebr\npjes\u00ebmarrjen n\u00eb manifestimin \u201cJeta Teatrore Fush\u00eb-Kosova 2002\u201d, nderim p\u00ebr\ntrup\u00ebn e teatrit modern \u201cPo Po\u201d Ferizaj. <\/p>\n\n\n\n<p>Muzik\u00ebn\ne ka patur pasion q\u00eb n\u00eb f\u00ebmij\u00ebri, dhe 7 vitet e fundit \u00ebsht\u00eb marr\u00eb me shkrimin\ne teksteve t\u00eb k\u00ebng\u00ebve. N\u00eb vitin 2019 muzik\u00ebn e mori seriozisht dhe ka lan\u00e7uar\ntre k\u00ebng\u00eb: \u201cAnila\u201d (2019), \u201cZemra\u201d (2020) dhe \u201cKatile\u201d (2021). <\/p>\n\n\n\n<p>P\u00ebrve\u00e7\nmuzik\u00ebs dhe aktrimit, Labinot Ramadani edhe pikturon. Ka mbi 60 piktura\nabstrakte dhe ka mbajtur dy ekspozita n\u00eb Gjenev\u00eb. <\/p>\n\n\n\n<p><strong>Intervist\u00eb\nme artistin Labinot Ramadani \u201cLab\u201d<\/strong><\/p>\n\n\n\n<p><strong>Urime\np\u00ebr videoklin e ri \u201cKatile\u201d? Si u mir\u00ebprit k\u00ebnga dhe videoklipi?<\/strong><\/p>\n\n\n\n<p><strong>Labinot\nRamadani:<\/strong>\nFaleminderit shum\u00eb. Mendoj q\u00eb k\u00ebnga dhe videoklipi jan\u00eb pritur mir\u00eb dhe e falenderoj\nshum\u00eb publikun p\u00ebr mb\u00ebshtjen e tyre t\u00eb vazhdueshme. Ju jam mir\u00ebnjoh\u00ebs me aq\nngroht\u00ebsi q\u00eb m\u00eb kan\u00eb pranuar. Video klipi u lan\u00e7ua me dat\u00ebn 20 mars 2021 dhe \u00ebsht\u00eb\nv\u00ebrshuar nga klikimet. Jam g\u00ebzuar shum\u00eb q\u00eb k\u00ebnga \u00ebsht\u00eb pritur shum\u00eb mir\u00eb. <\/p>\n\n\n\n<p><strong>Me\nk\u00eb keni bashk\u00ebpunuar p\u00eb realizimin e videoklipit? <\/strong><\/p>\n\n\n\n<p><strong>Labinot\nRamadani:<\/strong>\nP\u00ebr realizimin e videoklipit kam bashk\u00ebpunuar me kompanin\u00eb XL Films, me nj\u00eb\nekip t\u00eb shk\u00eblqyer, q\u00eb i falenderoj p\u00ebr pun\u00ebn profesionale. Realizimi i\nvideoklipit \u00ebsht\u00eb b\u00ebr\u00eb nj\u00eb pjes\u00eb n\u00eb natyr\u00eb n\u00eb vendlindjen time n\u00eb Rahovic\u00eb, dhe\nnj\u00eb pjes\u00eb n\u00eb ambjet t\u00eb mbyllur n\u00eb Prishtin\u00eb. <\/p>\n\n\n\n<p>Iden\u00eb\ne inspirimit t\u00eb k\u00ebng\u00ebs dhe tekstin mund ta di m\u00eb s\u00eb miri i nderuari ALBOS,\nsepse i ka b\u00ebr\u00eb t\u00eb gjitha. Mua m\u00eb \u00ebsht\u00eb propozuar ideja p\u00ebr projektin dhe e kam\npranuar. <\/p>\n\n\n\n<p><strong>Na\ntregoni pak p\u00ebr fillimet e tua n\u00eb muzik\u00eb? Kur filluat ta merrni muzik\u00ebn m\u00eb\nseriozisht si profesion? <\/strong><\/p>\n\n\n\n<p><strong>Labinot\nRamadani:<\/strong>\nVazhdimisht kam shkruar tekste k\u00ebng\u00ebsh, nd\u00ebrsa n\u00eb lidhje me muzik\u00ebn kam k\u00ebnduar\nm\u00eb her\u00ebt, q\u00eb n\u00eb mosh\u00ebn 10 vje\u00e7are. Kam k\u00ebnguar n\u00eb aktivitete shkollore gjat\u00eb\nshkoll\u00ebs s\u00eb mesme. <\/p>\n\n\n\n<p>Muzik\u00ebn\ne kam marr\u00eb seriozisht n\u00eb vitin 2019, kur kam patur nj\u00eb takim t\u00eb rastit me t\u00eb\nmadhin mbretin e muzik\u00ebs Blerim Muharremi, q\u00eb njihet n\u00eb sken\u00eb Blero. <\/p>\n\n\n\n<p>M\u00eb\nseriozisht muzik\u00ebn si profesion e mora pas projektit tim t\u00eb par\u00eb t\u00eb k\u00ebng\u00ebs\n\u201cAnila\u201d. Pash\u00eb q\u00eb u prit mir\u00eb nga publiku dhe me nj\u00eb motivim nga Blero, fillova\nt\u00eb angazhohem me seriozitet. <\/p>\n\n\n\n<p><strong>T\u00eb\ncilit zhan\u00ebr e karakterizoni muzik\u00ebn tuaj?<\/strong><\/p>\n\n\n\n<p><strong>Labinot\nRamadani:<\/strong>\nMendoj balad\u00eb moderne urbane. <\/p>\n\n\n\n<p><strong>Mund\nt\u00eb na tregoni pak m\u00eb tep\u00ebr p\u00ebr k\u00ebng\u00ebn tuaj t\u00eb par\u00eb \u201cAnila\u201d dhe inspirimi p\u00ebr\nt\u00eb?<\/strong><\/p>\n\n\n\n<p><strong>Labinot\nRamadani:<\/strong>\nEmigrova si i ri nga vendlindja. Dhe kur kuptova se po b\u00ebhem baba, ishte nj\u00eb\nndjenj\u00eb tep\u00ebr e ve\u00e7ant\u00eb, q\u00eb besoj q\u00eb mund ta kuptoj \u00e7dokush q\u00eb \u00ebsht\u00eb prind,\ndi\u00e7ka q\u00eb nuk p\u00ebrshkruhet. U g\u00ebzova shum\u00eb kur u b\u00ebra baba dhe i k\u00ebndoja her\u00eb pas\nhere vajz\u00ebs time, Anil\u00ebs. K\u00ebshtu mendova q\u00eb t\u2019ia b\u00ebj nj\u00eb k\u00ebng\u00eb dedikuese asaj.\nNdjeja nevoj\u00ebn q\u00eb t\u2019a gravoj diku k\u00ebt\u00eb emocion dhe dashuri q\u00eb ndjeva, sepse dhe\nshkruaj nga pak dhe tekstin e plot\u00ebsoja \u00e7do her\u00eb nga dashuria q\u00eb ndjeja dhe q\u00eb\nme jipte Anila. <\/p>\n\n\n\n<p><strong>Cilat\njan\u00eb disa nga projektet e tjera t\u00eb tua muzikore q\u00eb keni?<\/strong><\/p>\n\n\n\n<p><strong>Labinot\nRamadani:<\/strong>\nKam disa projekte t\u00eb bukura dhe kur t\u00eb jet\u00eb koha e p\u00ebrshtatshme do t\u2019i ndaj me\npublikun. <\/p>\n\n\n\n<p><strong>Keni\npatur sukses si aktor n\u00eb teat\u00ebr dhe film. Si kan\u00eb qen\u00eb p\u00ebrvojat n\u00eb teat\u00ebr dhe\nn\u00eb ekran p\u00ebr ju? <\/strong><\/p>\n\n\n\n<p><strong>Labinot\nRamadani:<\/strong>\nI dua t\u00eb dyja si teatrin edhe filmin dhe kam patur nj\u00eb eksperienc\u00eb shum\u00eb t\u00eb\nmir\u00eb. Kur je n\u00eb teat\u00ebr \u00ebsht\u00eb nj\u00eb emocion i ve\u00e7ant\u00eb q\u00eb e ndjen p\u00ebr momentin dhe\nnuk e kthen dot mbrapa. Nd\u00ebrsa n\u00eb film \u00ebsht\u00eb nj\u00eb adrenaline. T\u00eb dyja m\u00eb japin\nnj\u00eb emocion dhe k\u00ebnaq\u00ebsi q\u00eb rrall\u00eb. E dua aktrimin dhe e shoh veten n\u00eb bot\u00ebn e\nfilmit.<\/p>\n\n\n\n<p><strong>Cilat\nperformanca do ve\u00e7onit nga shfaqet teatrale q\u00eb ishin m\u00eb mbres\u00ebl\u00ebnse p\u00ebr ju dhe\npse?<\/strong><\/p>\n\n\n\n<p><strong>Labinot\nRamadani:<\/strong>\nPo, mund t\u00eb them q\u00eb shfaqja \u201cKu jan\u00eb\u201d me regji t\u00eb Resul Jusufit, shfaqe\nkushtuar t\u00eb zhdukurve viktimave, dhe t\u00eb gjith\u00eb atyre q\u00eb dhan\u00eb jet\u00ebn p\u00ebr liri q\u00eb\nne g\u00ebzojm\u00eb sot, tem\u00eb aktuale edhe sot. Si dhe shfaqja \u201cKur ska, a ka\u201d q\u00eb ka t\u00eb\nb\u00ebj\u00eb me izolimin si shoq\u00ebri. Dhe kjo \u00ebsht\u00eb tem\u00eb aktuale sot sepse jemi i vetmi\npopull i izoluar pa t\u00eb drejt\u00eb n\u00eb Ballkan. <\/p>\n\n\n\n<p><strong>Kush\nka qen\u00eb mentori juaj q\u00eb ju ka mb\u00ebshtetur dhe udh\u00ebzuar n\u00eb artin e aktrimit? <\/strong><\/p>\n\n\n\n<p><strong>Labinot\nRamadani:<\/strong>\nKam bashk\u00ebpunuar me regjisorin Resul Jusufi, me t\u00eb ndjerin Faruk Begoli, Milihate\n\u00c7ena, Fatmir Hyseni, etj. Me z. Resul Jusufi kam konsiderate t\u00eb madhe, e \u00e7moj\ndhe admiroj si njeri dhe artist. Resuli ka qen\u00eb rruga ime q\u00eb m\u2019i ka hapur t\u00eb\ngjitha dyert si artist. Dhe ka qen\u00eb inspirimi p\u00ebr mua dhe e falenderoj p\u00ebr\nk\u00ebt\u00eb. <\/p>\n\n\n\n<p><strong>Mund\nt\u00eb na tregoni m\u00eb tep\u00ebr p\u00ebr fillimet n\u00eb aktrim dhe<\/strong> <strong>fillimet me Teatrin\nModern \u201cPo Po\u201d n\u00eb Ferizaj? &nbsp;<\/strong><\/p>\n\n\n\n<p><strong>Labinot\nRamadani:<\/strong>\nAktrimin e kam filluar n\u00eb vitin 2000. Kemi patur disa shfaqje t\u00eb suksesshme me\nregji nga Fatmir Hyseni, si \u201cHije dhe drita\u201d, e cila ka fituar vendin e par\u00eb.\nPo ashtu dhe shfaqje \u201cFutja pa lidhje del me lidhje\u201d me regji nga Resul Jusufi,\nq\u00eb mori vendin e par\u00eb.<\/p>\n\n\n\n<p>Teatri\nmodern \u201cPo Po\u201d n\u00eb Ferizaj ka qen\u00eb i vetmi n\u00eb Kosov\u00eb n\u00eb at\u00eb koh\u00eb, si teat\u00ebr i\nmimik\u00ebs, pantomim\u00ebs dhe gjestikulacionit, me mimik\u00eb dhe gjeste pantomime dhe me\nq\u00ebndrim skenik. Nuk ka patur tjet\u00ebr p\u00ebrve\u00e7 k\u00ebtij. N\u00eb vitin 2002 bashk\u00eb me\ngrupin teatral kemi b\u00ebr\u00eb festivalin e llojit \u201ccirku i rrug\u00ebs\u201d, q\u00eb u mbajt mend\nshum\u00eb. Ky ishte karnavali i par\u00eb n\u00eb Kosov\u00eb, q\u00eb u mbajt n\u00eb t\u00eb gjitha qytetet e\nKosov\u00ebs pas lufte. <\/p>\n\n\n\n<p><strong>Ku\ne gjeni veten m\u00eb shum\u00eb midis muzik\u00ebs apo aktrimit?<\/strong><\/p>\n\n\n\n<p><strong>Labinot\nRamadani:<\/strong>\nEdhe teatri dhe muzika jan\u00eb pjese e bot\u00ebs time artistike.&nbsp; Mendoj q\u00eb e gjej veten n\u00eb t\u00eb dyja \u2013 muzika\ndhe aktrimi, edhe te dyja si artist besoj q\u00eb m\u00eb kompletojn\u00eb. &nbsp;<\/p>\n\n\n\n<p><strong>\u00c7far\u00eb\ndo t\u00eb thot\u00eb muzika p\u00ebr ju? <\/strong><\/p>\n\n\n\n<p><strong>Labinot\nRamadani:<\/strong>\nMuzika \u00ebsht\u00eb ushqimi i shpirtit, q\u00eb t\u00eb inspiron p\u00ebr gjith\u00e7ka n\u00eb jet\u00eb.<\/p>\n\n\n\n<p><strong>Projektet\ne tuaj t\u00eb rradh\u00ebse n\u00ebse mund t\u2019i ndani me lexuesit tan\u00eb?<\/strong><\/p>\n\n\n\n<p><strong>Labinot\nRamadani:<\/strong>\nBesoj projektin e radh\u00ebs do e kem nga vjeshta, detajet e tjera do jen\u00eb\nsurpriz\u00eb. <\/p>\n","protected":false},"excerpt":{"rendered":"<p>Nga E.B., Nju Jork Labinot Ramadani njihet n\u00eb sken\u00ebn artistike me emrin \u201cLab\u201d lindur n\u00eb vitin 1984 n\u00eb Rahovic\u00eb, Ferizaj t\u00eb Kosov\u00ebs. \u00cbsht\u00eb k\u00ebng\u00ebtar, aktor dhe shkruan tekse k\u00ebng\u00ebsh. Shkoll\u00ebn e mesme ekonomike e ka kryer n\u00eb Ferizaj n\u00eb 2004. Q\u00eb nga viti 2006 jeton n\u00eb Gjenev\u00eb, Zvic\u00ebr bashk\u00eb me familjen. N\u00eb f\u00ebmij\u00ebri ka patur&hellip;<\/p>\n","protected":false},"author":1,"featured_media":8925,"comment_status":"open","ping_status":"open","sticky":false,"template":"","format":"standard","meta":{"footnotes":""},"categories":[11],"tags":[],"class_list":["post-8924","post","type-post","status-publish","format-standard","has-post-thumbnail","hentry","category-publicistike"],"_links":{"self":[{"href":"https:\/\/revistakuvendi.org\/index.php?rest_route=\/wp\/v2\/posts\/8924","targetHints":{"allow":["GET"]}}],"collection":[{"href":"https:\/\/revistakuvendi.org\/index.php?rest_route=\/wp\/v2\/posts"}],"about":[{"href":"https:\/\/revistakuvendi.org\/index.php?rest_route=\/wp\/v2\/types\/post"}],"author":[{"embeddable":true,"href":"https:\/\/revistakuvendi.org\/index.php?rest_route=\/wp\/v2\/users\/1"}],"replies":[{"embeddable":true,"href":"https:\/\/revistakuvendi.org\/index.php?rest_route=%2Fwp%2Fv2%2Fcomments&post=8924"}],"version-history":[{"count":1,"href":"https:\/\/revistakuvendi.org\/index.php?rest_route=\/wp\/v2\/posts\/8924\/revisions"}],"predecessor-version":[{"id":8927,"href":"https:\/\/revistakuvendi.org\/index.php?rest_route=\/wp\/v2\/posts\/8924\/revisions\/8927"}],"wp:featuredmedia":[{"embeddable":true,"href":"https:\/\/revistakuvendi.org\/index.php?rest_route=\/wp\/v2\/media\/8925"}],"wp:attachment":[{"href":"https:\/\/revistakuvendi.org\/index.php?rest_route=%2Fwp%2Fv2%2Fmedia&parent=8924"}],"wp:term":[{"taxonomy":"category","embeddable":true,"href":"https:\/\/revistakuvendi.org\/index.php?rest_route=%2Fwp%2Fv2%2Fcategories&post=8924"},{"taxonomy":"post_tag","embeddable":true,"href":"https:\/\/revistakuvendi.org\/index.php?rest_route=%2Fwp%2Fv2%2Ftags&post=8924"}],"curies":[{"name":"wp","href":"https:\/\/api.w.org\/{rel}","templated":true}]}}