{"id":8832,"date":"2021-01-29T15:19:04","date_gmt":"2021-01-29T15:19:04","guid":{"rendered":"http:\/\/revistakuvendi.org\/?p=8832"},"modified":"2021-01-29T15:19:04","modified_gmt":"2021-01-29T15:19:04","slug":"rrugetimi-i-suksesit-i-jeton-kadriut-dj-dark-child","status":"publish","type":"post","link":"https:\/\/revistakuvendi.org\/?p=8832","title":{"rendered":"Rrug\u00ebtimi i suksesit i Jeton Kadriut \u201cDJ Dark Child\u201d"},"content":{"rendered":"\n<figure class=\"wp-block-image\"><img loading=\"lazy\" decoding=\"async\" width=\"156\" height=\"160\" src=\"http:\/\/revistakuvendi.org\/wp-content\/uploads\/2021\/01\/eri..jpg\" alt=\"\" class=\"wp-image-8833\" srcset=\"https:\/\/revistakuvendi.org\/wp-content\/uploads\/2021\/01\/eri..jpg 156w, https:\/\/revistakuvendi.org\/wp-content\/uploads\/2021\/01\/eri.-50x50.jpg 50w\" sizes=\"auto, (max-width: 156px) 100vw, 156px\" \/><\/figure>\n\n\n\n<p><em>Nga Ermira\nB., Nju Jork<\/em><\/p>\n\n\n\n<p>DJ i mir\u00ebnjohur shqiptar Jeton Kadriu n\u00eb profesionin e tij njihet me emrin \u201cDJ Dark Child\u201d. Ai ka patur shum\u00eb sukses si n\u00eb bashk\u00ebpunime me artist\u00eb shqiptar\u00eb dhe bot\u00ebror\u00eb me renome, por edhe n\u00eb k\u00ebng\u00ebt e punuara s\u00eb fundmi n\u00eb t\u00eb gjitha platformat muzikore. <\/p>\n\n\n\n<figure class=\"wp-block-image\"><img loading=\"lazy\" decoding=\"async\" width=\"110\" height=\"160\" src=\"http:\/\/revistakuvendi.org\/wp-content\/uploads\/2021\/01\/babamusta5.png\" alt=\"\" class=\"wp-image-8834\"\/><\/figure>\n\n\n\n<p>Lindur n\u00eb\nvitin 1991 n\u00eb Gostivar, Maqedonia Veriore, me prind\u00ebr Naser (baterist) dhe Nevrije,\nJetoni u shp\u00ebrngul n\u00eb Zvic\u00ebr n\u00eb vitin 2016, ku jeton edhe sot. Shkollimin e lart\u00eb\ne ka kryer n\u00eb Universitetin Shtet\u00ebror t\u00eb Tetov\u00ebs, dega \u201cGjuha Angleze dhe\nLet\u00ebrsi\u201d (2016).<\/p>\n\n\n\n<p>Jeton\nKadriu, q\u00eb n\u00eb mosh\u00ebn 10-vje\u00e7are \u00ebsht\u00eb marr\u00eb me sportin e futobllit deri n\u00eb\nmosh\u00ebn 19-vje\u00e7are. Ka luajtur n\u00eb t\u00eb gjitha grupmoshat e KF Gostivarit, por pas\nl\u00ebndimit n\u00eb kurriz e kishte t\u00eb pamundur t\u00eb vazhdonte karrier\u00ebn n\u00eb k\u00ebt\u00eb fush\u00eb si\nprofesionist. <\/p>\n\n\n\n<p>Karrier\u00ebn\nsi DJ Jeton Kadriu (DJ Dark Child) e nisi n\u00eb fund t\u00eb vitit 2008. Sot DJ Dark\nChild \u00ebsht\u00eb nj\u00eb nga DJ-t m\u00eb t\u00eb k\u00ebrkuar, qoft\u00eb n\u00eb festivale, koncerte apo turne.\nKa luajtur krah artist\u00ebve bot\u00ebror si Tyga, The Game, Lloyd Banks, G4SHI, Migos,\nWiz Khalifa, Lil Jon, etj. Nga bashk\u00ebpunimet me artist\u00ebt shqiptar, Jeton Kadriu\nnjihet p\u00ebr bashk\u00ebpunimin me k\u00ebng\u00ebtarin e mir\u00ebnjohur, Butrint Imeri, me t\u00eb cilin\nka realizuar turne n\u00eb Kosov\u00eb, Shqip\u00ebri, Mal t\u00eb Zi, Maqedoni dhe Europ\u00eb. <\/p>\n\n\n\n<p>Si DJ resident\nn\u00eb klubin m\u00eb t\u00eb famsh\u00ebm n\u00eb Europ\u00eb, \u201cRinora4\u201d, Jeton Kadriu ka pushtuar skenat e\nmuzik\u00ebs dhe zemr\u00ebn e mij\u00ebra adhuruesve. Fama e tij ka b\u00ebr\u00eb jehon\u00eb n\u00eb klubet e\nmuzik\u00ebs n\u00eb Gjermani, Austri, Turqi, Zvic\u00ebr, Maqedoni, Kosov\u00eb, Itali, etj. <\/p>\n\n\n\n<p><strong>Intervista\nme Jeton Kadriun: T\u00eb jesh DJ \u00ebsht\u00eb art n\u00eb\nvete<\/strong><\/p>\n\n\n\n<p><strong>Babai juaj\nZ. Naser Kadriu ka qen\u00eb baterist, q\u00eb e keni luajtur dhe ju si f\u00ebmij\u00eb. \u00c7far\u00eb\nkujtimesh t\u00eb bukura ke nga f\u00ebmij\u00ebria me babin, dhe muzik\u00ebn?<\/strong><\/p>\n\n\n\n<p><strong>Jeton\nKadriu:<\/strong> Babai im Naseri \u00ebsht\u00eb nj\u00eb nd\u00ebr\nbaterist\u00ebt m\u00eb t\u00eb vjet\u00ebr t\u00eb qytetit ton\u00eb, ndoshta me nj\u00eb karrier\u00eb diku 30 vite.\nKa di\u00e7ka interesante q\u00eb sot e k\u00ebsaj dite them si nuk ka p\u00ebrtuar sa her\u00eb q\u00eb un\u00eb\nkam dashur t\u00eb luaj n\u00eb bateri gjithmon\u00eb i ka pru nga vendi i pun\u00ebs, i ka montuar\ndhe \u00e7montuar p\u00ebr mua. Gj\u00eb q\u00eb k\u00ebrkon shum\u00eb pun\u00eb dhe sjell lodhje fizike. Nuk e\ndi p\u00ebr vete a do e kisha b\u00ebr\u00eb k\u00ebt\u00eb p\u00ebr f\u00ebmij\u00ebn tim. Kam luajtur bateri ndoshta q\u00eb\nprej mosh\u00ebs 7 vje\u00e7are. Sepse at\u00ebher\u00eb kam pasur edhe fuqin\u00eb t\u2019i \u00e7oj vet\u00eb dhe t\u2019i\nmontoj vet\u00eb (qesh). <\/p>\n\n\n\n<p><strong>\u00c7far\u00eb mund\nt\u00eb na thuash p\u00ebr qytetin e lindjes, Gostivarin? Kur ishte vizita juaj e fundit\nn\u00eb vendlindje?<\/strong><\/p>\n\n\n\n<p><strong>Jeton\nKadriu:<\/strong> Qyteti i Gostivarit \u00ebsht\u00eb nj\u00eb qytet\ni vog\u00ebl, i bukur, jo se ka shum\u00eb gj\u00ebra p\u00ebr t\u00eb b\u00ebr\u00eb po \u00e7ka do q\u00eb t\u00eb b\u00ebsh do t\u00eb\nishte k\u00ebnaq\u00ebsi. Ndonj\u00ebher\u00eb kur rri mendoj ose shoh foto t\u00eb vjetra m\u00eb kujtohet\ndhe ndonj\u00ebher\u00eb m\u00eb mungon, sidomos familja q\u00eb jetojn\u00eb atje pastaj dhe shoq\u00ebrija\ne f\u00ebmij\u00ebris\u00eb q\u00eb disa kan\u00eb ngelur atje dhe nuk kan\u00eb emigruar jasht\u00eb si un\u00eb. Hera\ne fundit kur vizitova Gostivarin ishte n\u00eb ver\u00ebn e 2020-\u00ebs. Po nuk ishte ai\nlezeti si\u00e7 jam m\u00ebsuar me at\u00eb vend, shkaktar ishte pandemija dhe shkaku i\nkufizimeve q\u00eb i kemi patur.<\/p>\n\n\n\n<p><strong>P\u00ebrshtypjet\ne para kur l\u00ebviz\u00ebt n\u00eb Zvic\u00ebr. \u00c7far\u00eb mund t\u00eb na tregosh p\u00ebr kultur\u00ebn dhe\nambjetimin tuaj me jet\u00ebn atje?<\/strong><\/p>\n\n\n\n<p><strong>Jeton\nKadriu:<\/strong> Para se t\u00eb shkoja t\u00eb jetoja n\u00eb\nZvic\u00ebr, kam qen\u00eb dy her\u00eb m\u00eb par\u00eb si turist, dhe m\u00eb ka p\u00eblqyer jasht\u00eb mase si\u00e7 e\nkam gjetur veten n\u00eb at\u00eb vend. E adhuroj sepse ka rend jete, \u00e7do gj\u00eb \u00ebsht\u00eb n\u00eb\nrregull dhe n\u00eb vendin e vet pa marr\u00eb parasysh se p\u00ebr \u00e7ka b\u00ebhet fjal\u00eb. Un\u00eb l\u00ebviza\nn\u00eb Zvic\u00ebr n\u00eb vitin 2016-t\u00eb, ishte fundi i ver\u00ebs n\u00eb gusht. <\/p>\n\n\n\n<p>Besoj\nsecili q\u00eb e len nj\u00eb vend p\u00ebr t\u00eb shkuar diku tjet\u00ebr fillon nga zero dhe \u00ebsht\u00eb\nshum\u00eb e v\u00ebshtir\u00eb fillimisht ambjentimi. Mir\u00ebpo un\u00eb kam pasur shum\u00eb shok\u00eb q\u00eb i\nkam njohur dhe nuk jam ndjer\u00eb shum\u00eb i vetmuar. Me kalimin e koh\u00ebs ata miq u b\u00ebn\u00eb\nfamilje p\u00ebr mua, meq\u00eb familja ime \u00ebsht\u00eb n\u00eb Gostivar. B\u00ebhet fjal\u00eb p\u00ebr Ilberin,\nKujtimin, Jonnyn, etj, etj, q\u00eb m\u00eb kan\u00eb ftuar edhe n\u00eb sht\u00ebpit\u00eb e veta shum\u00eb her\u00eb\np\u00ebr drek\u00eb, p\u00ebr dark\u00eb, p\u00ebr grill. <\/p>\n\n\n\n<p>Tashme\njetoj n\u00eb Zyrih (Z\u00fcrich), qytet i cili gjithmon\u00eb \u00ebsht\u00eb \u201ci gjall\u00eb\u201d dhe asnj\u00ebher\u00eb \u201ci\nvdekur\u201d. Them k\u00ebshtu pasi q\u00eb nuk t\u00eb b\u00ebhet bajat asgj\u00eb sepse ka shum\u00eb gj\u00ebra p\u00ebr\nt\u00eb par\u00eb dhe p\u00ebr t\u00eb b\u00ebr\u00eb. Jam me fat q\u00eb kam nj\u00eb rreth shum\u00eb t\u00eb mir\u00eb, dhe jam\nambijentuar shum\u00eb shpejt. Jam pranuar ashtu si\u00e7 do doja un\u00eb, t\u00eb m\u00eb pranojn\u00eb ky\nq\u00eb jam. Vlen t\u00eb theksohet q\u00eb rrethi shoq\u00ebror t\u00eb b\u00ebn edhe njeri m\u00eb t\u00eb mir\u00eb, m\u00eb t\u00eb\nintegruar e ashtu e kam edhe un\u00eb fal\u00eb Zotit. Ju jam mir\u00ebnjoh\u00ebs Lilit, DJ Kont,\nHabibit, Shabit, Metit, etj, etj, q\u00eb jan\u00eb si nj\u00eb familje p\u00ebr mua. <\/p>\n\n\n\n<p>Tjet\u00ebr \u00e7ka\nm\u00eb p\u00eblqen n\u00eb Zyrih \u00ebsht\u00eb se aspak nuk mungon profesioni im &#8211; muzika. Ka shum\u00eb\nhap\u00ebsira p\u00ebr t\u00eb punuar, p\u00ebr t\u2019u promovuar, per tu rritur gradualisht si artist.\nFlas sepse vet\u00eb m\u2019u ka dh\u00ebn\u00eb mund\u00ebsia n\u00ebp\u00ebr shum\u00eb vende t\u00eb performoj n\u00eb Zyrih\ndhe jasht\u00eb tij.<\/p>\n\n\n\n<p><strong>Si e\nkujtoni fillimin e pun\u00ebs tuaj si Dj?<\/strong><\/p>\n\n\n\n<p><strong>Jeton\nKadriu:<\/strong> Kam filluar t\u00eb m\u00ebsoj nj\u00ebher\u00eb se si\nshkon kjo gj\u00eb, diku nga viti 2008-t\u00eb pa ndihm\u00ebn e asnj\u00ebrit sepse nuk m\u00eb ka\nndihmuar asnj\u00eb DJ n\u00eb fillim. T\u00eb gjith\u00eb m\u00eb kan\u00eb anashkaluar, m\u00eb kan\u00eb l\u00ebn\u00eb \u201cout\nof the game\u201d (jasht\u00eb loje). Pastaj dikur m\u2019u ka dh\u00ebn\u00eb hap\u00ebsira t\u00eb luaj n\u00eb real klub,\nka qen\u00eb n\u00eb vitin 2010-t\u00eb n\u00eb Intermezzo Club n\u00eb qytetin tim. Pastaj pas disa\nvite kam pasur suport nga DJ lokal, q\u00eb sot e k\u00ebsaj dite i falemenderoj,\np\u00ebrkat\u00ebsisht Fecky Farris dhe DJ Dark Beat (ky i fundit m\u00eb ka v\u00ebn\u00eb edhe emrin\nDark Child). Prej 2010-t\u00ebs jam aktiv deri sot,&nbsp;<a href=\"http:\/\/d.m.th\/\" target=\"_blank\" rel=\"noreferrer noopener\">d.m.th<\/a>.&nbsp;kam filluar t\u00eb merm\nprofesionalisht, dhe i jam kushtuar maksimalisht muzik\u00ebs dhe karrier\u00ebs. Pastaj vitet\ndhe karriera tregojn\u00eb vet\u00eb se kush jam, ku jam, \u00e7ka kam l\u00ebn\u00eb pas.<\/p>\n\n\n\n<p><strong>Puna e DJ \u00ebsht\u00eb art. Sipas jush \u00e7far\u00eb e b\u00ebn nj\u00eb DJ t\u00eb suksessh\u00ebm?<\/strong><br>\n<br>\n<\/p>\n\n\n\n<p><strong>Jeton\nKadriu:<\/strong> Kam\nth\u00ebn\u00eb gjithmon\u00eb q\u00eb t\u00eb jesh\nDJ \u00ebsht\u00eb art n\u00eb\nvete, njejt\u00eb si nj\u00eb\npiktor, skulptor, apo aktor. Ajo q\u00eb t\u00eb b\u00ebn t\u00eb suksessh\u00ebm\n\u00ebsht\u00eb t\u00eb jesh ky q\u00eb je n\u00eb\nfillim, pa dalur nga vetja q\u00eb t\u2019ju\ndukesh interesant t\u00eb tjer\u00ebve, apo t\u00eb\ndal\u00ebsh gjoja m\u00eb i miri. Ky q\u00ebndrim do ishte gabim. Pastaj p\u00ebrve\u00e7 k\u00ebsaj\nka edhe shum\u00eb sende t\u00eb tjera, sepse rruga e suksesit nuk kalohet sot p\u00ebr nes\u00ebr.\nMund t\u00eb theksoj q\u00eb vijon p\u00ebrkushtimi,\nvullneti p\u00ebr pun\u00eb, lufta kund\u00ebr atyre q\u00eb dojn\u00eb t\u00eb t\u00eb \u201cshkelin\u201d dhe m\u00eb e r\u00ebnd\u00ebsishmja q\u00eb\nmendoj un\u00eb \u00ebsht\u00eb se\nn\u00ebse e b\u00ebn at\u00eb q\u00eb e don dhe e b\u00ebn me pasion e shum\u00eb dashuri,\npatjet\u00ebr q\u00eb suksesi do t\u00eb vij\u00eb, her\u00ebt apo von\u00eb!<\/p>\n\n\n\n<p><strong>Rinora 4<\/strong>&nbsp;<strong>\u00ebsht\u00eb klubi m\u00eb i famsh\u00ebm n\u00eb\nEurop\u00eb. Si ka qen\u00eb eksperienca juaj n\u00eb k\u00ebt\u00eb klub si DJ?&nbsp;<\/strong><\/p>\n\n\n\n<p><strong>Jeton\nKadriu:<\/strong> Ka di\u00e7ka interesante, kur kam qen\u00eb\nn\u00eb fillimet e karrier\u00ebs me shokun tim t\u00eb ngusht\u00eb Lefin e kemi ndjekur Rinor\u00ebn\ndhe gjithmon\u00eb i kam th\u00ebn\u00eb, \u201cah sikur vet\u00ebm nj\u00eb her\u00eb t\u00eb b\u00ebj muzik\u00eb k\u00ebtu, t\u00eb kem\nnj\u00eb foto, nj\u00eb video\u201d. Gjithmon\u00eb m\u00eb ka p\u00eblqyer ky vend pa ditur se nj\u00eb dit\u00eb do t\u00eb\njet\u00eb residenca ime. Kush do ma kishte th\u00ebn\u00eb k\u00ebt\u00eb n\u00eb ate koh\u00eb do i thoja ke lujt\nmendsh ti (qesh). Po ja sot ja dola mban\u00eb. P\u00ebr mua \u00ebsht\u00eb privilegj t\u00eb jem pjes\u00eb\ne familjes Rinora4 q\u00eb padyshim \u00ebnd\u00ebrr e \u00e7do artisti apo DJ \u00ebsht\u00eb t\u00eb performoj\u00eb\naty. Dhe \u00e7do shqiptar\/e q\u00eb jeton n\u00eb diaspor\u00eb nj\u00eb her\u00eb n\u00eb jete ka qejf q\u00eb t\u00eb vij\u00eb\naty, kush t\u00eb thot\u00eb jo dihet q\u00eb rren (qesh). <\/p>\n\n\n\n<p><strong>Cilat jan\u00eb\ndisa nga vendet qe keni udh\u00ebtuar gjat\u00eb turneve t\u00eb muzik\u00ebs?<\/strong><\/p>\n\n\n\n<p><strong>Jeton\nKadriu:<\/strong> P\u00ebrve\u00e7 \u00e7do qyteti n\u00eb Maqedoni dhe\nKosov\u00eb, gjithashtu kam performuar edhe n\u00eb Shqip\u00ebri, Serbi, Turqi, Gjermani,\nAustri, Zvicer, dhe Itali.<\/p>\n\n\n\n<p><strong>Si ka qene\np\u00ebrvoja juaj krah yjeve bot\u00ebtore?<\/strong><\/p>\n\n\n\n<p><br>\n<strong>Jeton Kadriu:<\/strong> P\u00ebrve\u00e7 G4SHI edhe Wizz Khalifa-s vlen t\u00eb theksohet se me \u00e7do\nyll i famsh\u00ebm bot\u00ebror kam performuar n\u00eb Lion Club, q\u00eb ka qen\u00eb rezidenca ime n\u00eb\nLuzern. Aty kam pasur nderin q\u00eb ta ndaj sken\u00ebn me artist\u00ebt qe deri dikur vetem\ni kam luajtur dhe kurr\u00eb nuk e kam menduar q\u00eb do luaj n\u00eb t\u00eb nj\u00ebjt\u00ebn sken\u00eb me\nata. E kam kuptuar pastaj se sa \u201cchill\u201d njer\u00ebz jan\u00eb, se sa jan\u00eb me k\u00ebmb\u00eb n\u00eb tok\u00eb,\ne kam kuptuar q\u00eb s\u2019jan\u00eb ashtu t\u00eb papreksh\u00ebm si\u00e7 e paramendojm\u00eb ne. Kan\u00eb qen\u00eb t\u00eb\nhapur p\u00ebr bisedim, jo q\u00eb kam folur me t\u00eb gjith\u00eb, po me ata qe kam patur mund\u00ebsin\u00eb\nt\u00eb kem nj\u00eb bised\u00eb normale. Nd\u00ebrsa m\u00eb von\u00eb e kam kuptuar n\u00eb fund t\u00eb fundit\nmuzika na bashkon, s\u2019ka lidhje q\u00eb ai \u00ebsht\u00eb artist bot\u00ebror, e kupton bot\u00ebn\nartistike t\u00eb personit tjet\u00ebr.<\/p>\n\n\n\n<p><strong>Cilin\nbashk\u00ebpunim do ve\u00e7onit n\u00eb bashk\u00ebpunimet e tua me artist\u00ebt shqiptar\u00eb?<\/strong><\/p>\n\n\n\n<p><strong>Jeton\nKadriu:<\/strong> Un\u00eb kam kontakt dhe shoq\u00ebri t\u00eb mir\u00eb\ngati me \u00e7do artist shqiptar, edhe pse nuk kam punuar me t\u00eb gjith\u00eb, p\u00ebrve\u00e7\nButrint Imerit me t\u00eb cilin kam kaluar shum\u00eb mir\u00eb duke qen\u00eb tour DJ i tij p\u00ebr 2\nvite.<\/p>\n\n\n\n<p><strong>Planet\ntuaja p\u00ebr vitin 2021? Ku do ju gjeja vera e k\u00ebtij viti?&nbsp;<\/strong><\/p>\n\n\n\n<p><strong>Jeton\nKadriu:<\/strong> Ne fillim dua t\u00eb vazhdoj k\u00ebt\u00eb q\u00eb\njam duke b\u00ebr\u00eb, DJ dhe remix-a t\u00eb k\u00ebngeve anglisht dhe shqip. Po m\u00eb vone kam\nplan t\u00eb lansoj projekte t\u00eb mia personale, me bashkpunime gjithashtu. Vera do m\u00eb\ngjej\u00eb me siguri n\u00eb Diamonds Club n\u00eb Ferizaj, q\u00eb nj\u00ebkoh\u00ebsisht \u00ebsht\u00eb nd\u00ebr klubet\nm\u00eb t\u00eb mira n\u00eb Kosov\u00eb.<\/p>\n","protected":false},"excerpt":{"rendered":"<p>Nga Ermira B., Nju Jork DJ i mir\u00ebnjohur shqiptar Jeton Kadriu n\u00eb profesionin e tij njihet me emrin \u201cDJ Dark Child\u201d. Ai ka patur shum\u00eb sukses si n\u00eb bashk\u00ebpunime me artist\u00eb shqiptar\u00eb dhe bot\u00ebror\u00eb me renome, por edhe n\u00eb k\u00ebng\u00ebt e punuara s\u00eb fundmi n\u00eb t\u00eb gjitha platformat muzikore. Lindur n\u00eb vitin 1991 n\u00eb Gostivar,&hellip;<\/p>\n","protected":false},"author":1,"featured_media":8834,"comment_status":"open","ping_status":"open","sticky":false,"template":"","format":"standard","meta":{"footnotes":""},"categories":[11],"tags":[],"class_list":["post-8832","post","type-post","status-publish","format-standard","has-post-thumbnail","hentry","category-publicistike"],"_links":{"self":[{"href":"https:\/\/revistakuvendi.org\/index.php?rest_route=\/wp\/v2\/posts\/8832","targetHints":{"allow":["GET"]}}],"collection":[{"href":"https:\/\/revistakuvendi.org\/index.php?rest_route=\/wp\/v2\/posts"}],"about":[{"href":"https:\/\/revistakuvendi.org\/index.php?rest_route=\/wp\/v2\/types\/post"}],"author":[{"embeddable":true,"href":"https:\/\/revistakuvendi.org\/index.php?rest_route=\/wp\/v2\/users\/1"}],"replies":[{"embeddable":true,"href":"https:\/\/revistakuvendi.org\/index.php?rest_route=%2Fwp%2Fv2%2Fcomments&post=8832"}],"version-history":[{"count":1,"href":"https:\/\/revistakuvendi.org\/index.php?rest_route=\/wp\/v2\/posts\/8832\/revisions"}],"predecessor-version":[{"id":8835,"href":"https:\/\/revistakuvendi.org\/index.php?rest_route=\/wp\/v2\/posts\/8832\/revisions\/8835"}],"wp:featuredmedia":[{"embeddable":true,"href":"https:\/\/revistakuvendi.org\/index.php?rest_route=\/wp\/v2\/media\/8834"}],"wp:attachment":[{"href":"https:\/\/revistakuvendi.org\/index.php?rest_route=%2Fwp%2Fv2%2Fmedia&parent=8832"}],"wp:term":[{"taxonomy":"category","embeddable":true,"href":"https:\/\/revistakuvendi.org\/index.php?rest_route=%2Fwp%2Fv2%2Fcategories&post=8832"},{"taxonomy":"post_tag","embeddable":true,"href":"https:\/\/revistakuvendi.org\/index.php?rest_route=%2Fwp%2Fv2%2Ftags&post=8832"}],"curies":[{"name":"wp","href":"https:\/\/api.w.org\/{rel}","templated":true}]}}